{"id":17075,"date":"2020-01-09T10:09:25","date_gmt":"2020-01-09T09:09:25","guid":{"rendered":"https:\/\/www.vdsm.net\/wronline\/?p=17075"},"modified":"2020-01-09T10:09:25","modified_gmt":"2020-01-09T09:09:25","slug":"vereinbarkeit-von-pflege-und-beruf-im-fokus","status":"publish","type":"post","link":"https:\/\/www.vdsm.net\/wronline\/vereinbarkeit-von-pflege-und-beruf-im-fokus\/","title":{"rendered":"Vereinbarkeit von Pflege und Beruf im Fokus"},"content":{"rendered":"<p style=\"font-weight: 400;\">Ein pl\u00f6tzlich eintretender Pflegefall in der Familie ist f\u00fcr viele Besch\u00e4ftigte eine gro\u00dfe Herausforderung. Wie k\u00f6nnen kleine und mittlere Unternehmen ihre Besch\u00e4ftigten in einer solchen Pflegesituation unterst\u00fctzen? Um diese Frage geht es in der Veranstaltung \u201eVorbildlich vorangehen \u2013 Vereinbarkeit von Pflege und Beruf im Fokus\u201c, die am Dienstag, 4. Februar 2020, von 10:00 bis 12:00 Uhr im Kulturhaus L\u00ffz, St.-Johann-Str. 18, Raum 204 in Siegen stattfindet. Mitarbeiter von kleinen und mittelst\u00e4ndischen Unternehmen erhalten einen \u00dcberblick \u00fcber die gesetzlichen M\u00f6glichkeiten zur Unterst\u00fctzung von Besch\u00e4ftigten, die Angeh\u00f6rige oder Familienmitglieder pflegen.<\/p>\n<p style=\"font-weight: 400;\">Veranstalter des Tages ist das Kompetenzzentrum Frau &amp; Beruf\u00a0Siegen-Wittgenstein\/Olpe, das von verschiedenen externen Referenten unterst\u00fctzt wird. Mit dabei sind u.a. die Diakonie S\u00fcdwestfalen zum Thema \u201eIntegriertes Gesundheits- und Sozialmanagement (iGuS)\u201c und der Caritasverband f\u00fcr den Kreis Olpe e.V., mit dem Thema \u201eCaritas Unternehmensservice S\u00fcdwestfalen\u201c. Die Veranstaltung wird durch Mittel des Landes NRW und des europ\u00e4ischen Fonds f\u00fcr regionale Entwicklung gef\u00f6rdert.<\/p>\n<p style=\"font-weight: 400;\">Anmeldungen f\u00fcr die kostenlose Veranstaltung werden von Melanie Schreier (Tel.: 0271 333 1171, E-Mail:\u00a0<a href=\"mailto:me.schreier@siegen-wittgenstein.de\">me.schreier@siegen-wittgenstein.de<\/a>) bis Donnerstag, 30. Januar, entgegengenommen.<\/p>\n","protected":false},"excerpt":{"rendered":"<p>Ein pl\u00f6tzlich eintretender Pflegefall in der Familie ist f\u00fcr viele Besch\u00e4ftigte eine gro\u00dfe Herausforderung. Wie k\u00f6nnen kleine und mittlere Unternehmen ihre Besch\u00e4ftigten in einer solchen&#8230;<\/p>\n","protected":false},"author":2,"featured_media":17076,"comment_status":"open","ping_status":"open","sticky":false,"template":"","format":"standard","meta":{"_jetpack_memberships_contains_paid_content":false,"footnotes":""},"categories":[32,30],"tags":[],"class_list":["post-17075","post","type-post","status-publish","format-standard","has-post-thumbnail","hentry","category-infos","category-vermischtes"],"jetpack_featured_media_url":"https:\/\/www.vdsm.net\/wronline\/wp-content\/uploads\/2020\/01\/hands-2906458_1920.jpg","jetpack_sharing_enabled":true,"_links":{"self":[{"href":"https:\/\/www.vdsm.net\/wronline\/wp-json\/wp\/v2\/posts\/17075","targetHints":{"allow":["GET"]}}],"collection":[{"href":"https:\/\/www.vdsm.net\/wronline\/wp-json\/wp\/v2\/posts"}],"about":[{"href":"https:\/\/www.vdsm.net\/wronline\/wp-json\/wp\/v2\/types\/post"}],"author":[{"embeddable":true,"href":"https:\/\/www.vdsm.net\/wronline\/wp-json\/wp\/v2\/users\/2"}],"replies":[{"embeddable":true,"href":"https:\/\/www.vdsm.net\/wronline\/wp-json\/wp\/v2\/comments?post=17075"}],"version-history":[{"count":1,"href":"https:\/\/www.vdsm.net\/wronline\/wp-json\/wp\/v2\/posts\/17075\/revisions"}],"predecessor-version":[{"id":17077,"href":"https:\/\/www.vdsm.net\/wronline\/wp-json\/wp\/v2\/posts\/17075\/revisions\/17077"}],"wp:featuredmedia":[{"embeddable":true,"href":"https:\/\/www.vdsm.net\/wronline\/wp-json\/wp\/v2\/media\/17076"}],"wp:attachment":[{"href":"https:\/\/www.vdsm.net\/wronline\/wp-json\/wp\/v2\/media?parent=17075"}],"wp:term":[{"taxonomy":"category","embeddable":true,"href":"https:\/\/www.vdsm.net\/wronline\/wp-json\/wp\/v2\/categories?post=17075"},{"taxonomy":"post_tag","embeddable":true,"href":"https:\/\/www.vdsm.net\/wronline\/wp-json\/wp\/v2\/tags?post=17075"}],"curies":[{"name":"wp","href":"https:\/\/api.w.org\/{rel}","templated":true}]}}