{"id":1707,"date":"2013-10-30T10:28:19","date_gmt":"2013-10-30T09:28:19","guid":{"rendered":"http:\/\/www.vdsm.net\/wronline\/?p=1707"},"modified":"2013-10-30T10:28:19","modified_gmt":"2013-10-30T09:28:19","slug":"goldener-herbst-bringt-moderate-entspannung-am-arbeitsmarkt","status":"publish","type":"post","link":"https:\/\/www.vdsm.net\/wronline\/goldener-herbst-bringt-moderate-entspannung-am-arbeitsmarkt\/","title":{"rendered":"Goldener Herbst bringt moderate Entspannung am Arbeitsmarkt"},"content":{"rendered":"<div id=\"attachment_1154\" style=\"width: 310px\" class=\"wp-caption alignleft\"><a href=\"http:\/\/www.vdsm.net\/wronline\/wp-content\/uploads\/2013\/01\/003_AA_Siegen_Dr.Bettina_Wolf_klein.jpg\"><img loading=\"lazy\" decoding=\"async\" aria-describedby=\"caption-attachment-1154\" class=\"size-medium wp-image-1154\" alt=\"Dr. Bettina Wolf, Vorsitzende der Gesch\u00e4ftsf\u00fchrung der Agentur f\u00fcr Arbeit Siegen.\" src=\"http:\/\/www.vdsm.net\/wronline\/wp-content\/uploads\/2013\/01\/003_AA_Siegen_Dr.Bettina_Wolf_klein-300x178.jpg\" width=\"300\" height=\"178\" srcset=\"https:\/\/www.vdsm.net\/wronline\/wp-content\/uploads\/2013\/01\/003_AA_Siegen_Dr.Bettina_Wolf_klein-300x178.jpg 300w, https:\/\/www.vdsm.net\/wronline\/wp-content\/uploads\/2013\/01\/003_AA_Siegen_Dr.Bettina_Wolf_klein.jpg 600w\" sizes=\"auto, (max-width: 300px) 100vw, 300px\" \/><\/a><p id=\"caption-attachment-1154\" class=\"wp-caption-text\">Dr. Bettina Wolf, Vorsitzende der Gesch\u00e4ftsf\u00fchrung der Agentur f\u00fcr Arbeit Siegen.<\/p><\/div>\n<p>Mit dem Oktober erf\u00e4hrt der Arbeitsmarkt nun im zweiten Monat in Folge leichte Entspannung. Aktuell suchen 12.180 Personen eine neue Besch\u00e4ftigung, 0,5 Prozent (-57 Personen) weniger als im September. Dr. Bettina Wolf, Vorsitzende der Gesch\u00e4ftsf\u00fchrung der Agentur f\u00fcr Arbeit Siegen fasst die Situation am heimischen Arbeitsmarkt zusammen: \u201eNach dem Anstieg der Arbeitslosigkeit in den Sommermonaten bringt der Goldene Herbst nun die notwendige, allerdings moderate, Entspannung. Insbesondere die jungen Damen und Herren unter 25 Jahren, die sich \u00fcbergangsweise in den Sommermonaten arbeitslos gemeldet haben, konnten sich vielfach aufgrund einer passenden Anschlussbesch\u00e4ftigung aus der Arbeitslosigkeit abmelden. Der hohe Bestand an offenen Stellen zeigt dabei mit 1.770 offenen Stellen den Fachkr\u00e4ftebedarf der heimischen Wirtschaft und sollte gut qualifizierten und mobilen Besch\u00e4ftigungssuchenden Mut machen.\u201c<\/p>\n<p>Im Vergleich zum Vorjahr sind derzeit 1.076 Erwerbslose mehr gemeldet. Die Arbeitslosenquote (AQ) steigt damit um 0,4 Punkte auf 5,3 Prozent, wohingegen sie September dieses Jahres auf stabilem Niveau um 0,1 Prozentpunkte r\u00fcckl\u00e4ufig ist. \u00c4hnlich stabil ist auch die Entwicklung der Arbeitslosenquote in den einzelnen Gesch\u00e4ftsstellen: Im Vergleich zum September ist die Arbeitslosenquote in der Hauptagentur Siegen um 0,1 Prozent r\u00fcckl\u00e4ufig, w\u00e4hrend sie in den \u00a0Gesch\u00e4ftsstellen Bad Berleburg, Burbach und Olpe unver\u00e4ndert bleibt.<\/p>\n<p>Trotz stabilem Niveau entspannt sich der heimische Arbeitsmarkt nur leicht. Bei der Personengruppe der \u00fcber 50-J\u00e4hrigen (311 Personen), aber auch bei ausl\u00e4ndischen Menschen (295 Personen) ergibt sich im Vergleich zum Vorjahresmonat jeweils eine Zunahme der Arbeitslosenzahl.<\/p>\n<p>Die Zahl der arbeitslosen Jugendlichen und jungen Erwachsenen unter 25 Jahren ist im Vormonatsvergleich erneut gesunken. Im Vorjahresvergleich stellt dies jedoch einen Anstieg um 9,4 Prozent (122 Personen) dar. \u201eWir haben ein stabiles Jahr und eine moderat positive Arbeitsmarktentwicklung. Gro\u00dfe Spr\u00fcnge bleiben leider aus. W\u00e4hrend es einigen Arbeitgebern besser nicht gehen k\u00f6nnte, fahren andere absolut gedrosseltes Tempo. Daher disponieren die heimischen Arbeitgeber teilweise nicht so stark wie in den vergangenen Jahren. Neueinstellungen werden mit Blick auf den demografischen Faktor dennoch getroffen und der hohe Stellenbestand spiegelt allen mobilen und qualifizierten Besch\u00e4ftigungssuchenden die bestehenden Chancen am Arbeitsmarkt. Trotz leicht gedrosseltem Wirtschaftstempo wissen die Unternehmen unserer Region, dass sie nur mit gutem Personal auch in der Zukunft wettbewerbsf\u00e4hig sein k\u00f6nnen\u201c, fasst Dr. Bettina Wolf die Situation aus Arbeitgebersicht zusammen.<\/p>\n<p>Seit Beginn des Jahres 2013 konnte der Arbeitgeber-Service der Agentur f\u00fcr Arbeit Siegen insgesamt 6.799 Arbeitsstellen von den heimischen Unternehmen akquirieren. Insgesamt sind derzeit noch 1.770 Arbeitsstellen unbesetzt, wovon 1.711 Stellen als sozialversicherungspflichtig ausgeschrieben wurden. Im Vergleich zum Vorjahresmonat ist ein R\u00fcckgang der noch zu besetzenden Stellen um 23,2 Prozent zu erkennen.<\/p>\n<p>Im Kreis Siegen-Wittgenstein sinkt die Arbeitslosenzahl im Vormonatsvergleich um 0,5 Prozent (44 Personen). Derzeit sind 8.609 Menschen ohne Besch\u00e4ftigung registriert. Die Arbeitslosenquote bleibt im Vergleich zum September unver\u00e4ndert bei 5,7 Prozent. Im Vergleich zum Oktober 2012 sind diesen Monat 10,0 Prozent (786 Personen) mehr arbeitslos gemeldet.\u00a0 Im Kreis Olpe sinkt die Arbeitslosenzahl im Vormonatsvergleich um 0,4 Prozent (13 Personen). Derzeit sind 3.571 Menschen arbeitslos gemeldet. Die Arbeitslosenquote bleibt ebenfalls unver\u00e4ndert bei 4,7 Prozent bestehen. Im Vergleich zum Oktober 2012 sind diesen Monat 8,8 Prozent (290 Personen) mehr arbeitslos gemeldet.<\/p>\n<p>Die Zahl der Arbeitslosen summiert sich in Siegen aus Kunden der Arbeitslosenversicherung (Agentur f\u00fcr Arbeit Siegen) und aus den Kunden der Grundsicherung (Jobcenter Kreis Siegen-Wittgenstein und Jobcenter Kreis Olpe). Im Rechtskreis des SGB III der Agentur f\u00fcr Arbeit Siegen ist die Zahl der Arbeitslosen im Vergleich zum Vormonat um 2,0 Prozent (88 Personen) gesunken. Im Rechtskreis der Jobcenter ist ein leichter Anstieg um 0,4 Prozent (31 Personen) im Vergleich zum September 2013 zu verzeichnen. Im Bereich der Arbeitslosenversicherung ergibt sich im Vorjahresvergleich eine Zunahme der Zahl der arbeitslos gemeldeten Menschen um 8,4 Prozent (330 Personen). Im Vergleich zum Vorjahr ist bei der Grundsicherung eine Zunahme um 10,4 Prozent (746 Personen) zu erkennen.<\/p>\n<p>Bei den beiden Grundsicherungstr\u00e4gern der Region Siegen, Jobcenter Kreis Siegen-Wittgenstein und Jobcenter Kreis Olpe, sind aktuell 7.913 Menschen arbeitslos gemeldet. Im September waren es noch 7.882 Personen, 31 Personen (0,4 Prozent) weniger. Das Jobcenter Kreis Siegen-Wittgenstein ist aktuell f\u00fcr 5.734 Besch\u00e4ftigungssuchende zust\u00e4ndig. Im Vergleich zum September ergibt sich ein Anstieg der Arbeitslosigkeit um 0,3 Prozent (16 Personen). Beim Jobcenter Kreis Olpe wurde im Vormonatsvergleich ebenfalls ein Anstieg bei der Arbeitslosigkeit verzeichnet. Aktuell betr\u00e4gt die Zahl der gemeldeten Arbeitslosen 2.179 Personen. Der Vergleich zum September ergibt eine Erh\u00f6hung um 0,7 Prozent (15 Personen).<\/p>\n<p>Ausbildungsstellenmarkt:<\/p>\n<p>Am 30. September endete das Berufsberatungsjahr 2012\/ 2013. Seit dem 1. Oktober 2012 haben 3.709 junge Menschen bei der Siegener Agentur f\u00fcr Arbeit um Unterst\u00fctzung bei der Suche nach einem Ausbildungsplatz gebeten, das sind 79 Ausbildungssuchende bzw. 2,2 Prozent mehr als im letzten Berufsberatungsjahr. \u201eDie Jahresbilanz gibt zu erkennen, dass deutlich weniger Arbeitgeber Ausbildungsstellen beim Arbeitgeberservice der Agentur f\u00fcr Arbeit Siegen gemeldet haben, jedoch mehr Bewerber die Unterst\u00fctzung der Berufsberatung suchten. Wie in den vergangenen Jahren zeigt sie leider auch, dass trotz fr\u00fchzeitiger Angebote zur Berufsorientierung nicht allen Schulabg\u00e4ngern und Schulabg\u00e4ngern ad\u00e4quate Ausbildungsm\u00f6glichkeiten angeboten werden und auch nicht alle Ausbildungspl\u00e4tze mit geeigneten Bewerberinnen und Bewerbern besetzt werden konnten. Zum einen schlie\u00dft sich die quantitative Schere nicht wirklich, zum anderen bestehen weiterhin Unterschiede zwischen den Berufsw\u00fcnschen der Jugendlichen und dem Bedarf der Wirtschaft. Hier muss es uns gelingen, noch besser zu werden\u201c, res\u00fcmiert Dr. Bettina Wolf: das Beratungsjahr 2012\/13.<\/p>\n<p>Im Laufe des Berufsberatungsjahres 2012\/2013 waren bei der Agentur f\u00fcr Arbeit Siegen 2.932 Berufsausbildungsstellen registriert. Das sind 323 Stellen bzw. 9,9 Prozent weniger als im Vorjahr. Davon waren 2.661 betriebliche Ausbildungspl\u00e4tze gemeldet. 95 Jugendliche von den 3.709 gemeldeten Ausbildungsplatzbewerbern gelten derzeit noch als \u201eunversorgt\u201c. Diesen unversorgten Bewerbern standen zum Ende des Beratungsjahres noch 119\u00a0 Ausbildungspl\u00e4tze gegen\u00fcber, die unbesetzt blieben.<\/p>\n<p>Dr. Bettina Wolf erkl\u00e4rt: \u201eDie Bilanzergebnisse mit Stand September stellen f\u00fcr die Berufsberatung sowie die Ausbildungskonsenspartner nur ein Zwischenergebnis dar. An diesem werden wir weiterhin gemeinsam arbeiten. Unser Ziel ist es, mit noch m\u00f6glichst vielen der Ausbildungsstellen suchenden Jugendlichen individuelle L\u00f6sungen zu erarbeiten, um Mut zu machen und eine berufliche Zukunftsperspektive aufzuzeigen. Dar\u00fcber hinaus gilt es aber auch noch die ein oder andere Ausbildungsstelle f\u00fcr dieses Jahr zu besetzen.\u201c<\/p>\n<p>Am 01.10.2013 hat bereits das neue Ausbildungsjahr begonnen hat. Betrieben stehen zur Meldung neuer Ausbildungsstellen ihre pers\u00f6nlichen Ansprechpartner und -partnerinnen des Arbeitgeber-Service zur Verf\u00fcgung. \u00dcber die bereits bekannten Durchwahlen hinaus kann zur Meldung auch die kostenfreie Service-Nummer 0800 &#8211; 4 5555 20 genutzt werden.<\/p>\n","protected":false},"excerpt":{"rendered":"<p>Mit dem Oktober erf\u00e4hrt der Arbeitsmarkt nun im zweiten Monat in Folge leichte Entspannung. Aktuell suchen 12.180 Personen eine neue Besch\u00e4ftigung, 0,5 Prozent (-57 Personen)&#8230;<\/p>\n","protected":false},"author":2,"featured_media":0,"comment_status":"open","ping_status":"open","sticky":false,"template":"","format":"standard","meta":{"_jetpack_memberships_contains_paid_content":false,"footnotes":""},"categories":[16],"tags":[],"class_list":["post-1707","post","type-post","status-publish","format-standard","hentry","category-arbeitsmarkt"],"jetpack_featured_media_url":"","jetpack_sharing_enabled":true,"_links":{"self":[{"href":"https:\/\/www.vdsm.net\/wronline\/wp-json\/wp\/v2\/posts\/1707","targetHints":{"allow":["GET"]}}],"collection":[{"href":"https:\/\/www.vdsm.net\/wronline\/wp-json\/wp\/v2\/posts"}],"about":[{"href":"https:\/\/www.vdsm.net\/wronline\/wp-json\/wp\/v2\/types\/post"}],"author":[{"embeddable":true,"href":"https:\/\/www.vdsm.net\/wronline\/wp-json\/wp\/v2\/users\/2"}],"replies":[{"embeddable":true,"href":"https:\/\/www.vdsm.net\/wronline\/wp-json\/wp\/v2\/comments?post=1707"}],"version-history":[{"count":1,"href":"https:\/\/www.vdsm.net\/wronline\/wp-json\/wp\/v2\/posts\/1707\/revisions"}],"predecessor-version":[{"id":1708,"href":"https:\/\/www.vdsm.net\/wronline\/wp-json\/wp\/v2\/posts\/1707\/revisions\/1708"}],"wp:attachment":[{"href":"https:\/\/www.vdsm.net\/wronline\/wp-json\/wp\/v2\/media?parent=1707"}],"wp:term":[{"taxonomy":"category","embeddable":true,"href":"https:\/\/www.vdsm.net\/wronline\/wp-json\/wp\/v2\/categories?post=1707"},{"taxonomy":"post_tag","embeddable":true,"href":"https:\/\/www.vdsm.net\/wronline\/wp-json\/wp\/v2\/tags?post=1707"}],"curies":[{"name":"wp","href":"https:\/\/api.w.org\/{rel}","templated":true}]}}