{"id":17039,"date":"2020-01-06T10:08:44","date_gmt":"2020-01-06T09:08:44","guid":{"rendered":"https:\/\/www.vdsm.net\/wronline\/?p=17039"},"modified":"2020-01-06T10:08:44","modified_gmt":"2020-01-06T09:08:44","slug":"1-250-jahre-im-dienst-der-volksbank","status":"publish","type":"post","link":"https:\/\/www.vdsm.net\/wronline\/1-250-jahre-im-dienst-der-volksbank\/","title":{"rendered":"1.250 Jahre im Dienst der Volksbank"},"content":{"rendered":"<div class=\"module module-headline-with-media ym-clearfix\">\n<div class=\"text\">\n<p>Die Volksbank in S\u00fcdwestfalen eG ehrte unl\u00e4ngst in einer Feierstunde insgesamt 60 Mitarbeiterinnen und Mitarbeiter f\u00fcr ihre langj\u00e4hrige Betriebszugeh\u00f6rigkeit. Gefeiert wurden 10, 25, 40, 45 und sogar 50-j\u00e4hrige Dienstjubil\u00e4en. \u201eWir haben uns zu einem wichtigen Anlass zusammengefunden. Denn wir wollen heute Abend Sie, unsere Jubilare feiern\u201c, sagte Volksbank-Vorstandssprecher Karl Michael Dommes. Gefeiert wurden insgesamt 60 Mitarbeiterinnen und Mitarbeiter, die auf ein 10-, 25-, 40,- 45- und sogar 50-j\u00e4hriges Betriebsjubil\u00e4um zur\u00fcckblicken k\u00f6nnen. Scherzend begr\u00fc\u00dfte der Vorstandssprecher die Jubilare mit den Worten: \u201eWer h\u00e4tte bei der Vertragsunterzeichnung gedacht, dass Sie es bei uns so lange aushalten werden?\u201c Gemeinsam mit seinen zwei Vorstandskollegen Roland Krebs und Jens Brinkmann sprach er den langj\u00e4hrigen Mitarbeiterinnen und Mitarbeitern seinen Dank und seine Anerkennung aus. \u201eSie sind das wichtigste Kapital. Sie geben unserem Haus ein Gesicht und machen die Bank auch nach au\u00dfen hin erlebbar\u201c, so Dommes. Er habe sich einfach einmal den Spa\u00df erlaubt und die Dienstjahre der Anwesenden zusammengez\u00e4hlt. \u201eIn diesem Raum sind 1.250 Jahre versammelt!\u201c<\/p>\n<\/div>\n<\/div>\n<div class=\"module module-text-with-media ym-clearfix\">\n<h3>10-j\u00e4hriges Betriebsjubil\u00e4um<\/h3>\n<div class=\"text\">\n<p>Lara-Maria Lange<\/p>\n<p>Sandra Kron (Wohnort: L\u00fcdenscheid, Hauptstelle L\u00fcdenscheid)<\/p>\n<p>Jonas Meier (Wohnort: Marienheide, Filiale: Meinerzhagen)<\/p>\n<p>Anastasia Rudsinski (Wohnort: L\u00fcdenscheid, Hauptstelle L\u00fcdenscheid)<\/p>\n<p>Carsten Daase (Wohnort: M\u00fcllenbach, Filiale: Marienheide)<\/p>\n<p>Christian Grammel (Wohnort: Neuenrade, Filiale: Werdohl)<\/p>\n<p>Christiane Kreuz (Wohnort: Mudersbach, Hauptstelle Siegen)<\/p>\n<p>Kristina Magdalena Aspiotis-Roth (in Elternzeit)<\/p>\n<p>Maren Rosenthal (in Elternzeit)<\/p>\n<p>Heike L\u00fcsebrink (Wohnort: Plettenberg, KundenServiceCenter Plettenberg)<\/p>\n<p>Karin Neu<\/p>\n<p>Hildegard Schulte (Wohnort: Balve-Garbeck, Filiale: Plettenberg)<\/p>\n<p>Tanja Vasilev (Wohnort: L\u00fcdenscheid, Filiale: Neuenrade)<\/p>\n<p>Annette B\u00fchner (Wohnort: Plettenberg, KundenServiceCenter Plettenberg)<\/p>\n<p>Monika Fechner (Wohnort: Plettenberg, Filiale: Plettenberg)<\/p>\n<p>H\u00fclya Kaleli (in Elternzeit)<\/p>\n<p>Barbara Kl\u00fcter (Wohnort: Neuenrade, Filiale: Werdohl)<\/p>\n<\/div>\n<\/div>\n<div class=\"module module-text-with-media media-right ym-clearfix\">\n<h3>25-j\u00e4hriges Betriebsjubil\u00e4um<\/h3>\n<div class=\"figure \" data-jsb=\"{&quot;url&quot;:&quot;https:\/\/www.vbinswf.de\/wir-fuer-sie\/presse\/2019-12-18_1250Jahre_Dienst\/_jcr_content\/parsys\/textmitbild_3031\/bildvergroesserung.img.png\/1576678568171\/tw_25Jahre_4207.jpg&quot;}\">\n<div class=\"image\"><img decoding=\"async\" class=\" lazyloaded\" title=\"25-j\u00e4hriges Jubil\u00e4um - Volksbank in S\u00fcdwestfalen eG\" src=\"https:\/\/www.vbinswf.de\/wir-fuer-sie\/presse\/2019-12-18_1250Jahre_Dienst\/_jcr_content\/parsys\/textmitbild_3031\/image.img.png\/1576678568171\/tw_25Jahre_4207.jpg\" alt=\"25-j\u00e4hriges Jubil\u00e4um - Volksbank in S\u00fcdwestfalen eG\" border=\"0\" data-src=\"https:\/\/www.vbinswf.de\/wir-fuer-sie\/presse\/2019-12-18_1250Jahre_Dienst\/_jcr_content\/parsys\/textmitbild_3031\/image.img.png\/1576678568171\/tw_25Jahre_4207.jpg\" \/><button class=\"zoom\" title=\"Vergr\u00f6\u00dfern\" type=\"button\">Vergr\u00f6\u00dfern<\/button><\/div>\n<\/div>\n<div class=\"text\">\n<p>Sonja B\u00f6cking<\/p>\n<p>Silvia Brandt (Wohnort: Kierspe, Filiale: Herscheid)<\/p>\n<p>Nina Brawanski (Wohnort: Altena, Filiale: Meinerzhagen)<\/p>\n<p>Katja B\u00fcdenbender<\/p>\n<p>Guido Gieseler (Wohnort: Freudenberg-Alchen, Filiale: Kreuztal)<\/p>\n<p>Ilona Hinze (Wohnort: M\u00fcllenbach, Hauptstelle L\u00fcdenscheid)<\/p>\n<p>Uwe Kleppel (Wohnort: Lennestadt, Filiale: Plettenberg)<\/p>\n<p>Marc Kostewitz (Wohnort: Meinerzhagen, Hauptstelle L\u00fcdenscheid)<\/p>\n<p>Viktoria Lepke (Wohnort: L\u00fcdenscheid, Hauptstelle L\u00fcdenscheid)<\/p>\n<p>Sabine Preissler<\/p>\n<p>J\u00f6rg Reininghaus (Wohnort: Plettenberg, Filiale: Meinerzhagen)<\/p>\n<p>Christian Scheider (Wohnort: L\u00fcdenscheid, Hauptstelle L\u00fcdenscheid)<\/p>\n<p>Tobias Schneider (Wohnort: Herdorf, Filiale: Kreuztal)<\/p>\n<p>Burkhard Schuhen (Wohnort: Kirchen, Hauptstelle Siegen)<\/p>\n<p>Manja Seelbach (Wohnort: Wilnsdorf-Oberdielfen, Hauptstelle Siegen)<\/p>\n<p>Liane Standhaft<\/p>\n<\/div>\n<\/div>\n<div class=\"module module-text-with-media media-right ym-clearfix\">\n<h3>40-j\u00e4hriges Betriebsjubil\u00e4um<\/h3>\n<div class=\"figure \" data-jsb=\"{&quot;url&quot;:&quot;https:\/\/www.vbinswf.de\/wir-fuer-sie\/presse\/2019-12-18_1250Jahre_Dienst\/_jcr_content\/parsys\/textmitbild_4294\/bildvergroesserung.img.png\/1576678583833\/tw_40Jahre4210.jpg&quot;}\">\n<div class=\"image\"><img decoding=\"async\" class=\" lazyloaded\" title=\"40-j\u00e4hriges Betriebsjubil\u00e4um - Volksbank in S\u00fcdwestfalen eG\" src=\"https:\/\/www.vbinswf.de\/wir-fuer-sie\/presse\/2019-12-18_1250Jahre_Dienst\/_jcr_content\/parsys\/textmitbild_4294\/image.img.png\/1576678583833\/tw_40Jahre4210.jpg\" alt=\"40-j\u00e4hriges Betriebsjubil\u00e4um - Volksbank in S\u00fcdwestfalen eG\" border=\"0\" data-src=\"https:\/\/www.vbinswf.de\/wir-fuer-sie\/presse\/2019-12-18_1250Jahre_Dienst\/_jcr_content\/parsys\/textmitbild_4294\/image.img.png\/1576678583833\/tw_40Jahre4210.jpg\" \/><button class=\"zoom\" title=\"Vergr\u00f6\u00dfern\" type=\"button\">Vergr\u00f6\u00dfern<\/button><\/div>\n<\/div>\n<div class=\"text\">\n<p>Gabriele Bischkopf (Wohnort: Meinerzhagen-Valbert, Hauptstelle L\u00fcdenscheid)<\/p>\n<p>Monika Gansohr (Wohnort: Altena, Filiale: Altena)<\/p>\n<p>Uwe H\u00e4rtel (Wohnort: L\u00fcdenscheid, Filiale: Meinerzhagen)<\/p>\n<p>Dagmar Holbeck (Wohnort: Dortmund, Filiale: Meinerzhagen)<\/p>\n<p>Martina Kamenik (Wohnort: Kreuztal, Filiale: Weidenau)<\/p>\n<p>Klaus Leicher<\/p>\n<p>Gerda Mayr<\/p>\n<p>Mathilde Nohl (Wohnort: Werdohl, Filiale: Neuenrade)<\/p>\n<p>Martina Preu\u00df (Wohnort: Herscheid, Filiale: Meinerzhagen)<\/p>\n<p>Heike Sch\u00e4fer (Wohnort: Siegen, Assistenz Private Banking)<\/p>\n<p>Hanno Schmeck<\/p>\n<p>Holger Schneider (Wohnort: Kierspe, Filiale: Meinerzhagen)<\/p>\n<p>Meinolf W\u00fcllner (Wohnort: L\u00fcdenscheid, Hauptstelle L\u00fcdenscheid)<\/p>\n<\/div>\n<\/div>\n<div class=\"module module-text-with-media media-right ym-clearfix\">\n<h3>45-j\u00e4hriges Betriebsjubil\u00e4um<\/h3>\n<div class=\"figure \" data-jsb=\"{&quot;url&quot;:&quot;https:\/\/www.vbinswf.de\/wir-fuer-sie\/presse\/2019-12-18_1250Jahre_Dienst\/_jcr_content\/parsys\/textmitbild_168f\/bildvergroesserung.img.png\/1576678598362\/tw_45Jahre_4223.jpg&quot;}\">\n<div class=\"image\"><img decoding=\"async\" class=\" lazyloaded\" title=\"45-j\u00e4hriges Betriebsjubil\u00e4um - Volksbank in S\u00fcdwestfalen eG\" src=\"https:\/\/www.vbinswf.de\/wir-fuer-sie\/presse\/2019-12-18_1250Jahre_Dienst\/_jcr_content\/parsys\/textmitbild_168f\/image.img.png\/1576678598362\/tw_45Jahre_4223.jpg\" alt=\"45-j\u00e4hriges Betriebsjubil\u00e4um - Volksbank in S\u00fcdwestfalen eG\" border=\"0\" data-src=\"https:\/\/www.vbinswf.de\/wir-fuer-sie\/presse\/2019-12-18_1250Jahre_Dienst\/_jcr_content\/parsys\/textmitbild_168f\/image.img.png\/1576678598362\/tw_45Jahre_4223.jpg\" \/><button class=\"zoom\" title=\"Vergr\u00f6\u00dfern\" type=\"button\">Vergr\u00f6\u00dfern<\/button><\/div>\n<\/div>\n<div class=\"text\">\n<p>Udo Fenner (Wohnort: Werdohl, Filiale: Meinerzhagen)<\/p>\n<p>Barbara Frevel<\/p>\n<p>Karl-Willi Gies<\/p>\n<p>Michael Haupt (Wohnort: Kreuztal, Hauptstelle: Siegen)<\/p>\n<p>Bernd Karnath<\/p>\n<p>Karin Laurenz<\/p>\n<p>Uwe Meyer (Wohnort: Werdohl, Hauptstelle L\u00fcdenscheid)<\/p>\n<p>Hans-Joachim Schmidt (Wohnort: Altena, Filiale: Altena)<\/p>\n<p>Peter Weber (Wohnort: Kreuztal, Hauptstelle Siegen)<\/p>\n<\/div>\n<\/div>\n<div class=\"module module-text-with-media media-right ym-clearfix\">\n<h3>50-j\u00e4hriges Betriebsjubil\u00e4um<\/h3>\n<div class=\"figure \" data-jsb=\"{&quot;url&quot;:&quot;https:\/\/www.vbinswf.de\/wir-fuer-sie\/presse\/2019-12-18_1250Jahre_Dienst\/_jcr_content\/parsys\/textmitbild_8ec8\/bildvergroesserung.img.png\/1576678612397\/tw_50Jahre_4227.jpg&quot;}\">\n<div class=\"image\"><img decoding=\"async\" class=\" lazyloaded\" title=\"50-j\u00e4hriges Betriebsjubil\u00e4um - Volksbank in S\u00fcdwestfalen eG\" src=\"https:\/\/www.vbinswf.de\/wir-fuer-sie\/presse\/2019-12-18_1250Jahre_Dienst\/_jcr_content\/parsys\/textmitbild_8ec8\/image.img.png\/1576678612397\/tw_50Jahre_4227.jpg\" alt=\"50-j\u00e4hriges Betriebsjubil\u00e4um - Volksbank in S\u00fcdwestfalen eG\" border=\"0\" data-src=\"https:\/\/www.vbinswf.de\/wir-fuer-sie\/presse\/2019-12-18_1250Jahre_Dienst\/_jcr_content\/parsys\/textmitbild_8ec8\/image.img.png\/1576678612397\/tw_50Jahre_4227.jpg\" \/><button class=\"zoom\" title=\"Vergr\u00f6\u00dfern\" type=\"button\">Vergr\u00f6\u00dfern<\/button><\/div>\n<\/div>\n<div class=\"text\">\n<p>Gerhard K\u00fchn (Wohnort: Neuenrade, Filiale: Werdohl)<\/p>\n<p>Uwe Neu<\/p>\n<\/div>\n<\/div>\n","protected":false},"excerpt":{"rendered":"<p>Die Volksbank in S\u00fcdwestfalen eG ehrte unl\u00e4ngst in einer Feierstunde insgesamt 60 Mitarbeiterinnen und Mitarbeiter f\u00fcr ihre langj\u00e4hrige Betriebszugeh\u00f6rigkeit. Gefeiert wurden 10, 25, 40, 45&#8230;<\/p>\n","protected":false},"author":2,"featured_media":17040,"comment_status":"open","ping_status":"open","sticky":false,"template":"","format":"standard","meta":{"_jetpack_memberships_contains_paid_content":false,"footnotes":""},"categories":[32,30,10],"tags":[],"class_list":["post-17039","post","type-post","status-publish","format-standard","has-post-thumbnail","hentry","category-infos","category-vermischtes","category-unternehmen"],"jetpack_featured_media_url":"https:\/\/www.vdsm.net\/wronline\/wp-content\/uploads\/2020\/01\/tw_50Jahre_4227.jpg","jetpack_sharing_enabled":true,"_links":{"self":[{"href":"https:\/\/www.vdsm.net\/wronline\/wp-json\/wp\/v2\/posts\/17039","targetHints":{"allow":["GET"]}}],"collection":[{"href":"https:\/\/www.vdsm.net\/wronline\/wp-json\/wp\/v2\/posts"}],"about":[{"href":"https:\/\/www.vdsm.net\/wronline\/wp-json\/wp\/v2\/types\/post"}],"author":[{"embeddable":true,"href":"https:\/\/www.vdsm.net\/wronline\/wp-json\/wp\/v2\/users\/2"}],"replies":[{"embeddable":true,"href":"https:\/\/www.vdsm.net\/wronline\/wp-json\/wp\/v2\/comments?post=17039"}],"version-history":[{"count":1,"href":"https:\/\/www.vdsm.net\/wronline\/wp-json\/wp\/v2\/posts\/17039\/revisions"}],"predecessor-version":[{"id":17041,"href":"https:\/\/www.vdsm.net\/wronline\/wp-json\/wp\/v2\/posts\/17039\/revisions\/17041"}],"wp:featuredmedia":[{"embeddable":true,"href":"https:\/\/www.vdsm.net\/wronline\/wp-json\/wp\/v2\/media\/17040"}],"wp:attachment":[{"href":"https:\/\/www.vdsm.net\/wronline\/wp-json\/wp\/v2\/media?parent=17039"}],"wp:term":[{"taxonomy":"category","embeddable":true,"href":"https:\/\/www.vdsm.net\/wronline\/wp-json\/wp\/v2\/categories?post=17039"},{"taxonomy":"post_tag","embeddable":true,"href":"https:\/\/www.vdsm.net\/wronline\/wp-json\/wp\/v2\/tags?post=17039"}],"curies":[{"name":"wp","href":"https:\/\/api.w.org\/{rel}","templated":true}]}}