{"id":17022,"date":"2020-01-02T11:19:25","date_gmt":"2020-01-02T10:19:25","guid":{"rendered":"https:\/\/www.vdsm.net\/wronline\/?p=17022"},"modified":"2020-01-02T11:19:25","modified_gmt":"2020-01-02T10:19:25","slug":"zukunft-gestalten-fuer-junge-gefluechtete","status":"publish","type":"post","link":"https:\/\/www.vdsm.net\/wronline\/zukunft-gestalten-fuer-junge-gefluechtete\/","title":{"rendered":"Zukunft gestalten f\u00fcr junge Gefl\u00fcchtete"},"content":{"rendered":"<p>Unternehmen, die im kommenden Jahr Ausbildungspl\u00e4tze anbieten und bereit sind, jungen gefl\u00fcchteten Menschen eine Chance zu geben, sollten sich den 18. Februar 2020 im Kalender eintragen. An diesem Tag l\u00e4dt das Regionale Bildungsnetzwerk im Kreis Olpe zur Veranstaltung \u201eZukunft gestalten &#8211; Junge Gefl\u00fcchtete auf dem Weg in den Beruf\u201c ein, die ab 14 Uhr in den R\u00e4umen des Weiterbildungszentrums Olpe stattfindet.\u00a0Die Ausbildung von Gefl\u00fcchteten stellt sowohl die Auszubildenden selber als auch die Unternehmen, die f\u00fcr die Gestaltung der Ausbildung verantwortlich sind, h\u00e4ufig vor besondere Herausforderungen.<\/p>\n<p>Die Veranstaltung liefert Informationen zur aktuellen Gesetzeslage und erm\u00f6glicht einen Austausch dar\u00fcber, welche Faktoren f\u00fcr eine erfolgreiche Ausbildung relevant sind und welche Unterst\u00fctzungsm\u00f6glichkeiten f\u00fcr die Auszubildenden und die Ausbildungsbetriebe zur Verf\u00fcgung stehen. Gefl\u00fcchtete und Ausbildungspartner berichten \u00fcber eigene Erfahrungen. Dar\u00fcber hinaus informieren Experten aus verschiedenen Bereichen und stehen f\u00fcr Fragen zur Verf\u00fcgung. Eingeladen sind neben den Unternehmen auch junge Gefl\u00fcchtete, die auf dem Weg zur Berufsausbildung sind und die noch Unterst\u00fctzungs- und Informationsbedarf haben.<\/p>\n<p>Das Regionale Bildungsnetzwerk sieht diese Veranstaltung nicht isoliert, denn schon wenige Wochen sp\u00e4ter sollen in einem Speed-Dating Kontakte zwischen Unternehmen und jungen gefl\u00fcchteten Menschen gekn\u00fcpft werden, die bestenfalls sogar in einen Ausbildungsvertrag m\u00fcnden.<\/p>\n<p>N\u00e4here Informationen erhalten Interessierte beim Regionalen Bildungsnetzwerk, Beate Hasenau, Tel. (02761) 81 628, E-Mail\u00a0<a class=\"csslink_email\" href=\"mailto:b.hasenau@kreis-olpe.de\">b.hasenau@kreis-olpe.de<\/a>.<\/p>\n","protected":false},"excerpt":{"rendered":"<p>Unternehmen, die im kommenden Jahr Ausbildungspl\u00e4tze anbieten und bereit sind, jungen gefl\u00fcchteten Menschen eine Chance zu geben, sollten sich den 18. Februar 2020 im Kalender&#8230;<\/p>\n","protected":false},"author":2,"featured_media":3202,"comment_status":"open","ping_status":"open","sticky":false,"template":"","format":"standard","meta":{"_jetpack_memberships_contains_paid_content":false,"footnotes":""},"categories":[8,32,30],"tags":[],"class_list":["post-17022","post","type-post","status-publish","format-standard","has-post-thumbnail","hentry","category-ausbildung","category-infos","category-vermischtes"],"jetpack_featured_media_url":"https:\/\/www.vdsm.net\/wronline\/wp-content\/uploads\/2016\/02\/wronline-header.jpg","jetpack_sharing_enabled":true,"_links":{"self":[{"href":"https:\/\/www.vdsm.net\/wronline\/wp-json\/wp\/v2\/posts\/17022","targetHints":{"allow":["GET"]}}],"collection":[{"href":"https:\/\/www.vdsm.net\/wronline\/wp-json\/wp\/v2\/posts"}],"about":[{"href":"https:\/\/www.vdsm.net\/wronline\/wp-json\/wp\/v2\/types\/post"}],"author":[{"embeddable":true,"href":"https:\/\/www.vdsm.net\/wronline\/wp-json\/wp\/v2\/users\/2"}],"replies":[{"embeddable":true,"href":"https:\/\/www.vdsm.net\/wronline\/wp-json\/wp\/v2\/comments?post=17022"}],"version-history":[{"count":1,"href":"https:\/\/www.vdsm.net\/wronline\/wp-json\/wp\/v2\/posts\/17022\/revisions"}],"predecessor-version":[{"id":17023,"href":"https:\/\/www.vdsm.net\/wronline\/wp-json\/wp\/v2\/posts\/17022\/revisions\/17023"}],"wp:featuredmedia":[{"embeddable":true,"href":"https:\/\/www.vdsm.net\/wronline\/wp-json\/wp\/v2\/media\/3202"}],"wp:attachment":[{"href":"https:\/\/www.vdsm.net\/wronline\/wp-json\/wp\/v2\/media?parent=17022"}],"wp:term":[{"taxonomy":"category","embeddable":true,"href":"https:\/\/www.vdsm.net\/wronline\/wp-json\/wp\/v2\/categories?post=17022"},{"taxonomy":"post_tag","embeddable":true,"href":"https:\/\/www.vdsm.net\/wronline\/wp-json\/wp\/v2\/tags?post=17022"}],"curies":[{"name":"wp","href":"https:\/\/api.w.org\/{rel}","templated":true}]}}