{"id":1678,"date":"2013-10-02T10:44:40","date_gmt":"2013-10-02T08:44:40","guid":{"rendered":"http:\/\/www.vdsm.net\/wronline\/?p=1678"},"modified":"2013-10-02T10:44:40","modified_gmt":"2013-10-02T08:44:40","slug":"leichte-herbstbelebung-arbeitslosenquote-sinkt-auf-54-prozent","status":"publish","type":"post","link":"https:\/\/www.vdsm.net\/wronline\/leichte-herbstbelebung-arbeitslosenquote-sinkt-auf-54-prozent\/","title":{"rendered":"Leichte Herbstbelebung  \u2013  Arbeitslosenquote sinkt auf 5,4 Prozent"},"content":{"rendered":"<p><a href=\"http:\/\/www.vdsm.net\/wronline\/wp-content\/uploads\/2011\/12\/AASiegen.jpg\"><img loading=\"lazy\" decoding=\"async\" class=\"alignleft size-full wp-image-104\" alt=\"Arbeitsagentur Siegen\" src=\"http:\/\/www.vdsm.net\/wronline\/wp-content\/uploads\/2011\/12\/AASiegen.jpg\" width=\"250\" height=\"188\" \/><\/a>\u201eDie erste Zeit nach den Sommerferien ist in unserer Region gekennzeichnet von einer leichten Herbstbelebung. Mit unserer Unterst\u00fctzung haben wieder viele Arbeitslose den Sprung in den Arbeitsmarkt geschafft. Fast 1000 arbeitslose Menschen haben in diesem Monat die Chance auf eine neue Erwerbst\u00e4tigkeit nutzen k\u00f6nnen. Vor allem die j\u00fcngeren Menschen unter 25 Jahren konnten von der verbesserten Lage auf dem Arbeitsmarkt profitieren. Die Unternehmen erkennen ihren Handlungsbedarf zur Fachkr\u00e4ftesicherung und stellen verst\u00e4rkt die ausgebildeten Nachwuchskr\u00e4fte ein\u201c, so Dr. Bettina Wolf, Vorsitzende der Gesch\u00e4ftsf\u00fchrung der Agentur f\u00fcr Arbeit Siegen.<\/p>\n<p>Die Arbeitslosenquote des Agenturbezirks Siegen sank im September um 0,1 Punkte auf 5,4 Prozent. Ende September waren im Bezirk der Agentur f\u00fcr Arbeit Siegen 3,3 Prozent weniger Personen arbeitslos als im August (412 Personen). Im Vergleich zum Vorjahr war dies hingegen ein Anstieg um 8,8 Prozent (987 Personen). Insgesamt sind im Agenturbezirk aktuell 12.237 Menschen ohne Besch\u00e4ftigung.<\/p>\n<p><b>\u00a0<\/b>Im September konnte die Agentur f\u00fcr Arbeit Siegen 993 Menschen zur Aufnahme einer Erwerbst\u00e4tigkeit verhelfen. Im Vergleich zum Vormonat haben sich 11,4 Prozent (337 Personen) weniger arbeitslos gemeldet. Im Vorjahresvergleich war dies jedoch ein Anstieg um 10,5 Prozent (248 Personen). So f\u00e4llt die Herbstbelebung in der Region schw\u00e4cher aus als damals. Sie reicht aber aus, um aktuell alle Personengruppen teilhaben zulassen.<\/p>\n<p>Besonders erfreulich war die Entwicklung bei den arbeitslosen Jugendlichen und jungen Erwachsenen unter 25 Jahren. Im Vergleich zum Vormonat sank ihre Zahl um 18,6 Prozent (343) auf rund 1500 Personen. Bei den Jugendlichen im Alter von 15 bis unter 20 Jahren ging die Arbeitslosigkeit noch st\u00e4rker zur\u00fcck. \u201eDer R\u00fcckgang um fast ein Drittel (112 Personen) bei den Jugendlichen unter 20 zeigt eine positive und saisontypische Entwicklung im Vergleich zum August. Erwartungsgem\u00e4\u00df konnten qualifizierte und motivierte junge Arbeitnehmer ihre Arbeitslosigkeit nach kurzer Zeit beenden\u201c, so Dr. Bettina Wolf. Die Dynamik des heimischen Arbeitsmarktes in der Region hat insgesamt zugenommen. Seit Jahresbeginn gab es im Agenturbezirk Siegen knapp 22.800 Zug\u00e4nge, denen \u00fcber 22.000 Abmeldungen aus Arbeitslosigkeit gegen\u00fcber standen.<\/p>\n<p>Die Arbeitslosenquote sank im Vormonatsvergleich auch in allen Gesch\u00e4ftsstellenbezirken. Im Gebiet der Gesch\u00e4ftsstelle Bad Berleburg war es ein R\u00fcckgang um 0,1 Punkte auf 4,0 Prozent, in Olpe um 0,2 Punkte auf 4,7 Prozent, in der Region Burbach sogar um 0,4 Punkte auf 4,2 Prozent und im Bezirk der Hauptagentur Siegen eine Abnahme um 0,1 Punkte auf 6,3 Prozent.<\/p>\n<p><b><\/b>Im Kreis Siegen-Wittgenstein sank die Arbeitslosenzahl im Vormonatsvergleich um 2,8 Prozent (252 Personen). Derzeit sind 8653 Menschen ohne Besch\u00e4ftigung gemeldet. Die Kreis-Arbeitslosenquote ging im Vergleich zum August um 0,2 Prozentpunkte auf 5,7 Prozent zur\u00fcck. Im Kreis Olpe sind derzeit 3584 Menschen arbeitslos gemeldet, 160 oder 4,3 Prozent weniger als noch vor einem Monat. Die Arbeitslosenquote sank hier ebenfalls um 0,2 Punkte auf 4,7 Prozent. Im Vorjahresvergleich sind aktuell 11,9 Prozent (382 Personen) mehr arbeitslos gemeldet.<\/p>\n<p>\u201eUnser Arbeitgeber-Service hat seit Anfang des Jahres mehr als 6000 Arbeitsstellen von den heimischen Unternehmen akquiriert. Insgesamt sind derzeit fast 1700 Arbeitsstellen unbesetzt, wovon 1628 Stellen sozialversicherungspflichtig sind. Im Vergleich zum Vorjahres-monat erkennen wir allerdings einen erheblichen R\u00fcckgang der noch zu besetzenden Stellen um fast ein Drittel (791 Stellen). Insgesamt gibt es noch ein erhebliches Potential an Unterst\u00fctzungs- und F\u00f6rderm\u00f6glichkeiten, die wir den heimischen Unternehmen \u00fcber den Arbeitgeber-Service anbieten\u201c, res\u00fcmiert die Leiterin der Agentur f\u00fcr Arbeit die Stellen-situation.<\/p>\n<p>Die Zahl der Arbeitslosen summiert sich in Siegen aus Kunden der Arbeitslosenversicherung (Agentur f\u00fcr Arbeit Siegen) und aus den Kunden der Grundsicherung (Jobcenter Kreis Siegen-Wittgenstein und Jobcenter Kreis Olpe). Im Rechtskreis des SGB III der Agentur f\u00fcr Arbeit Siegen ist die Zahl der Arbeitslosen im Vergleich zum Vormonat um 6,2 Prozent (290 Personen) gesunken. Im Rechtskreis der Jobcenter ist ein R\u00fcckgang um 1,5 Prozent (122 Personen) im Vergleich zum August 2013 zu verzeichnen. Im Bereich der Arbeitslosen-versicherung ergibt sich im Vorjahresvergleich eine Zunahme der Zahl der arbeitslos gemeldeten Menschen um 11,3 Prozent (443 Personen). Im Vergleich zum Vorjahr bedeutet das bei der Grundsicherung eine Zunahme um 7,4 Prozent (544 Personen).<\/p>\n<p>Bei den beiden Grundsicherungstr\u00e4gern der Region Siegen, Jobcenter Kreis Siegen-Wittgenstein und Jobcenter Kreis Olpe, sind aktuell 7882 Menschen arbeitslos gemeldet. Im August waren es noch 8004 Personen, 122 Personen mehr. Das Jobcenter Kreis Siegen-Wittgenstein ist aktuell f\u00fcr 5718 Besch\u00e4ftigungssuchende zust\u00e4ndig. Im Vergleich zum August ergibt sich ein R\u00fcckgang der Arbeitslosigkeit um 1,8 Prozent (104 Personen). Beim Jobcenter Kreis Olpe wurde im Vormonatsvergleich ebenfalls ein R\u00fcckgang bei der Arbeitslosigkeit verzeichnet. Aktuell betr\u00e4gt die Zahl der gemeldeten Arbeitslosen 2164 Personen. Der Vergleich zum August ergibt eine Abnahme um 0,8 Prozent (18 Personen).<\/p>\n","protected":false},"excerpt":{"rendered":"<p>\u201eDie erste Zeit nach den Sommerferien ist in unserer Region gekennzeichnet von einer leichten Herbstbelebung. Mit unserer Unterst\u00fctzung haben wieder viele Arbeitslose den Sprung in&#8230;<\/p>\n","protected":false},"author":2,"featured_media":0,"comment_status":"open","ping_status":"open","sticky":false,"template":"","format":"standard","meta":{"_jetpack_memberships_contains_paid_content":false,"footnotes":""},"categories":[16],"tags":[],"class_list":["post-1678","post","type-post","status-publish","format-standard","hentry","category-arbeitsmarkt"],"jetpack_featured_media_url":"","jetpack_sharing_enabled":true,"_links":{"self":[{"href":"https:\/\/www.vdsm.net\/wronline\/wp-json\/wp\/v2\/posts\/1678","targetHints":{"allow":["GET"]}}],"collection":[{"href":"https:\/\/www.vdsm.net\/wronline\/wp-json\/wp\/v2\/posts"}],"about":[{"href":"https:\/\/www.vdsm.net\/wronline\/wp-json\/wp\/v2\/types\/post"}],"author":[{"embeddable":true,"href":"https:\/\/www.vdsm.net\/wronline\/wp-json\/wp\/v2\/users\/2"}],"replies":[{"embeddable":true,"href":"https:\/\/www.vdsm.net\/wronline\/wp-json\/wp\/v2\/comments?post=1678"}],"version-history":[{"count":1,"href":"https:\/\/www.vdsm.net\/wronline\/wp-json\/wp\/v2\/posts\/1678\/revisions"}],"predecessor-version":[{"id":1679,"href":"https:\/\/www.vdsm.net\/wronline\/wp-json\/wp\/v2\/posts\/1678\/revisions\/1679"}],"wp:attachment":[{"href":"https:\/\/www.vdsm.net\/wronline\/wp-json\/wp\/v2\/media?parent=1678"}],"wp:term":[{"taxonomy":"category","embeddable":true,"href":"https:\/\/www.vdsm.net\/wronline\/wp-json\/wp\/v2\/categories?post=1678"},{"taxonomy":"post_tag","embeddable":true,"href":"https:\/\/www.vdsm.net\/wronline\/wp-json\/wp\/v2\/tags?post=1678"}],"curies":[{"name":"wp","href":"https:\/\/api.w.org\/{rel}","templated":true}]}}