{"id":1663,"date":"2013-09-12T09:19:50","date_gmt":"2013-09-12T07:19:50","guid":{"rendered":"http:\/\/www.vdsm.net\/wronline\/?p=1663"},"modified":"2013-09-12T09:19:50","modified_gmt":"2013-09-12T07:19:50","slug":"vierter-tag-der-technik-im-siegerland-am-21-september-mit-vielen-mitmach-aktionen","status":"publish","type":"post","link":"https:\/\/www.vdsm.net\/wronline\/vierter-tag-der-technik-im-siegerland-am-21-september-mit-vielen-mitmach-aktionen\/","title":{"rendered":"Vierter \u201eTag der Technik\u201c im Siegerland am 21. September mit vielen Mitmach-Aktionen"},"content":{"rendered":"<p><a href=\"http:\/\/www.vdsm.net\/wronline\/wp-content\/uploads\/2013\/09\/tdt12.jpg\"><img loading=\"lazy\" decoding=\"async\" class=\"alignleft size-medium wp-image-1664\" alt=\"Tag der Technik\" src=\"http:\/\/www.vdsm.net\/wronline\/wp-content\/uploads\/2013\/09\/tdt12-300x200.jpg\" width=\"300\" height=\"200\" srcset=\"https:\/\/www.vdsm.net\/wronline\/wp-content\/uploads\/2013\/09\/tdt12-300x200.jpg 300w, https:\/\/www.vdsm.net\/wronline\/wp-content\/uploads\/2013\/09\/tdt12-150x100.jpg 150w, https:\/\/www.vdsm.net\/wronline\/wp-content\/uploads\/2013\/09\/tdt12.jpg 600w\" sizes=\"auto, (max-width: 300px) 100vw, 300px\" \/><\/a>Am Samstag, dem 21. September 2013, ist es wieder soweit: Zum vierten Mal findet der \u201eTag der Technik\u201c von 11.00 bis 17.00 Uhr statt, ein gro\u00dfer Aktions- und Erlebnistag, der die Region dazu einl\u00e4dt, Technik und die regionale Industrie in ihren vielseitigen Formen und M\u00f6glichkeiten zu erleben und der jungen Menschen gleichzeitig ein Forum zur Berufsorientierung bietet. Tradition und Zukunft werden an einem Ort der Technik verbunden; zwischen Lokschuppen und Berufskolleg entsteht in Siegen wieder eine Technik-Erlebniswelt, die zahlreiche Mitmachaktionen und ein spannendes Rahmenprogramm bietet. Er\u00f6ffnet wird die Veranstaltung in diesem Jahr von Johannes Remmel, Minister f\u00fcr Klimaschutz, Umwelt, Landwirtschaft, Natur- und Verbraucherschutz des Landes Nordrhein-Westfalen.<\/p>\n<p>Urspr\u00fcnglich entstanden aus einem Forschungsprojekt zur Technikregion Siegerland der Universit\u00e4t handelt es sich mittlerweile um eine Veranstaltung, die von der Stadt Siegen, den Sozialpartnern, heimischen Firmen und vor allem einem hohen Ma\u00df an b\u00fcrgerschaftlichem Engagement getragen wird.<\/p>\n<p>Die wichtigsten Wirtschaftszweige unserer Region sind aus den historischen Wurzeln der Eisengewinnung und -verarbeitung entstanden. Umso naheliegender ist es, die technische Kompetenz dieser Unternehmen einmal j\u00e4hrlich auf anschauliche, originelle und fr\u00f6hliche Art und Weise der Bev\u00f6lkerung (und sich selbst) n\u00e4herzubringen. Das Siegerland ist eine alte Kulturlandschaft, die seit weit mehr als 2000 Jahren vom &#8211; man k\u00f6nnte fast sagen: aus Eisen gepr\u00e4gt ist. Millionen Tonnen Erz schaffte man aus den Bergwerken, verh\u00fcttete es mit Holzkohle aus den Haubergen, sp\u00e4ter mit Steinkohlekoks in riesigen Hoch\u00f6fen.<\/p>\n<p>Heute arbeiten im Siegerland mehr Menschen in der verarbeitenden Industrie als zum Beispiel im Ruhrgebiet. Die oftmals Eigent\u00fcmer gef\u00fchrten Unternehmen sind vielfach Weltmarktf\u00fchrer in ihren Bereichen. Neben Unternehmen, die Metallerzeugnisse herstellen, denjenigen die sich mit Metallbearbeitung und -erzeugung befassen, ist der Maschinen- und Anlagenbau eine zentrale Leitbranche der Region, wo vor allem Walzwerke, Maschinen und Anlagen f\u00fcr die Stahl- und NE-Metallindustrie, Werkzeug- und Walzenbearbeitungs\u00admaschinen sowie Maschinen f\u00fcr den Beh\u00e4lterbau und die R\u00f6hrenherstellung produziert werden. Eine Hightech-Branche, die das \u201eMade aus dem Siegerland&#8220; zu einem weltweit gefragten Markenzeichen gemacht hat.<\/p>\n<p>Um diese Vorreiterstellung und das Knowhow zu halten, ben\u00f6tigt es junge, ideenreiche und t\u00fcchtige Menschen, die \u201eanpacken\u201c und tolle Produkte schaffen. Um dem herrschenden Nachwuchsmangel in technischen Berufen zu begegnen und die Identit\u00e4t mit der Industrieregion zur st\u00e4rken, haben Vereine, Verb\u00e4nde und Unternehmen den \u201eTag der Technik\u201c ins Leben gerufen. Ziel ist es, die Faszination von Technik sowie die vielf\u00e4ltigen Berufsperspektiven anschaulich zu pr\u00e4sentieren. Sch\u00fclerinnen und Sch\u00fcler, auch und gerade mit nichttechnischer Bildung, werden zum Mitmachen und Experimentieren eingeladen. Vorf\u00fchrungen, Ausk\u00fcnfte zu Ausbildung und Studium, Mitmach-Aktionen, Workshops sowie Informationsst\u00e4nde zu verschiedenen Technologien und Unternehmen lassen sie die \u201eTechnik live erleben\u201c.<\/p>\n<p>Der \u201eTag der Technik\u201c bietet eine gelungene Mischung aus Unterhaltung, Information und Kunst, um Jugendliche f\u00fcr technische Berufe zu begeistern.<\/p>\n<p>In diesem Jahr beteiligen sich bereits deutlich mehr Unternehmen und Institutionen an der Veranstaltung. Gegen\u00fcber 2012 hat sich deren Zahl verdoppelt. Entsprechend attraktiv werden diesmal auch die Angebote sein. Verschiedene Mitmachaktionen formen sich zur echten \u201eWerkStadt\u201c. Neben einer Schmiede- und GusswerkStadt, in der live geschmiedet und gegossen werden kann, gibt es u. a. eine Motor WerkStadt mit spannenden Einblicken in die Motortechnik. Auch die AWO Werkst\u00e4tten, das THW oder die Universit\u00e4t Siegen sind mit Technik-Angeboten dabei. Auch das Rahmenprogramm bietet zahlreiche Attraktionen. Ein Highlight hier: die Science-Show des Gymnasiums Stift Keppel. Sie zeigt spannende physikalische und technische Experimente auf der gro\u00dfen B\u00fchne. Die \u201edanceCompany\u201c des Tanzkreises Siegen ist ebenfalls mit dabei. Echte Welt- und Europameister pr\u00e4sentieren \u201etechnische\u201c Tanzkunst.<\/p>\n<p>Die Besucher erwartet also wieder eine bunte Mischung von Angeboten, dazu eine Ver\u00adlosung von 3 mal 30 Minuten Hubschrauber-Rundfl\u00fcgen \u00fcber Siegen, einen Electro-Scooter-Parcour und eine ganzt\u00e4gige Moderation. Vor allem aber die \u201eWerkstadt\u201c zum (Mit-)Ar\u00adbeiten unter freiem Himmel bzw. unter dem \u201eDach\u201c der HTS mit der \u201eSkulpturenwerkstatt\u201c, die zum Bau von Skulpturen einl\u00e4dt und nicht zuletzt der Siegerlandsong \u201eGl\u00fcckliche Gewinner\u201c, als KlangWerkStadt mit dem \u201eIndustrieorchester\u201c und originelle Instrumenten.<\/p>\n<p>Ein besonderes Highlight ist der kostenlose Shuttleservice mit dem H\u00fcbbelbummler, der von einer Sonderhaltestelle am Bahnhofsvorplatz zum Veranstaltungsort und zur\u00fcck f\u00e4hrt und so f\u00fcr eine attraktive Verbindung zur Werkstadt sorgt. Auch der Lokschuppen ist zur Besichtigung ge\u00f6ffnet. F\u00fcr das leibliche Wohl ist ebenfalls gesorgt. Angeboten werden W\u00fcrstchen, Waffeln und Getr\u00e4nke.<\/p>\n<p>Und das Beste zum Schluss: der Eintritt zum \u201eTag der Technik\u201c ist frei!<\/p>\n<p>Weitere Informationen zum Tag der Technik finden Sie im\u00a0<a href=\"http:\/\/www.vdsm.net\/agvsiwi\/Flyer-2013.pdf\" target=\"_blank\">Programmheft\u00a0<\/a>und im Internet unter\u00a0<a href=\"http:\/\/www.tag-der-technik-siegen.de\/\" target=\"_blank\">http:\/\/www.tag-der-technik-siegen.de<\/a>.<\/p>\n","protected":false},"excerpt":{"rendered":"<p>Am Samstag, dem 21. September 2013, ist es wieder soweit: Zum vierten Mal findet der \u201eTag der Technik\u201c von 11.00 bis 17.00 Uhr statt, ein&#8230;<\/p>\n","protected":false},"author":2,"featured_media":1664,"comment_status":"open","ping_status":"open","sticky":false,"template":"","format":"standard","meta":{"_jetpack_memberships_contains_paid_content":false,"footnotes":""},"categories":[1],"tags":[],"class_list":["post-1663","post","type-post","status-publish","format-standard","has-post-thumbnail","hentry","category-aktuell"],"jetpack_featured_media_url":"https:\/\/www.vdsm.net\/wronline\/wp-content\/uploads\/2013\/09\/tdt12.jpg","jetpack_sharing_enabled":true,"_links":{"self":[{"href":"https:\/\/www.vdsm.net\/wronline\/wp-json\/wp\/v2\/posts\/1663","targetHints":{"allow":["GET"]}}],"collection":[{"href":"https:\/\/www.vdsm.net\/wronline\/wp-json\/wp\/v2\/posts"}],"about":[{"href":"https:\/\/www.vdsm.net\/wronline\/wp-json\/wp\/v2\/types\/post"}],"author":[{"embeddable":true,"href":"https:\/\/www.vdsm.net\/wronline\/wp-json\/wp\/v2\/users\/2"}],"replies":[{"embeddable":true,"href":"https:\/\/www.vdsm.net\/wronline\/wp-json\/wp\/v2\/comments?post=1663"}],"version-history":[{"count":2,"href":"https:\/\/www.vdsm.net\/wronline\/wp-json\/wp\/v2\/posts\/1663\/revisions"}],"predecessor-version":[{"id":1666,"href":"https:\/\/www.vdsm.net\/wronline\/wp-json\/wp\/v2\/posts\/1663\/revisions\/1666"}],"wp:featuredmedia":[{"embeddable":true,"href":"https:\/\/www.vdsm.net\/wronline\/wp-json\/wp\/v2\/media\/1664"}],"wp:attachment":[{"href":"https:\/\/www.vdsm.net\/wronline\/wp-json\/wp\/v2\/media?parent=1663"}],"wp:term":[{"taxonomy":"category","embeddable":true,"href":"https:\/\/www.vdsm.net\/wronline\/wp-json\/wp\/v2\/categories?post=1663"},{"taxonomy":"post_tag","embeddable":true,"href":"https:\/\/www.vdsm.net\/wronline\/wp-json\/wp\/v2\/tags?post=1663"}],"curies":[{"name":"wp","href":"https:\/\/api.w.org\/{rel}","templated":true}]}}