{"id":157,"date":"2011-12-05T12:28:24","date_gmt":"2011-12-05T11:28:24","guid":{"rendered":"http:\/\/www.vdsm.net\/wronline\/?p=157"},"modified":"2011-12-05T12:31:08","modified_gmt":"2011-12-05T11:31:08","slug":"einzelhandel-mit-erstem-halbjahr-sehr-zufrieden","status":"publish","type":"post","link":"https:\/\/www.vdsm.net\/wronline\/einzelhandel-mit-erstem-halbjahr-sehr-zufrieden\/","title":{"rendered":"Einzelhandel mit erstem Halbjahr sehr zufrieden"},"content":{"rendered":"<p>Siegen, 5. Dezember 2011. Im ersten Halbjahr 2011 haben viele Einzelh\u00e4ndler ihre guten Ums\u00e4tze des Vorjahres noch einmal, teilweise um 4 bis 5 Prozent, steigern k\u00f6nnen. Zurzeit ist die Einsch\u00e4tzung gespalten: Vom sonnigen Wetter haben in den letzten Wochen die Anbieter von Markisen und anderen Sonnenschutzeinrichtungen profitiert. Anderen Einzelh\u00e4ndlern w\u00fcrde ein Wetterumschwung gut tun. Noch l\u00e4uft der Absatz der Winterbekleidung verhalten. Erst mit den ersten Schlechtwettertagen werden die Ums\u00e4tze sp\u00fcrbar anziehen. \u201eM\u00e4nner kaufen Schuhe erst, wenn sie kalte und nasse F\u00fc\u00dfe haben\u201c, so ein H\u00e4ndler anl\u00e4sslich der Sitzung des Einzelhandelsausschusses der Industrie- und Handelskammer Siegen (IHK). Michael Schreiber, Vorsitzender des Ausschusses, holte ein breites Meinungsbild der Anwesenden ein. Ein Ergebnis: Selbst Weihnachtsspezialit\u00e4ten schmecken den Kunden erst so richtig bei winterlichen Temperaturen. W\u00e4hrend das Wetter die Kauflust eher ged\u00e4mpft hat, zeigt die Schuldenkrise positive Auswirkungen f\u00fcr Teile des Einzelhandels. Sicherheitsbewusste K\u00e4ufer nehmen jetzt gr\u00f6\u00dfere Anschaffungen wie den Kauf von M\u00f6beln vor. Sie wollen ihr \u201eGeld in Sicherheit bringen\u201c, so ein Ausschussteilnehmer.<\/p>\n","protected":false},"excerpt":{"rendered":"<p>Siegen, 5. Dezember 2011. Im ersten Halbjahr 2011 haben viele Einzelh\u00e4ndler ihre guten Ums\u00e4tze des Vorjahres noch einmal, teilweise um 4 bis 5 Prozent, steigern&#8230;<\/p>\n","protected":false},"author":2,"featured_media":0,"comment_status":"open","ping_status":"open","sticky":false,"template":"","format":"standard","meta":{"_jetpack_memberships_contains_paid_content":false,"footnotes":""},"categories":[11],"tags":[],"class_list":["post-157","post","type-post","status-publish","format-standard","hentry","category-regionale-wirtschaft"],"jetpack_featured_media_url":"","jetpack_sharing_enabled":true,"_links":{"self":[{"href":"https:\/\/www.vdsm.net\/wronline\/wp-json\/wp\/v2\/posts\/157","targetHints":{"allow":["GET"]}}],"collection":[{"href":"https:\/\/www.vdsm.net\/wronline\/wp-json\/wp\/v2\/posts"}],"about":[{"href":"https:\/\/www.vdsm.net\/wronline\/wp-json\/wp\/v2\/types\/post"}],"author":[{"embeddable":true,"href":"https:\/\/www.vdsm.net\/wronline\/wp-json\/wp\/v2\/users\/2"}],"replies":[{"embeddable":true,"href":"https:\/\/www.vdsm.net\/wronline\/wp-json\/wp\/v2\/comments?post=157"}],"version-history":[{"count":3,"href":"https:\/\/www.vdsm.net\/wronline\/wp-json\/wp\/v2\/posts\/157\/revisions"}],"predecessor-version":[{"id":160,"href":"https:\/\/www.vdsm.net\/wronline\/wp-json\/wp\/v2\/posts\/157\/revisions\/160"}],"wp:attachment":[{"href":"https:\/\/www.vdsm.net\/wronline\/wp-json\/wp\/v2\/media?parent=157"}],"wp:term":[{"taxonomy":"category","embeddable":true,"href":"https:\/\/www.vdsm.net\/wronline\/wp-json\/wp\/v2\/categories?post=157"},{"taxonomy":"post_tag","embeddable":true,"href":"https:\/\/www.vdsm.net\/wronline\/wp-json\/wp\/v2\/tags?post=157"}],"curies":[{"name":"wp","href":"https:\/\/api.w.org\/{rel}","templated":true}]}}