{"id":15587,"date":"2019-09-06T09:42:21","date_gmt":"2019-09-06T07:42:21","guid":{"rendered":"https:\/\/www.vdsm.net\/wronline\/?p=15587"},"modified":"2019-09-06T13:50:48","modified_gmt":"2019-09-06T11:50:48","slug":"der-campus-buschhuetten-nimmt-fahrt-auf","status":"publish","type":"post","link":"https:\/\/www.vdsm.net\/wronline\/der-campus-buschhuetten-nimmt-fahrt-auf\/","title":{"rendered":"&#8222;Campus Buschh\u00fctten&#8220; nimmt Fahrt auf"},"content":{"rendered":"<p>Die Halle 54 von Volkswagen in Wolfsburg setzte einst Ma\u00dfst\u00e4be in Sachen automatisierter und roboterbasierter Fertigung. Die Hallen 5 und 6 der Achenbach Buschh\u00fctten GmbH &amp; Co. KG in Kreuztal-Buschh\u00fctten d\u00fcrften f\u00fcr die Industrie in Siegen-Wittgenstein und dar\u00fcber hinaus zu einem vergleichbaren Leuchtturmprojekt werden. Dort entsteht n\u00e4mlich in Kooperation mit der Universit\u00e4t Siegen der &#8222;<a href=\"https:\/\/www.campus-buschhuetten.de\/index.php\" target=\"_blank\" rel=\"noopener noreferrer\">Campus Buschh\u00fctten<\/a>&#8222;. Der Vertrag zwischen Unternehmen und Uni wurde jetzt im Beisein zahlreicher G\u00e4ste aus Wirtschaft, Politik und Verwaltung von Dipl.-Ing. ETH Axel E. Barten, Gesch\u00e4ftsf\u00fchrender Gesellschafter der Achenbach Buschh\u00fctten GmbH &amp; Co. KG, und Ulf Richter, Kanzler der Universit\u00e4t Siegen, unterzeichnet.<\/p>\n<div id=\"attachment_15590\" style=\"width: 310px\" class=\"wp-caption alignleft\"><a href=\"https:\/\/www.vdsm.net\/wronline\/wp-content\/uploads\/2019\/09\/IMG_3547.jpg\"><img loading=\"lazy\" decoding=\"async\" aria-describedby=\"caption-attachment-15590\" class=\"size-medium wp-image-15590\" src=\"https:\/\/www.vdsm.net\/wronline\/wp-content\/uploads\/2019\/09\/IMG_3547-300x200.jpg\" alt=\"\" width=\"300\" height=\"200\" srcset=\"https:\/\/www.vdsm.net\/wronline\/wp-content\/uploads\/2019\/09\/IMG_3547-300x200.jpg 300w, https:\/\/www.vdsm.net\/wronline\/wp-content\/uploads\/2019\/09\/IMG_3547-768x512.jpg 768w, https:\/\/www.vdsm.net\/wronline\/wp-content\/uploads\/2019\/09\/IMG_3547.jpg 777w\" sizes=\"auto, (max-width: 300px) 100vw, 300px\" \/><\/a><p id=\"caption-attachment-15590\" class=\"wp-caption-text\">Dipl.-Ing. ETH Axel E. Barten (links), Gesch\u00e4ftsf\u00fchrender Gesellschafter der Achenbach Buschh\u00fctten GmbH &amp; Co. KG, und Ulf Richter, Kanzler der Universit\u00e4t Siegen, unterzeichneten den Vertrag.<\/p><\/div>\n<p>2019 hat das Projekt \u201eCampus Buschh\u00fctten\u201c Fahrt aufgenommen. Das Leitbild wurde schnell gefunden: \u201eWir produzieren. Zukunft\u201c. Auch die erforderlichen Bauma\u00dfnahmen wurden inzwischen auf den Weg gebracht. Auf ca. 5.000 qm entstehen moderne B\u00fcrofl\u00e4chen, Labore und multifunktionale Hallenfl\u00e4chen in einem voll digitalisierten Geb\u00e4ude. Die Hallen werden so zu einem modernen &#8222;Place to be\u201c f\u00fcr Innovation, Forschung und Demonstration der Produktionstechnik. Es entsteht eine einzigartige Verbindung aus Industrietradition und Zukunftsgewandtheit. Universit\u00e4t und Unternehmen sollen dort einen Ort finden, um gemeinsam Produktionstechnik der Zukunft zu entwickeln und zu vermitteln.<\/p>\n<p>Initiatoren des Projektes sind Prof. Dr.-Ing. Peter Burggr\u00e4f, Lehrstuhlinhaber International Production Engineering and Management (IPEM) an der Universit\u00e4t Siegen und Dipl.-Ing. ETH Axel E. Barten. Professor Burggr\u00e4f wird mit seinem Lehrstuhl und 15 Mitarbeitern selbst auf den neuen Campus ziehen. Dort sollen dann beispielsweise mit einer Demonstrationsanlage verschiedene Aspekte der Industrie 4.0 erforscht werden. Gleichzeitig entsteht dort ein moderner Lernort f\u00fcr die Studierenden des Maschinenbaus der Universit\u00e4t Siegen.<\/p>\n<p><iframe loading=\"lazy\" title=\"Campus Buschh\u00fctten Flythrough\" width=\"500\" height=\"281\" src=\"https:\/\/www.youtube.com\/embed\/gBnpsPVpqp0?start=57&#038;feature=oembed\" frameborder=\"0\" allow=\"accelerometer; autoplay; clipboard-write; encrypted-media; gyroscope; picture-in-picture; web-share\" referrerpolicy=\"strict-origin-when-cross-origin\" allowfullscreen><\/iframe><\/p>\n<p>Ein weiterer Mieter und Partner auf dem Campus wird die \u201eSmarte Demonstrationsfabrik Siegen\u201c (SDFS) sein. Die Demonstrationsfabrik wird Produkte z. B. f\u00fcr die Automobilindustrie unter realen Bedingungen herstellen. Gleichzeitig dient sie als Labor f\u00fcr Forschung, Entwicklung und Demonstration der neuesten Produktionstechnik. Partner sind eingeladen, sich an diesem Labor zu beteiligen und einen erlebbaren Ausstellungs- und Weiterbildungsort zu gestalten. Ein bereits aktiver Partner ist die <a href=\"https:\/\/www.cloos.de\/\" target=\"_blank\" rel=\"noopener noreferrer\">Carl Cloos Schwei\u00dftechnik GmbH<\/a>, die modernste Schwei\u00df- und Automatisierungstechnik in der Demonstrationsfabrik pr\u00e4sentieren wird. Auf einer Anlage von Cloos fertigt die Demonstrationsfabrik in einer \u00dcbergangshalle bereits die Hinterachse des Elektrofahrzeugs \u201ee.GO Life\u201c. Auch die <a href=\"https:\/\/www.net-online.de\/\" target=\"_blank\" rel=\"noopener noreferrer\">NET AG system integration<\/a> ist bereits Mitglied und wir die Demonstrationsfabrik nutzen, um das gesamte Leistungsspektrum moderner digitaler Engineering-L\u00f6sungen (CAD, PLM, IIoT) vermitteln zu k\u00f6nnen. Zuk\u00fcnftig soll die SDFS mit der bereits etablierten Demonstrationsfabrik in Aachen unter der Leitung von Prof. Dr. G\u00fcnther Schuh, Direktor des Werkzeugmaschinenlabors der RWTH Aachen (WZL) und CEO der e.GO Mobile AG, vernetzt werden. Geplant ist zudem, dass das WZL f\u00fcr einen zun\u00e4chst begrenzten Projektzeitraum eine eigene Fl\u00e4che im Campus Buschh\u00fctten anmietet.<\/p>\n<p>Achenbach Buschh\u00fctten selber wird den Campus nutzen, um dort die seit Jahrzehnten bew\u00e4hrte gewerblich-technische Ausbildungswerkstatt unter neuer Firmierung als \u201eSmarte Lernfabrik Achenbach Buschh\u00fctten\u201c neu anzusiedeln. Im Zeitalter von Industrie 4.0 soll die gewerblich-technische Ausbildung so schnell wie m\u00f6glich auf eine neue Basis gestellt werden. Wertvolle didaktische Begleitung wird dabei der Lehrstuhl f\u00fcr Didaktik der Technik am Berufskolleg der Universit\u00e4t Siegen unter der Leitung von Prof. Dr. Ralph Dreher leisten. Konkret geht es in der Ausbildung darum, k\u00fcnftig verst\u00e4rkt Methodenkompetenzen, moderne Formen der Zusammenarbeit und IT-F\u00e4higkeiten sowie den Umgang mit K\u00fcnstlicher Intelligenz (KI) zu vermitteln. Dies gilt f\u00fcr die derzeitigen Ausbildungsberufe zum Industriemechaniker und Zerspanungsmechaniker und f\u00fcr den neuen Ausbildungsberuf des Produktionstechnologen, der das Ausbildungsspektrum bei Achenbach erg\u00e4nzen wird. Ein weiterer wichtiger Schwerpunkt werden Weiterbildungsangebote sein. In enger Zusammenarbeit mit der SDFS werden zus\u00e4tzliche Ausbildungsmodule in das Programm der Smarten Lernfabrik aufgenommen. Damit r\u00fccken universit\u00e4re Lehre und duale Ausbildung am Campus Buschh\u00fctten enger zusammen.<\/p>\n<p>Das Siegerland ist durch eine jahrhundertealte Industrietradition gepr\u00e4gt. Diese Kultur und Historie der regionalen Industrie sind in den Hallen 5 und 6 der Achenbach Buschh\u00fctten GmbH &amp; Co. KG sp\u00fcrbar, die zuk\u00fcnftig unter der Bezeichnung \u201eCampus Buschh\u00fctten\u201c zu neuem Leben erweckt werden. Bei den beiden Hallen handelt es sich um die Mitte des 19. Jahrhunderts errichteten Geb\u00e4ude der Walzengie\u00dferei Engelhard Achenbach Seel. S\u00f6hne, wie das heutige Unternehmen Achenbach Buschh\u00fctten bis in die 1930er Jahre firmierte. Nach der Stilllegung der Walzengie\u00dferei 1987 und der Konzentration auf den Walzwerksanlagenbau wurden die Hallen drei Jahrzehnte lang zu Lagerzwecken genutzt.<\/p>\n<p>Neben der industriekulturellen Bedeutung des Ensembles im Zentrum von Buschh\u00fctten besticht vor allem die Halle 5 mit ihrer rigiden, sorgf\u00e4ltig gestalteten Backsteinfassade und ihrer filigranen Stahlkonstruktion. F\u00fcr den Architekten Florian Hoogen ist es zweifelsfrei eine besondere Aufgabe, die beiden Hallen unter Erhalt der architektonischen Sch\u00f6nheit zu modernisieren: ebenerdig, mehrschiffig, teils 16 Meter hoch und bis zu 120 Meter lang.<\/p>\n<p>Achenbach Buschh\u00fctten selbst ist eines der \u00e4ltesten industriellen Familienunternehmen in Deutschland. 1452 als Schmiedehammer gegr\u00fcndet, ist Achenbach nach rund 400 Jahren im genossenschaftlichen Besitz zu 100 Prozent ein reines Familienunternehmen, das derzeit in 7. und 8. Generation nach den Br\u00fcdern Achenbach, die den Eisenhammer 1846 kauften, gemeinsam gef\u00fchrt wird.<\/p>\n<p>&#8222;Familienunternehmen im eigentlichen Sinn befinden sich in Familienbesitz, sind eigent\u00fcmergef\u00fchrt und in den meisten F\u00e4llen von mittelst\u00e4ndischer Unternehmensgr\u00f6\u00dfe. Zu ihren Vorteilspositionen z\u00e4hlen 1. eine gro\u00dfe Wertestabilit\u00e4t bspw. in Bezug auf die verfolgte Qualit\u00e4tsstrategie, 2. eine gro\u00dfe Mitarbeiterloyalit\u00e4t, wie vergleichsweise lange Betriebszugeh\u00f6rigkeiten belegen und 3. eine gro\u00dfe Handlungsflexibilit\u00e4t im Sinne von schnellem Lernen und pragmatischem Handeln \u2013 allesamt Vorteilspositionen, die es zu nutzen gilt.<\/p>\n<p>Basis daf\u00fcr ist eine vergleichsweise langfristige Orientierung in der Unternehmensf\u00fchrung, sowohl in Bezug auf die strategischen Unternehmensziele als auch hinsichtlich der personellen F\u00fchrung, die nicht selten jahrzehntelang anh\u00e4lt. Gut gef\u00fchrten Familienunternehmen gelingt es, die Institution \u201aUnternehmen\u2018 mit dem Gestaltungsprinzip \u201aLeistung\u2018, mit der Institution \u201aFamilie\u2018, das dem Gestaltungsprinzip \u201aSolidarit\u00e4t\u2018 gehorcht, zu verbinden: Erfolgsstreben und Rationalit\u00e4t, um im Markt erfolgreich zu sein, werden erg\u00e4nzt um einen Schuss \u201aSolidarit\u00e4t\u2018 i.S. von Sicherheit, F\u00fcrsorge und Wir-Gef\u00fchl.<\/p>\n<p>Gut gef\u00fchrte Familienunternehmen wissen um die Tatsache, dass Vorspr\u00fcnge von Produkten und Know how stets Vorspr\u00fcnge durch einzelne Menschen sind, die Mitarbeiter aus der Region. Unternehmerfamilien, die dies beherzigen, identifizieren sich mit der heimischen Region, sind vor Ort pr\u00e4sent und f\u00fchlen sich in ihrer unternehmerischen Verantwortung auch \u00fcber den rein wirtschaftlichen Bereich hinaus angesprochen. Sie unterst\u00fctzen die Region im Rahmen des M\u00f6glichen, im Kleinen und manchmal eben auch im Gr\u00f6\u00dferen, wenn es die Gunst der Stunde erlaubt, wie ganz aktuell in Sachen Campus Buschh\u00fctten.&#8220;<\/p>\n<p><em>Axel und Dr. Gabriele Barten<\/em><br \/>\n<em>f\u00fcr die Unternehmerfamilie eines der \u00e4ltesten industriellen Familienunternehmen in Deutschland<\/em><\/p>\n<p>Grafiken und Informationen: <a href=\"https:\/\/www.achenbach.de\/\" target=\"_blank\" rel=\"noopener noreferrer\">Achenbach Buschh\u00fctten GmbH &amp; Co. KG<\/a><\/p>\n<p>Foto: Julia F\u00f6rster<\/p>\n","protected":false},"excerpt":{"rendered":"<p>Die Halle 54 von Volkswagen in Wolfsburg setzte einst Ma\u00dfst\u00e4be in Sachen automatisierter und roboterbasierter Fertigung. Die Hallen 5 und 6 der Achenbach Buschh\u00fctten GmbH&#8230;<\/p>\n","protected":false},"author":2,"featured_media":15589,"comment_status":"open","ping_status":"open","sticky":false,"template":"","format":"standard","meta":{"_jetpack_memberships_contains_paid_content":false,"footnotes":""},"categories":[1,8,32,30,10],"tags":[],"class_list":["post-15587","post","type-post","status-publish","format-standard","has-post-thumbnail","hentry","category-aktuell","category-ausbildung","category-infos","category-vermischtes","category-unternehmen"],"jetpack_featured_media_url":"https:\/\/www.vdsm.net\/wronline\/wp-content\/uploads\/2019\/09\/Aussenansicht-virtuell.jpg","jetpack_sharing_enabled":true,"_links":{"self":[{"href":"https:\/\/www.vdsm.net\/wronline\/wp-json\/wp\/v2\/posts\/15587","targetHints":{"allow":["GET"]}}],"collection":[{"href":"https:\/\/www.vdsm.net\/wronline\/wp-json\/wp\/v2\/posts"}],"about":[{"href":"https:\/\/www.vdsm.net\/wronline\/wp-json\/wp\/v2\/types\/post"}],"author":[{"embeddable":true,"href":"https:\/\/www.vdsm.net\/wronline\/wp-json\/wp\/v2\/users\/2"}],"replies":[{"embeddable":true,"href":"https:\/\/www.vdsm.net\/wronline\/wp-json\/wp\/v2\/comments?post=15587"}],"version-history":[{"count":8,"href":"https:\/\/www.vdsm.net\/wronline\/wp-json\/wp\/v2\/posts\/15587\/revisions"}],"predecessor-version":[{"id":32188,"href":"https:\/\/www.vdsm.net\/wronline\/wp-json\/wp\/v2\/posts\/15587\/revisions\/32188"}],"wp:featuredmedia":[{"embeddable":true,"href":"https:\/\/www.vdsm.net\/wronline\/wp-json\/wp\/v2\/media\/15589"}],"wp:attachment":[{"href":"https:\/\/www.vdsm.net\/wronline\/wp-json\/wp\/v2\/media?parent=15587"}],"wp:term":[{"taxonomy":"category","embeddable":true,"href":"https:\/\/www.vdsm.net\/wronline\/wp-json\/wp\/v2\/categories?post=15587"},{"taxonomy":"post_tag","embeddable":true,"href":"https:\/\/www.vdsm.net\/wronline\/wp-json\/wp\/v2\/tags?post=15587"}],"curies":[{"name":"wp","href":"https:\/\/api.w.org\/{rel}","templated":true}]}}