{"id":15566,"date":"2019-09-04T12:11:29","date_gmt":"2019-09-04T10:11:29","guid":{"rendered":"https:\/\/www.vdsm.net\/wronline\/?p=15566"},"modified":"2019-09-05T08:35:12","modified_gmt":"2019-09-05T06:35:12","slug":"neustart-und-rueckblick-bei-walzen-irle","status":"publish","type":"post","link":"https:\/\/www.vdsm.net\/wronline\/neustart-und-rueckblick-bei-walzen-irle\/","title":{"rendered":"Neustart und R\u00fcckblick bei WALZEN IRLE"},"content":{"rendered":"<p>Der Beginn eines neuen Lebensabschnitts &#8211; neun Jugendliche starteten am 2. September 2019 ihre Ausbildung zum Gie\u00dferei-, Zerspanungs- und Industriemechaniker bei WALZEN IRLE. &#8222;Wir freuen uns, unsere neuen Azubis auf diesem spannenden Weg begleiten zu d\u00fcrfen und w\u00fcnschen allen einen guten Start in das Berufsleben und viel Erfolg bei ihrer Ausbildung in unserem Unternehmen&#8220;, hei\u00dft es in einer Pressemitteilung des Unternehmens.<\/p>\n<p>Im Unternehmen sei man davon \u00fcberzeugt, dass eine fundierte duale Ausbildung die optimale Basis f\u00fcr die berufliche Laufbahn ist, denn die enge Verkn\u00fcpfung von Theorie und Praxis biete vielf\u00e4ltige Entwicklungsm\u00f6glichkeiten. Ausbildung sei eine Investition in die Zukunft der Jugendlichen und des Unternehmens. Mit aktuell 21 Auszubildenden leistet das Unternehmen einen wichtigen Beitrag f\u00fcr die Zukunft der Jugend in unserer Region. Au\u00dferdem sichert die bedarfsgerechte Ausbildung dem Unternehmen Fachkr\u00e4fte, denen im Anschluss an die Ausbildung ein festes Arbeitsverh\u00e4ltnis angeboten werden kann.<\/p>\n<div id=\"attachment_15570\" style=\"width: 310px\" class=\"wp-caption alignleft\"><a href=\"https:\/\/www.vdsm.net\/wronline\/wp-content\/uploads\/2019\/09\/WALZEN-IRLE_Jubilare-2019_WEB.jpg\"><img loading=\"lazy\" decoding=\"async\" aria-describedby=\"caption-attachment-15570\" class=\"wp-image-15570 size-medium\" src=\"https:\/\/www.vdsm.net\/wronline\/wp-content\/uploads\/2019\/09\/WALZEN-IRLE_Jubilare-2019_WEB-300x207.jpg\" alt=\"\" width=\"300\" height=\"207\" srcset=\"https:\/\/www.vdsm.net\/wronline\/wp-content\/uploads\/2019\/09\/WALZEN-IRLE_Jubilare-2019_WEB-300x207.jpg 300w, https:\/\/www.vdsm.net\/wronline\/wp-content\/uploads\/2019\/09\/WALZEN-IRLE_Jubilare-2019_WEB-768x529.jpg 768w, https:\/\/www.vdsm.net\/wronline\/wp-content\/uploads\/2019\/09\/WALZEN-IRLE_Jubilare-2019_WEB.jpg 777w\" sizes=\"auto, (max-width: 300px) 100vw, 300px\" \/><\/a><p id=\"caption-attachment-15570\" class=\"wp-caption-text\">Im Bild (v.l.n.r.): R\u00fcdiger Habicht (40-j\u00e4hriges Jubil\u00e4um), R\u00fcdiger Diehl (40-j\u00e4hriges Jubil\u00e4um), Dr. Petrico von Schweinichen (Gesch\u00e4ftsf\u00fchrer), Kai Krause (25-j\u00e4hriges Jubil\u00e4um), Frank Schmidt (40-j\u00e4hriges Jubil\u00e4um), Theo Bender (40-j\u00e4hriges Jubil\u00e4um), Ernst-Heinrich Amos (40-j\u00e4hriges Jubil\u00e4um) und Klaus H\u00e4gele (GF). Im Bild fehlt Manfred St\u00f6cker (40-j\u00e4hriges Jubil\u00e4um).<\/p><\/div>\n<p>W\u00e4hrend die einen ihren ersten Grundstein f\u00fcr ihr Berufsleben gelegt haben, blicken andere Mitarbeiter auf ihre langj\u00e4hrige T\u00e4tigkeit und auf ihren eigenen Start bei WALZEN IRLE zur\u00fcck. Insgesamt sieben 40-j\u00e4hrige Dienstjubil\u00e4en und ein 25-j\u00e4hriges Dienstjubil\u00e4um sind in diesem Jahr Grund zu feiern.\u00a0Sie selbst machten alle ihre Ausbildung bei WALZEN IRLE und sind seitdem ein Teil des Teams. F\u00fcr die langj\u00e4hrige Mitarbeit und Treue zum Unternehmen wurde ihnen herzlich gedankt. &#8222;Auch in Zukunft sehen wir der Zusammenarbeit mit Freude entgegen&#8220;, hei\u00dft es in der Pressemitteilung des Unternehmens.<\/p>\n<p>Quelle: <a href=\"http:\/\/www.walzenirle.com\" target=\"_blank\" rel=\"noopener noreferrer\">WALZEN IRLE GmbH<\/a><\/p>\n","protected":false},"excerpt":{"rendered":"<p>Der Beginn eines neuen Lebensabschnitts &#8211; neun Jugendliche starteten am 2. September 2019 ihre Ausbildung zum Gie\u00dferei-, Zerspanungs- und Industriemechaniker bei WALZEN IRLE. &#8222;Wir freuen&#8230;<\/p>\n","protected":false},"author":6,"featured_media":15569,"comment_status":"open","ping_status":"open","sticky":false,"template":"","format":"standard","meta":{"_jetpack_memberships_contains_paid_content":false,"footnotes":""},"categories":[1,8,32,10],"tags":[],"class_list":["post-15566","post","type-post","status-publish","format-standard","has-post-thumbnail","hentry","category-aktuell","category-ausbildung","category-infos","category-unternehmen"],"jetpack_featured_media_url":"https:\/\/www.vdsm.net\/wronline\/wp-content\/uploads\/2019\/09\/WALZEN-IRLE_Azubis-2019_WEB.jpg","jetpack_sharing_enabled":true,"_links":{"self":[{"href":"https:\/\/www.vdsm.net\/wronline\/wp-json\/wp\/v2\/posts\/15566","targetHints":{"allow":["GET"]}}],"collection":[{"href":"https:\/\/www.vdsm.net\/wronline\/wp-json\/wp\/v2\/posts"}],"about":[{"href":"https:\/\/www.vdsm.net\/wronline\/wp-json\/wp\/v2\/types\/post"}],"author":[{"embeddable":true,"href":"https:\/\/www.vdsm.net\/wronline\/wp-json\/wp\/v2\/users\/6"}],"replies":[{"embeddable":true,"href":"https:\/\/www.vdsm.net\/wronline\/wp-json\/wp\/v2\/comments?post=15566"}],"version-history":[{"count":7,"href":"https:\/\/www.vdsm.net\/wronline\/wp-json\/wp\/v2\/posts\/15566\/revisions"}],"predecessor-version":[{"id":15575,"href":"https:\/\/www.vdsm.net\/wronline\/wp-json\/wp\/v2\/posts\/15566\/revisions\/15575"}],"wp:featuredmedia":[{"embeddable":true,"href":"https:\/\/www.vdsm.net\/wronline\/wp-json\/wp\/v2\/media\/15569"}],"wp:attachment":[{"href":"https:\/\/www.vdsm.net\/wronline\/wp-json\/wp\/v2\/media?parent=15566"}],"wp:term":[{"taxonomy":"category","embeddable":true,"href":"https:\/\/www.vdsm.net\/wronline\/wp-json\/wp\/v2\/categories?post=15566"},{"taxonomy":"post_tag","embeddable":true,"href":"https:\/\/www.vdsm.net\/wronline\/wp-json\/wp\/v2\/tags?post=15566"}],"curies":[{"name":"wp","href":"https:\/\/api.w.org\/{rel}","templated":true}]}}