{"id":15508,"date":"2019-09-02T08:20:45","date_gmt":"2019-09-02T06:20:45","guid":{"rendered":"https:\/\/www.vdsm.net\/wronline\/?p=15508"},"modified":"2019-09-02T08:20:45","modified_gmt":"2019-09-02T06:20:45","slug":"land-bewilligt-projekt-perspektive-suedwestfalen-2-0","status":"publish","type":"post","link":"https:\/\/www.vdsm.net\/wronline\/land-bewilligt-projekt-perspektive-suedwestfalen-2-0\/","title":{"rendered":"Land bewilligt Projekt \u201ePERSPEKTIVE S\u00fcdwestfalen 2.0\u201c"},"content":{"rendered":"<p>Das Regionalmarketing-Projekt \u201ePERSPEKTIVE 2.0\u201c darf offiziell an den Start gehen! Hans-Josef Vogel, Regierungspr\u00e4sident der Bezirksregierung Arnsberg, \u00fcberreichte der S\u00fcdwestfalen Agentur GmbH den F\u00f6rderbescheid \u00fcber rund 890.000 Euro zur Umsetzung der Projektidee. Das Vorhaben zielt darauf ab, das Markenimage der Region S\u00fcdwestfalen nachhaltig zu verbessern und heimischen Unternehmen bei der Fachkr\u00e4ftesicherung unter die Arme zu greifen. Neben Sch\u00fclerInnen, Studierenden und Neub\u00fcrgern sollen im neuen Projekt gezielt medizinisches Fachpersonal sowie Touristen angesprochen und auf die beruflichen und privaten Perspektiven in der Region aufmerksam gemacht werden.<\/p>\n<p>\u201eWir freuen uns sehr, dass unsere Idee \u00fcberzeugt hat! F\u00fcr die Region S\u00fcdwestfalen ist das eine gro\u00dfe Chance. Nun haben wir die M\u00f6glichkeit, mit einem echten Qualit\u00e4tssprung im Regionalmarketing innovative Projektans\u00e4tze umzusetzen und gemeinsam mit vielen Partnern Neues auszuprobieren\u201c, freut sich Marie Ting, Prokuristin und Leiterin des Regionalmarketings der S\u00fcdwestfalen Agentur GmbH.<\/p>\n<p>\u201ePERSPEKTIVE 2.0\u201c ist wie ein Dachprojekt zu verstehen, zu dem zwei Handlungsfelder geh\u00f6ren. Zum einen geht es darum, Sch\u00fclerInnen und Studierende in der Region auf ihre Ausbildungs-, Studien- und Berufsperspektiven vor Ort aufmerksam zu machen. Denn auch wenn das Bewusstsein der Wirtschaftskraft der Region S\u00fcdwestfalen stetig steigt: Gerade Sch\u00fclerInnen und Studierenden der Region fehlt oftmals das Gef\u00fchl f\u00fcr die St\u00e4rken ihrer Heimat bzw. ihres Studienortes, auf die man durchaus stolz sein kann. So wird beispielweise gemeinsam mit der Universit\u00e4t Siegen s\u00fcdwestf\u00e4lisches Lehrmaterial f\u00fcr Schulen in der Region erstellt. Auch ganzt\u00e4gige und unterhaltsame \u201eStudi-Tours\u201c in Unternehmen oder das Schnupperprogramm \u201eGap Year S\u00fcdwestfalen\u201c, in dem junge Menschen ein Praxisjahr in verschiedenen Unternehmen absolvieren k\u00f6nnen, sind entsprechende Projektbausteine von \u201ePERSPEKTIVE 2.0\u201c, die dazu beitragen sollen, den heimischen Nachwuchs in der Region zu halten.<\/p>\n<p><strong>Zentrale Zielgruppen: Medizinisches Fachpersonal und Touristen <\/strong><\/p>\n<p>Im zweiten Handlungsfeld des Projekts sollen Neub\u00fcrgerInnen in S\u00fcdwestfalen willkommen gehei\u00dfen und potentielle Fachkr\u00e4fte an die Region gebunden werden. Dabei entwickelt das Projekt die bereits entstandene Qualit\u00e4tsoffensive \u201eWillkommen in S\u00fcdwestfalen\u201c in Zusammenarbeit mit inzwischen \u00fcber 40 teilnehmenden Kommunen systematisch weiter. \u201eWir planen zum Beispiel gemeinsam mit der Brancheninitiative Gesundheitswirtschaft sowie dem Zweckverband der Krankenh\u00e4user S\u00fcdwestfalen einen Ansatz, um medizinisches und pflegerisches Fachpersonal f\u00fcr die Region zu begeistern\u201c, erkl\u00e4rt Saskia Haardt-Cerff, die gemeinsam mit Niklas Jung in der S\u00fcdwestfalen Agentur das Projekt \u201ePERSPEKTIVE 2.0\u201c betreut. \u201eDenn das Thema Gesundheitsversorgung ist f\u00fcr S\u00fcdwestfalen als l\u00e4ndlicher Raum zukunftsweisend: Die medizinische Versorgung zahlt unmittelbar auf die Attraktivit\u00e4t der Region ein\u201c. Dabei sollen alle s\u00fcdwestf\u00e4lischen Akteure, die sich bereits mit dem Thema besch\u00e4ftigen, mitarbeiten und bestehende Erfahrungen und Projektans\u00e4tze einbringen k\u00f6nnen.<\/p>\n<p>Ein weiteres neues Thema bildet die gezielte Ansprache von Touristen als m\u00f6gliche Neub\u00fcrger. Damit wird eine besondere St\u00e4rke der Region genutzt, denn Sauerland und Siegen-Wittgenstein geh\u00f6ren zu den beliebtesten Tourismusregionen Nordrhein-Westfalens. \u201eJ\u00e4hrlich kommen Millionen Touristen und Gesch\u00e4ftsreisende zu uns. Warum also nicht genau diese Zielgruppe auf die \u2013 oftmals verborgene \u2013 wirtschaftliche St\u00e4rke und die damit verbundenen pers\u00f6nlichen Perspektiven in S\u00fcdwestfalen aufmerksam machen?&#8220;, erkl\u00e4rt Ting. &#8222;Wir glauben, dass die Besucher so zu echten Botschaftern werden k\u00f6nnten. Vielleicht haben diese sogar gerade Lust auf einen Jobwechsel und m\u00f6chten ihren Lebensmittelpunkt aus der Gro\u00dfstadt ins Gr\u00fcne verlegen&#8230; Das w\u00e4re doch genau der Moment, in dem wir mit all den positiven Faktoren und spannenden Jobs der Region punkten k\u00f6nnen.\u201c Mit dem \u201eSchmallenberger Kinderland e.V.\u201c konnte auch hier ein starker Kooperationspartner gewonnen werden, mit dem der Projektbaustein modellhaft in die Umsetzung gehen wird.<\/p>\n<p><strong>Finanzierung des Projekts f\u00fcr drei Jahre gesichert<\/strong><\/p>\n<p>Unterst\u00fctzt wird \u201ePERSPEKTIVE 2.0\u201c mit rund 890.000 Euro bis 2022 aus Mitteln des Europ\u00e4ischen Fonds f\u00fcr regionale Entwicklung (EFRE). Neben den neuen Umsetzungspartnern arbeitet die S\u00fcdwestfalen Agentur auch eng mit den f\u00fcnf Kreisen in S\u00fcdwestfalen, dem Verein \u201eWirtschaft f\u00fcr S\u00fcdwestfalen\u201c, den Kommunen, Schulen und Hochschulen, Initiativen aus dem Bereich der Bildung und Ausbildung, Kammern, Arbeitgeber-, Unternehmens- und Tourismusverb\u00e4nden sowie Gewerkschaften und Heimatb\u00fcnden sowie weiteren Partnern zusammen.<\/p>\n<p>F\u00fcr weitere R\u00fcckfragen steht Ihnen Marie Ting zur Verf\u00fcgung: 0151 \/ 142 770 96, <a href=\"mailto:m.ting@suedwestfalen.com\">m.ting@suedwestfalen.com<\/a><\/p>\n","protected":false},"excerpt":{"rendered":"<p>Das Regionalmarketing-Projekt \u201ePERSPEKTIVE 2.0\u201c darf offiziell an den Start gehen! Hans-Josef Vogel, Regierungspr\u00e4sident der Bezirksregierung Arnsberg, \u00fcberreichte der S\u00fcdwestfalen Agentur GmbH den F\u00f6rderbescheid \u00fcber rund&#8230;<\/p>\n","protected":false},"author":2,"featured_media":15509,"comment_status":"open","ping_status":"open","sticky":false,"template":"","format":"standard","meta":{"_jetpack_memberships_contains_paid_content":false,"footnotes":""},"categories":[1,32,30,11],"tags":[],"class_list":["post-15508","post","type-post","status-publish","format-standard","has-post-thumbnail","hentry","category-aktuell","category-infos","category-vermischtes","category-regionale-wirtschaft"],"jetpack_featured_media_url":"https:\/\/www.vdsm.net\/wronline\/wp-content\/uploads\/2019\/09\/Perspektive_Suedwestfalen_2.jpg","jetpack_sharing_enabled":true,"_links":{"self":[{"href":"https:\/\/www.vdsm.net\/wronline\/wp-json\/wp\/v2\/posts\/15508","targetHints":{"allow":["GET"]}}],"collection":[{"href":"https:\/\/www.vdsm.net\/wronline\/wp-json\/wp\/v2\/posts"}],"about":[{"href":"https:\/\/www.vdsm.net\/wronline\/wp-json\/wp\/v2\/types\/post"}],"author":[{"embeddable":true,"href":"https:\/\/www.vdsm.net\/wronline\/wp-json\/wp\/v2\/users\/2"}],"replies":[{"embeddable":true,"href":"https:\/\/www.vdsm.net\/wronline\/wp-json\/wp\/v2\/comments?post=15508"}],"version-history":[{"count":1,"href":"https:\/\/www.vdsm.net\/wronline\/wp-json\/wp\/v2\/posts\/15508\/revisions"}],"predecessor-version":[{"id":15510,"href":"https:\/\/www.vdsm.net\/wronline\/wp-json\/wp\/v2\/posts\/15508\/revisions\/15510"}],"wp:featuredmedia":[{"embeddable":true,"href":"https:\/\/www.vdsm.net\/wronline\/wp-json\/wp\/v2\/media\/15509"}],"wp:attachment":[{"href":"https:\/\/www.vdsm.net\/wronline\/wp-json\/wp\/v2\/media?parent=15508"}],"wp:term":[{"taxonomy":"category","embeddable":true,"href":"https:\/\/www.vdsm.net\/wronline\/wp-json\/wp\/v2\/categories?post=15508"},{"taxonomy":"post_tag","embeddable":true,"href":"https:\/\/www.vdsm.net\/wronline\/wp-json\/wp\/v2\/tags?post=15508"}],"curies":[{"name":"wp","href":"https:\/\/api.w.org\/{rel}","templated":true}]}}