{"id":15411,"date":"2019-08-26T08:05:07","date_gmt":"2019-08-26T06:05:07","guid":{"rendered":"https:\/\/www.vdsm.net\/wronline\/?p=15411"},"modified":"2019-08-26T08:05:07","modified_gmt":"2019-08-26T06:05:07","slug":"fit-fuer-die-existenzgruendung-in-wittgenstein-2","status":"publish","type":"post","link":"https:\/\/www.vdsm.net\/wronline\/fit-fuer-die-existenzgruendung-in-wittgenstein-2\/","title":{"rendered":"Fit f\u00fcr die Existenzgr\u00fcndung in Wittgenstein"},"content":{"rendered":"<p>Am 6. September 2019 findet im \u201eHaus des Gastes\u201c, Wilhelmsplatz 3, 57334 Bad Laasphe, eine Informationsveranstaltung f\u00fcr Existenzgr\u00fcnder statt. Die Expertinnen von der Industrie- und Handelskammer Siegen (IHK) geben von 9 bis 13:30 Uhr praktische Tipps f\u00fcr die Unternehmensgr\u00fcndung. Denn: Eine gute Idee allein reicht oft nicht, sie muss in einen passenden \u201eRahmen\u201c gestellt werden, um erfolgreich zu sein. Dabei ist viel zu beachten, um das junge Unternehmen von Anfang an auf Erfolgskurs zu bringen. Die kostenlose Veranstaltung findet im Rahmen der Gr\u00fcndungsinitiative Wittgenstein statt. Interessenten melden sich bitte online \u00fcber <a href=\"https:\/\/events.ihk-siegen.de\/termine\/268\/\" target=\"_blank\" rel=\"noopener noreferrer\">https:\/\/events.ihk-siegen.de\/termine\/268\/<\/a> oder bei der IHK Siegen, Julia Remmel, Tel.: 0271 3302-133, an.<\/p>\n<p>Die IHK Siegen ist Mitglied bei \u201eStartpunkt57&#8243;. Die Initiative f\u00fcr Gr\u00fcnder ist ein Zusammenschluss zahlreicher Unternehmen und Institutionen aus der Region Siegen-Wittgenstein zur F\u00f6rderung von Existenzgr\u00fcndern. Weitere Informationen zu Existenzgr\u00fcndung und Selbstst\u00e4ndigkeit gibt es unter <a href=\"http:\/\/www.ihk-siegen.de\" target=\"_blank\" rel=\"noopener noreferrer\">www.ihk-siegen.de<\/a> und <a href=\"http:\/\/www.startpunkt57.de\" target=\"_blank\" rel=\"noopener noreferrer\">www.startpunkt57.de<\/a>.<\/p>\n<p>Info: IHK Siegen<\/p>\n","protected":false},"excerpt":{"rendered":"<p>Am 6. September 2019 findet im \u201eHaus des Gastes\u201c, Wilhelmsplatz 3, 57334 Bad Laasphe, eine Informationsveranstaltung f\u00fcr Existenzgr\u00fcnder statt. Die Expertinnen von der Industrie- und&#8230;<\/p>\n","protected":false},"author":2,"featured_media":4018,"comment_status":"open","ping_status":"open","sticky":false,"template":"","format":"standard","meta":{"_jetpack_memberships_contains_paid_content":false,"footnotes":""},"categories":[32,30,34,11],"tags":[],"class_list":["post-15411","post","type-post","status-publish","format-standard","has-post-thumbnail","hentry","category-infos","category-vermischtes","category-termine","category-regionale-wirtschaft"],"jetpack_featured_media_url":"https:\/\/www.vdsm.net\/wronline\/wp-content\/uploads\/2016\/06\/wronline-ihk.jpg","jetpack_sharing_enabled":true,"_links":{"self":[{"href":"https:\/\/www.vdsm.net\/wronline\/wp-json\/wp\/v2\/posts\/15411","targetHints":{"allow":["GET"]}}],"collection":[{"href":"https:\/\/www.vdsm.net\/wronline\/wp-json\/wp\/v2\/posts"}],"about":[{"href":"https:\/\/www.vdsm.net\/wronline\/wp-json\/wp\/v2\/types\/post"}],"author":[{"embeddable":true,"href":"https:\/\/www.vdsm.net\/wronline\/wp-json\/wp\/v2\/users\/2"}],"replies":[{"embeddable":true,"href":"https:\/\/www.vdsm.net\/wronline\/wp-json\/wp\/v2\/comments?post=15411"}],"version-history":[{"count":1,"href":"https:\/\/www.vdsm.net\/wronline\/wp-json\/wp\/v2\/posts\/15411\/revisions"}],"predecessor-version":[{"id":15412,"href":"https:\/\/www.vdsm.net\/wronline\/wp-json\/wp\/v2\/posts\/15411\/revisions\/15412"}],"wp:featuredmedia":[{"embeddable":true,"href":"https:\/\/www.vdsm.net\/wronline\/wp-json\/wp\/v2\/media\/4018"}],"wp:attachment":[{"href":"https:\/\/www.vdsm.net\/wronline\/wp-json\/wp\/v2\/media?parent=15411"}],"wp:term":[{"taxonomy":"category","embeddable":true,"href":"https:\/\/www.vdsm.net\/wronline\/wp-json\/wp\/v2\/categories?post=15411"},{"taxonomy":"post_tag","embeddable":true,"href":"https:\/\/www.vdsm.net\/wronline\/wp-json\/wp\/v2\/tags?post=15411"}],"curies":[{"name":"wp","href":"https:\/\/api.w.org\/{rel}","templated":true}]}}