{"id":1491,"date":"2013-06-27T15:56:51","date_gmt":"2013-06-27T13:56:51","guid":{"rendered":"http:\/\/www.vdsm.net\/wronline\/?p=1491"},"modified":"2013-06-27T15:56:51","modified_gmt":"2013-06-27T13:56:51","slug":"vorbildfrauen-geben-schuelerinnen-einblicke","status":"publish","type":"post","link":"https:\/\/www.vdsm.net\/wronline\/vorbildfrauen-geben-schuelerinnen-einblicke\/","title":{"rendered":"Vorbildfrauen geben Sch\u00fclerinnen Einblicke"},"content":{"rendered":"<p><img loading=\"lazy\" decoding=\"async\" class=\"alignleft\" style=\"margin: 10px; border: 1px solid black;\" title=\"Die Sch\u00fclerinnen, die am Projekt \u201aM\u00e4dchen und Technik \u2013 MuT \u2013 Vorbildfrauen geben Einblicke in Zukunftsberufe\u2018 teilnehmen, haben im Berufskolleg Technik viele neue Eindr\u00fccke gewonnen.\" alt=\"Die Sch\u00fclerinnen, die am Projekt \u201aM\u00e4dchen und Technik \u2013 MuT \u2013 Vorbildfrauen geben Einblicke in Zukunftsberufe\u2018 teilnehmen, haben im Berufskolleg Technik viele neue Eindr\u00fccke gewonnen.\" src=\"http:\/\/www.siegen-wittgenstein.de\/cms\/pfadphotouploads\/1063photouploads\/maedchen_technik_1homepage.jpg\" width=\"350\" height=\"207\" align=\"right\" border=\"1\" hspace=\"10\" vspace=\"10\" \/><\/p>\n<p>Rund 40 der Sch\u00fclerinnen, die f\u00fcr ein Schulhalbjahr am Projekt des Kreises Siegen-Wittgenstein \u201eM\u00e4dchen\u00a0und Technik \u2013 MuT \u2013 Vorbildfrauen geben Einblicke in Zukunftsberufe\u201c teilnehmen, waren jetzt zu Gast im Berufskolleg Technik in Siegen. Schulleiter Manfred K\u00e4mpfer und sein Team begr\u00fc\u00dften dieM\u00e4dchen und stellten die verschiedenen Bildungsg\u00e4nge des Berufskollegs vor. Danach durften die Sch\u00fclerinnen den Unterricht auch hautnah miterleben. In kleinen Gruppen erlebten sie, welcher Stoff in den Berufsbereichen Elektrotechnik, Informatik, Sanit\u00e4r-\/Heizung-\/Klimatechnik, Kraftfahrzeug-, Metall-, Druck- und Gestaltungstechnik am Berufskolleg vermittelt wird.<br \/>\nDie gesammelten Eindr\u00fccke und Erfahrungen waren so unterschiedlich wie die besuchten Bereiche. Beim gemeinsamen Feedback herrschte jedoch in dem Punkt \u00dcbereinstimmung, dass es kein Problem war, in einer vorwiegend mit Jungen besetzten Klasse zu sein, dass sie freundlich aufgenommen wurden und viel Neues und Interessantes kennen gelernt haben.<\/p>\n<p>Das Projekt \u201eM\u00e4dchen und Technik \u2013 MuT\u201c wird aktuell vom Kreis Siegen-Wittgenstein im Rahmen der Fachkr\u00e4fteinitiative des Landes Nordrhein-Westfalen an sechs verschiedenen Schulen und in Kooperation mit vielen verschiedenen regionalen Unternehmen, dem Verband der Siegerl\u00e4nder Metallindustriellen, den Gewerkschaften IG Metall und ver:di, der Gleichstellungsstelle der Stadt Siegen, den Sparkassen Siegen-Wittgenstein und dem Berufskolleg Technik durchgef\u00fchrt.<\/p>\n<p>\u201eDas Projekt besteht aus einem Praxis- und einem Theorieteil\u201c, so Projektleiterin Martina B\u00f6ttcher, Gleichstellungsbeauftragte des Kreises Siegen-Wittgenstein. \u201eZiel ist es, die Sch\u00fclerinnen schon fr\u00fch \u2013 und zwar ab der Klasse 8 \u2013 mit Unterst\u00fctzung von sogenannten Vorbildfrauen f\u00fcr technische Berufe zu begeistern und Vorurteile abzubauen.\u201c<\/p>\n<p>Die Vorbildfrauen, die aus den unterschiedlichsten Unternehmen und Bereichen kommen, haben somit eine wichtige Schl\u00fcsselfunktion. Und so passte auch der Besuch des Berufskollegs Technik gut ins Programm. Denn mit Jutta Born, StD der Fakult\u00e4t Chemie und Mathematik, und Daniela Kratz, StR Maschinentechnik und Technische Informatik, hat auch das Berufskolleg zwei Vorbildfrauen, die zeigen, dass Frauen und Technik kein Widerspruch sind und auch der Lehramtsbereich interessante berufliche Perspektiven bietet.<\/p>\n<p>Am Freitag, 12. Juli 2013, findet dann im Kulturhaus L\u00ffz in Siegen eine Dankesch\u00f6n-Veranstaltung f\u00fcr die Sch\u00fclerinnen, Lehrerinnen, Vorbildfrauen, Unternehmensvertreter, Eltern und Kooperationspartner statt. Dann werden die M\u00e4dchen auch berichten, was sie im Rahmen des Projektes erlebt haben und welche Erfahrungen sie gemacht haben.<\/p>\n<p>Weitere Informationen zum Projekt \u201eM\u00e4dchen und Technik \u2013 MuT \u2013 Vorbildfrauen geben Einblicke in Zukunftsberufe\u201c erhalten Interessierte bei Martina B\u00f6ttcher, Gleichstellungsbeauftragte des Kreises Siegen-Wittgenstein, Telefon 0271 333-2212 oder m.boettcher@siegen-wittgenstein.de.<\/p>\n","protected":false},"excerpt":{"rendered":"<p>Rund 40 der Sch\u00fclerinnen, die f\u00fcr ein Schulhalbjahr am Projekt des Kreises Siegen-Wittgenstein \u201eM\u00e4dchen\u00a0und Technik \u2013 MuT \u2013 Vorbildfrauen geben Einblicke in Zukunftsberufe\u201c teilnehmen, waren&#8230;<\/p>\n","protected":false},"author":2,"featured_media":0,"comment_status":"open","ping_status":"open","sticky":false,"template":"","format":"standard","meta":{"_jetpack_memberships_contains_paid_content":false,"footnotes":""},"categories":[8],"tags":[],"class_list":["post-1491","post","type-post","status-publish","format-standard","hentry","category-ausbildung"],"jetpack_featured_media_url":"","jetpack_sharing_enabled":true,"_links":{"self":[{"href":"https:\/\/www.vdsm.net\/wronline\/wp-json\/wp\/v2\/posts\/1491","targetHints":{"allow":["GET"]}}],"collection":[{"href":"https:\/\/www.vdsm.net\/wronline\/wp-json\/wp\/v2\/posts"}],"about":[{"href":"https:\/\/www.vdsm.net\/wronline\/wp-json\/wp\/v2\/types\/post"}],"author":[{"embeddable":true,"href":"https:\/\/www.vdsm.net\/wronline\/wp-json\/wp\/v2\/users\/2"}],"replies":[{"embeddable":true,"href":"https:\/\/www.vdsm.net\/wronline\/wp-json\/wp\/v2\/comments?post=1491"}],"version-history":[{"count":2,"href":"https:\/\/www.vdsm.net\/wronline\/wp-json\/wp\/v2\/posts\/1491\/revisions"}],"predecessor-version":[{"id":1493,"href":"https:\/\/www.vdsm.net\/wronline\/wp-json\/wp\/v2\/posts\/1491\/revisions\/1493"}],"wp:attachment":[{"href":"https:\/\/www.vdsm.net\/wronline\/wp-json\/wp\/v2\/media?parent=1491"}],"wp:term":[{"taxonomy":"category","embeddable":true,"href":"https:\/\/www.vdsm.net\/wronline\/wp-json\/wp\/v2\/categories?post=1491"},{"taxonomy":"post_tag","embeddable":true,"href":"https:\/\/www.vdsm.net\/wronline\/wp-json\/wp\/v2\/tags?post=1491"}],"curies":[{"name":"wp","href":"https:\/\/api.w.org\/{rel}","templated":true}]}}