{"id":14707,"date":"2019-07-03T12:15:25","date_gmt":"2019-07-03T10:15:25","guid":{"rendered":"https:\/\/www.vdsm.net\/wronline\/?p=14707"},"modified":"2019-07-03T12:15:25","modified_gmt":"2019-07-03T10:15:25","slug":"landrat-uebergibt-ersten-regionale-stern-an-institut-fuer-digitalisierte-arbeit","status":"publish","type":"post","link":"https:\/\/www.vdsm.net\/wronline\/landrat-uebergibt-ersten-regionale-stern-an-institut-fuer-digitalisierte-arbeit\/","title":{"rendered":"Landrat \u00fcbergibt ersten REGIONALE-Stern an Institut f\u00fcr digitalisierte Arbeit"},"content":{"rendered":"<p>Die Digitalisierungsma\u00dfnahmen f\u00fcr Unternehmen in S\u00fcdwestfalen besser zu koordinieren \u2013 das ist das Ziel des Instituts f\u00fcr angewandte Mensch-Technik-Interaktion zur Unterst\u00fctzung digitalisierter Arbeit (AID). Das Institut soll Unternehmen in der Region auf ihrem Weg von analogen St\u00e4rken zu digitalen Chancen unterst\u00fctzen und dabei alle Akteure besser miteinander vernetzen. Daf\u00fcr haben sich die Projekttr\u00e4ger um eine F\u00f6rderung im Rahmen der REGIONALE 2025 beworben und jetzt einen ersten Stern von Landrat Andreas M\u00fcller \u00fcberreicht bekommen. \u201eDas Institut leistet eine herausragende konzeptionelle Entwicklungsarbeit f\u00fcr die Zukunft S\u00fcdwestfalens. Denn wenn es um Digitalisierung in der Arbeitswelt geht, m\u00fcssen wir uns immer ganz zentral fragen: \u201aWas macht das mit den Menschen?\u2018 Nur wenn wir hier gute Antworten finden, wird die Digitalisierung auch auf Dauer insbesondere von den Besch\u00e4ftigten positiv aufgenommen und akzeptiert werden\u201c, so M\u00fcller.<\/p>\n<p>\u201eUm die Region nachhaltig zu st\u00e4rken, m\u00fcssen wir mit den Praktikern zusammen arbeiten\u201c, ist Dr. Martin Stein vom <a href=\"https:\/\/zentrum-digitalisierung.de\/\" target=\"_blank\" rel=\"noopener noreferrer\">Zentrum f\u00fcr die Digitalisierung der Wirtschaft S\u00fcdwestfalen (ZDW)<\/a> \u00fcberzeugt. Deshalb will er das Projekt auch mit zahlreichen Partnern umsetzen: die <a href=\"http:\/\/www.arbeitgeberverbaende.de\/\" target=\"_blank\" rel=\"noopener noreferrer\">Arbeitgeberverb\u00e4nde Siegen-Wittgenstein<\/a>, der <a href=\"https:\/\/suedwestfalen.dgb.de\/\" target=\"_blank\" rel=\"noopener noreferrer\">Deutsche Gewerkschaftsbund Siegen-Wittgenstein<\/a>, die <a href=\"https:\/\/www.ihk-siegen.de\/\" target=\"_blank\" rel=\"noopener noreferrer\">Industrie- und Handelskammer Siegen<\/a>, die <a href=\"https:\/\/www.igmetall-siegen.de\/aktuell\/\" target=\"_blank\" rel=\"noopener noreferrer\">IG Metall Siegen<\/a>, die <a href=\"https:\/\/www.kh-siegen.de\/\" target=\"_blank\" rel=\"noopener noreferrer\">Kreishandwerkerschaft Westfalen-S\u00fcd<\/a>, der <a href=\"https:\/\/www.siegen-wittgenstein.de\/\" target=\"_blank\" rel=\"noopener noreferrer\">Kreis Siegen-Wittgenstein<\/a>, der <a href=\"https:\/\/www.kreis-olpe.de\/index.php\" target=\"_blank\" rel=\"noopener noreferrer\">Kreis Olpe<\/a>, das <a href=\"https:\/\/www.fit.fraunhofer.de\/\" target=\"_blank\" rel=\"noopener noreferrer\">Fraunhofer FIT<\/a> und die <a href=\"http:\/\/www.uni-siegen.de\/start\/\" target=\"_blank\" rel=\"noopener noreferrer\">Universit\u00e4t Siegen<\/a>. \u201eIch bin davon \u00fcberzeugt, dass es wichtig und richtig ist, ein solches Projekt umzusetzen, um die Herausforderungen der Ver\u00e4nderung der Arbeitswelt in der Zukunft gemeinsam anzugehen und f\u00fcr die Menschen in unserer Region positiv zu nutzen\u201c, sagt Andr\u00e9 Arenz, DGB Kreisverbandsvorsitzender und IG Metall Bevollm\u00e4chtigter im Kreis Olpe.<\/p>\n<p>Unter Leitung des ZDW S\u00fcdwestfalen soll in dem neuen Institut eine einheitliche Strategie zur Digitalisierung von Unternehmen aufgebaut und k\u00fcnftig umgesetzt werden. Es wird eine dauerhafte Kooperation zwischen Wirtschaft, Verb\u00e4nden und Forschung angestrebt. \u201eBisherige Kooperationen im Bereich Digitalisierung bei uns in S\u00fcdwestfalen sind zwar erfolgreich, wirken aber nur punktuell\u201c, sagt Stein. Das soll sich mit dem neuen Institut \u00e4ndern. Auch die Aktivit\u00e4ten des <a href=\"https:\/\/kompetenzzentrum-siegen.digital\/\" target=\"_blank\" rel=\"noopener noreferrer\">\u201eMittelstand 4.0-Kompetenzzentrums Siegen\u201c<\/a> sollen in das Institut einflie\u00dfen. Das Kompetenzzentrum an der Universit\u00e4t Siegen arbeitet schon immer eng mit dem ZDW S\u00fcdwestfalen zusammen, um kleine und mittlere Unternehmen in S\u00fcdwestfalen und dar\u00fcber hinaus bei der Digitalisierung zu unterst\u00fctzen.<\/p>\n<p>\u201eDiese Initiative greift die bereits vorhandene, starke regionale Sozialpartnerschaft im Zeitalter zunehmender Digitalisierung von Arbeitsprozessen auf und stellt dabei den Menschen in den Mittelpunkt. Das Institut wird als sozialpartnerschaftliches Netzwerk sichtbar und erm\u00f6glicht die Kommunikation einer einheitlichen Botschaft in die Region hinein und dar\u00fcber hinaus\u201c, bekr\u00e4ftigt Ingo Degenhardt, Gesch\u00e4ftsf\u00fchrer DGB-Region S\u00fcdwestfalen. Das AID-Institut soll Infrastrukturma\u00dfnahmen b\u00fcndeln und die direkte Zusammenarbeit von Wissenschaft und Praxis sicherstellen.<\/p>\n<p>Besonders wichtig ist es den Projektverantwortlichen, dass die Sozialpartner mit an Bord sind. \u201eEs ist entscheidend, die wirtschaftlichen St\u00e4rken unserer Region zu erhalten und auszubauen. Daf\u00fcr m\u00fcssen wir auf den Konzepten aufbauen, die Arbeitnehmer und Arbeitgeber gemeinsam f\u00fcr die Region entwickelt haben\u201c, erkl\u00e4rt Stein. Das sehen die Sozialpartner auch so: \u201eWir als Arbeitgeberverb\u00e4nde Siegen-Wittgenstein unterst\u00fctzen das Projekt gerne, um Unternehmen eine Plattform zu geben, damit sie sich bei Digitalisierungsma\u00dfnahmen besser vernetzen und austauschen k\u00f6nnen\u201c, sagt Dr. Thorsten Doublet, Gesch\u00e4ftsf\u00fchrer der Arbeitgeberverb\u00e4nde Siegen-Wittgenstein.<\/p>\n","protected":false},"excerpt":{"rendered":"<p>Die Digitalisierungsma\u00dfnahmen f\u00fcr Unternehmen in S\u00fcdwestfalen besser zu koordinieren \u2013 das ist das Ziel des Instituts f\u00fcr angewandte Mensch-Technik-Interaktion zur Unterst\u00fctzung digitalisierter Arbeit (AID). Das&#8230;<\/p>\n","protected":false},"author":6,"featured_media":14708,"comment_status":"open","ping_status":"open","sticky":false,"template":"","format":"standard","meta":{"_jetpack_memberships_contains_paid_content":false,"footnotes":""},"categories":[32,30],"tags":[],"class_list":["post-14707","post","type-post","status-publish","format-standard","has-post-thumbnail","hentry","category-infos","category-vermischtes"],"jetpack_featured_media_url":"https:\/\/www.vdsm.net\/wronline\/wp-content\/uploads\/2019\/07\/BildGrafik-Stern\u00fcbergabe-03.07.2019-Manges-Torsten_WEB.jpg","jetpack_sharing_enabled":true,"_links":{"self":[{"href":"https:\/\/www.vdsm.net\/wronline\/wp-json\/wp\/v2\/posts\/14707","targetHints":{"allow":["GET"]}}],"collection":[{"href":"https:\/\/www.vdsm.net\/wronline\/wp-json\/wp\/v2\/posts"}],"about":[{"href":"https:\/\/www.vdsm.net\/wronline\/wp-json\/wp\/v2\/types\/post"}],"author":[{"embeddable":true,"href":"https:\/\/www.vdsm.net\/wronline\/wp-json\/wp\/v2\/users\/6"}],"replies":[{"embeddable":true,"href":"https:\/\/www.vdsm.net\/wronline\/wp-json\/wp\/v2\/comments?post=14707"}],"version-history":[{"count":2,"href":"https:\/\/www.vdsm.net\/wronline\/wp-json\/wp\/v2\/posts\/14707\/revisions"}],"predecessor-version":[{"id":14710,"href":"https:\/\/www.vdsm.net\/wronline\/wp-json\/wp\/v2\/posts\/14707\/revisions\/14710"}],"wp:featuredmedia":[{"embeddable":true,"href":"https:\/\/www.vdsm.net\/wronline\/wp-json\/wp\/v2\/media\/14708"}],"wp:attachment":[{"href":"https:\/\/www.vdsm.net\/wronline\/wp-json\/wp\/v2\/media?parent=14707"}],"wp:term":[{"taxonomy":"category","embeddable":true,"href":"https:\/\/www.vdsm.net\/wronline\/wp-json\/wp\/v2\/categories?post=14707"},{"taxonomy":"post_tag","embeddable":true,"href":"https:\/\/www.vdsm.net\/wronline\/wp-json\/wp\/v2\/tags?post=14707"}],"curies":[{"name":"wp","href":"https:\/\/api.w.org\/{rel}","templated":true}]}}