{"id":14701,"date":"2019-07-03T10:12:10","date_gmt":"2019-07-03T08:12:10","guid":{"rendered":"https:\/\/www.vdsm.net\/wronline\/?p=14701"},"modified":"2019-07-03T10:12:10","modified_gmt":"2019-07-03T08:12:10","slug":"attendorn-macht-sich-fit-fuer-die-zukunft","status":"publish","type":"post","link":"https:\/\/www.vdsm.net\/wronline\/attendorn-macht-sich-fit-fuer-die-zukunft\/","title":{"rendered":"Attendorn macht sich fit f\u00fcr die Zukunft"},"content":{"rendered":"<div class=\"   einleitung\">\n<p>In einem Workshop unter der Leitung von Prof. Dr. Dr. Bj\u00f6rn Niehaves von der Universit\u00e4t Siegen haben Stadtverordnete und Mitarbeitende der Hansestadt Attendorn Grundlagen f\u00fcr die kommunale Digitalisierungsstrategie erarbeitet.<\/p>\n<\/div>\n<div>\n<p>Die fortschreitende Digitalisierung gewinnt in den Kommunen zunehmend an Bedeutung. Um die Hansestadt Attendorn weiterhin innovativ und zugleich b\u00fcrgernah zu gestalten, entwickeln Rat und Verwaltung derzeit eine gemeinsame Digitalisierungsstrategie. In einem Auftakt-Workshop unter der Leitung des Siegener Wirtschaftsinformatikers Prof. Dr. Dr. Bj\u00f6rn Niehaves sind im Rahmen einer Personalentwicklungsma\u00dfnahme erste Ans\u00e4tze zu den Herausforderungen und Schwerpunkten eines nachhaltigen Konzeptes erarbeitet worden.<\/p>\n<p>Neben der fortlaufenden Digitalisierung von Dienstleistungen der Verwaltung (\u201eE-Government\u201c) stehen digitale M\u00f6glichkeiten f\u00fcr die Stadtentwicklung auf der Agenda, die die unterschiedlichsten Lebensbereiche der B\u00fcrgerinnen und B\u00fcrger wie etwa Bildung, Verkehr und Gesundheit, ber\u00fchren. Im weiteren Prozess der Strategieentwicklung sollen auch die B\u00fcrgerinnen und B\u00fcrger einbezogen werden.<\/p>\n<p>Attendorns B\u00fcrgermeister Christian Pospischil betont die Bedeutung einer langfristigen Strategie: &#8222;Wir wollen nicht Getriebene der Digitalisierung sein, sondern ihre Chancen und Potenziale gezielt f\u00fcr die B\u00fcrgerinnen und B\u00fcrger nutzen. Ganz wichtig ist es, dass wir dabei die B\u00fcrgerinnen und B\u00fcrger mitnehmen und ihre Ideen, aber auch ihre Sorgen miteinbeziehen.\u201c<\/p>\n<\/div>\n","protected":false},"excerpt":{"rendered":"<p>In einem Workshop unter der Leitung von Prof. Dr. Dr. Bj\u00f6rn Niehaves von der Universit\u00e4t Siegen haben Stadtverordnete und Mitarbeitende der Hansestadt Attendorn Grundlagen f\u00fcr&#8230;<\/p>\n","protected":false},"author":2,"featured_media":14702,"comment_status":"open","ping_status":"open","sticky":false,"template":"","format":"standard","meta":{"_jetpack_memberships_contains_paid_content":false,"footnotes":""},"categories":[32,30],"tags":[],"class_list":["post-14701","post","type-post","status-publish","format-standard","has-post-thumbnail","hentry","category-infos","category-vermischtes"],"jetpack_featured_media_url":"https:\/\/www.vdsm.net\/wronline\/wp-content\/uploads\/2019\/07\/2422_5222_1_g.jpg","jetpack_sharing_enabled":true,"_links":{"self":[{"href":"https:\/\/www.vdsm.net\/wronline\/wp-json\/wp\/v2\/posts\/14701","targetHints":{"allow":["GET"]}}],"collection":[{"href":"https:\/\/www.vdsm.net\/wronline\/wp-json\/wp\/v2\/posts"}],"about":[{"href":"https:\/\/www.vdsm.net\/wronline\/wp-json\/wp\/v2\/types\/post"}],"author":[{"embeddable":true,"href":"https:\/\/www.vdsm.net\/wronline\/wp-json\/wp\/v2\/users\/2"}],"replies":[{"embeddable":true,"href":"https:\/\/www.vdsm.net\/wronline\/wp-json\/wp\/v2\/comments?post=14701"}],"version-history":[{"count":1,"href":"https:\/\/www.vdsm.net\/wronline\/wp-json\/wp\/v2\/posts\/14701\/revisions"}],"predecessor-version":[{"id":14703,"href":"https:\/\/www.vdsm.net\/wronline\/wp-json\/wp\/v2\/posts\/14701\/revisions\/14703"}],"wp:featuredmedia":[{"embeddable":true,"href":"https:\/\/www.vdsm.net\/wronline\/wp-json\/wp\/v2\/media\/14702"}],"wp:attachment":[{"href":"https:\/\/www.vdsm.net\/wronline\/wp-json\/wp\/v2\/media?parent=14701"}],"wp:term":[{"taxonomy":"category","embeddable":true,"href":"https:\/\/www.vdsm.net\/wronline\/wp-json\/wp\/v2\/categories?post=14701"},{"taxonomy":"post_tag","embeddable":true,"href":"https:\/\/www.vdsm.net\/wronline\/wp-json\/wp\/v2\/tags?post=14701"}],"curies":[{"name":"wp","href":"https:\/\/api.w.org\/{rel}","templated":true}]}}