{"id":14677,"date":"2019-07-02T08:52:32","date_gmt":"2019-07-02T06:52:32","guid":{"rendered":"https:\/\/www.vdsm.net\/wronline\/?p=14677"},"modified":"2019-07-02T08:52:32","modified_gmt":"2019-07-02T06:52:32","slug":"dritte-amtszeit-fuer-uni-rektor-burckhart","status":"publish","type":"post","link":"https:\/\/www.vdsm.net\/wronline\/dritte-amtszeit-fuer-uni-rektor-burckhart\/","title":{"rendered":"Dritte Amtszeit f\u00fcr Uni-Rektor Burckhart"},"content":{"rendered":"<p>Prof. Dr. Holger Burckhart ist am 1. Juli 2019 erneut zum Rektor der Universit\u00e4t Siegen gew\u00e4hlt worden. Die Hochschulwahlversammlung, bestehend aus Senat und Hochschulrat, best\u00e4tigte den Philosophie-Professor mit \u00fcberzeugender Mehrheit (39 von 48 Stimmen) in seinem Amt. Prof. Burckhart ist seit dem 1. Oktober 2009 Rektor der Universit\u00e4t Siegen, seine dritte Amtszeit l\u00e4uft bis zum 30. September 2023.<\/p>\n<p>Der Vorsitzende der Hochschulwahlversammlung, Arndt G. Kirchhoff, gratulierte Burckhart: \u201eWir freuen uns sehr \u00fcber diese Wahl und w\u00fcnschen Ihnen f\u00fcr die kommenden Jahre viel Erfolg und das n\u00f6tige Qu\u00e4ntchen Gl\u00fcck.\u201c Auch der Sprecher der Findungskommission, Prof. Dr. Martin Herchenr\u00f6der zeigte sich erfreut \u00fcber den Wahlausgang: \u201eIn diesem Verfahren haben alle Beteiligten sehr konstruktiv daran mitgewirkt, f\u00fcr die Universit\u00e4t eine gute und zukunftsf\u00e4hige L\u00f6sung zu erwirken. Ich freue mich, dass wir mit Prof. Burckhart f\u00fcr die n\u00e4chsten vier Jahre einen Rektor gewonnen haben, der gleichzeitig Kontinuit\u00e4t und Entwicklungsperspektiven verspricht.\u201c<\/p>\n<p>\u201eIch nehme die Wahl mit Freude an und danke der Hochschulwahlversammlung sehr herzlich f\u00fcr das mir entgegen gebrachte Vertrauen\u201c, sagte der alte und neue Rektor: \u201eIn den vergangenen zehn Jahren haben wir an der Universit\u00e4t Siegen gemeinsam viel bewegt. Ich freue mich, zusammen mit allen Universit\u00e4tsangeh\u00f6rigen auf dem Erreichten aufzubauen und unsere Universit\u00e4t in den kommenden Jahren weiterzuentwickeln.\u201c Es gehe darum, die Weichen so zu stellen, dass sich die Uni Siegen auch \u00fcber das Jahr 2025 hinaus im nationalen und internationalen Wettbewerb behaupten k\u00f6nne, erkl\u00e4rte Burckhart. Die \u00e4u\u00dferen Rahmenbedingungen w\u00fcrden dabei auf Europa- und Bundesebene gestellt: unter anderem durch Bologna 2020, die Exzellenzstrategie 2019, sowie die im Fr\u00fchjahr verabschiedeten Pakte zur Hochschulfinanzierung (Hochschulpakt IV, Qualit\u00e4tspakte Lehre, Pakt f\u00fcr Forschung und Innovation).<\/p>\n<p>In diesem Kontext gelte es, die Universit\u00e4t Siegen in ihrer Forschungsst\u00e4rke weiterzuentwickeln. Studium und Lehre m\u00fcssten sich noch st\u00e4rker an den gesellschaftlichen Herausforderungen sowie den individuellen Bed\u00fcrfnissen der Lernenden orientieren, erkl\u00e4rte Burckhart weiter. Die Verbundenheit der Universit\u00e4t mit der Region spiele dabei auch k\u00fcnftig eine wichtige Rolle: \u201eS\u00fcdwestfalen bietet ein gro\u00dfes Potenzial, aus dem wir auch in Zukunft sch\u00f6pfen m\u00f6chten. Gleichzeitig \u00fcbernimmt die Universit\u00e4t verst\u00e4rkt gesellschaftliche Verantwortung, indem sie konkrete L\u00f6sungen f\u00fcr die dr\u00e4ngenden Fragen unserer Zeit entwickelt und gemeinsam mit der Region erprobt. Die Digitalisierung in der Industrie und die \u00e4rztliche Versorgung auf dem Land sind daf\u00fcr nur zwei Beispiele.\u201c<\/p>\n<p>Insgesamt acht Handlungsfelder hat Burckhart f\u00fcr die Entwicklung der Universit\u00e4t in den kommenden Jahren definiert \u2013 angefangen bei einer fokussierten, auf Exzellenz ausgerichteten Forschung, \u00fcber die vollst\u00e4ndige Etablierung einer universit\u00e4tsweiten Qualit\u00e4tskultur bis hin zur baulichen Entwicklung, die als wesentliche Meilensteine den Umzug zweier weiterer Fakult\u00e4ten in die Siegener Innenstadt und die Kernsanierung und den Ausbau des Adolf-Reichwein-Campus beinhaltet. Zwei weitere Themenfelder m\u00f6chte Burckhart dar\u00fcber hinaus universit\u00e4tsweit vorantreiben: Diversit\u00e4t, Gleichstellung und Internationalit\u00e4t auf der einen, sowie Digitalisierung und K\u00fcnstliche Intelligenz auf der anderen Seite. \u201eIch m\u00f6chte unsere Universit\u00e4t als Ort wissenschaftlicher Expertise, aber auch als sozialen Lebensraum gestalten. Dabei soll sie kein Elfenbeinturm sein, sondern Motor des gesamtgesellschaftlichen Wohlergehens\u201c, betonte Burckhart.<\/p>\n<p>In Burckharts zehnj\u00e4hriger Amtszeit hatte sich die Universit\u00e4t Siegen rasant entwickelt, hin zu einer interdisziplin\u00e4r ausgerichteten Forschungsuniversit\u00e4t. Aus zw\u00f6lf kleineren Fachbereichen entstanden vier profilbildende Fakult\u00e4ten. Mit der Gr\u00fcndung der Lebenswissenschaftlichen Fakult\u00e4t kam 2017 eine neue, f\u00fcnfte Fakult\u00e4t hinzu. In der Forschung sind aktuell mehr Projekte zeitgleich in Arbeit, als je zuvor \u2013 in Summe sogar mehr als in den ersten 30 Jahren des Bestehens der Universit\u00e4t. 2016 richtete die Deutsche Forschungsgemeinschaft (DFG) den Sonderforschungsbereich (SFB) \u201eMedien der Kooperation\u201c in Siegen ein. Das Projekt \u201eMedizin neu denken\u201c zur digital unterst\u00fctzten \u00e4rztlichen Versorgung auf dem Land hat bundesweit Modellcharakter.<\/p>\n<p>Aber nicht nur in der wissenschaftlichen Profilbildung, sondern auch beim Drittmittelvolumen und bei den Studierendenzahlen wurden gro\u00dfe Fortschritte erzielt. Die Zahl der Studierenden wuchs auf knapp 20.000 an. Das Studienangebot wurde konsequent erweitert, zuletzt um den Studiengang \u201ePsychologie\u201c und den Kooperations-Studiengang \u201eHumanmedizin Bonn-Siegen\u201c mit der Universit\u00e4t Bonn. Im kommenden Wintersemester kommt der neue Bachelor-Studiengang \u201eDigital Biomedical and Health Sciences\u201c der Lebenswissenschaftlichen Fakult\u00e4t hinzu.<\/p>\n<p>Ein Meilenstein der baulichen Entwicklung der Universit\u00e4t war im Sommer 2016 der Umzug der Fakult\u00e4t \u201eWirtschaftswissenschaften, Wirtschaftsinformatik und Wirtschaftsrecht\u201c ins Untere Schloss in der Siegener Innenstadt. In unmittelbarer Nachbarschaft entstehen derzeit eine gro\u00dfe Innenstadtmensa und ein H\u00f6rsaal- und Seminarzentrum. Auf dem Campus Adolf-Reichwein-Stra\u00dfe l\u00e4uft seit Oktober 2017 die gro\u00dfangelegte Campus-Modernisierung einschlie\u00dflich Erneuerung von Mensa und Universit\u00e4tsbibliothek.<\/p>\n<p><strong>Ergebnis der Wahl:<\/strong><br \/>\nProf. Burckhart erhielt 39 von 48 m\u00f6glichen Stimmen. Der Hochschulrat (f\u00fcnf stimmberechtigte Mitglieder) stimmte einstimmig f\u00fcr Burckhart. Der Senat stimmte mit 15 Stimmen f\u00fcr Burckhart, es gab sechs Enthaltungen und drei Nein-Stimmen. Damit erreichte Burckhart die erforderlichen Mehrheiten im 1. Wahlgang.<\/p>\n<p><strong>Weitere Informationen zum Verfahren:<\/strong><br \/>\nDie Hochschulwahlversammlung setzt sich zusammen aus s\u00e4mtlichen Mitgliedern des Senats und des Hochschulrats der Universit\u00e4t Siegen. Stimmberechtigt sind diejenigen Mitglieder des Senats, die auch im Senat stimmberechtigt sind sowie die f\u00fcnf externen Mitglieder des Hochschulrats. Die Stimmen von Senat und Hochschulrat stehen im gleichen Verh\u00e4ltnis zueinander, d.h. die Stimmen der Mitglieder des Hochschulrats werden mit dem Faktor 4,8 multipliziert. Zur Rektorin oder zum Rektor ist gew\u00e4hlt, wer die Mehrheit der Stimmen des Gremiums und zugleich die Mehrheit der Stimmen innerhalb der beiden H\u00e4lften, Senat und Hochschulrat, erreicht.<\/p>\n","protected":false},"excerpt":{"rendered":"<p>Prof. Dr. Holger Burckhart ist am 1. Juli 2019 erneut zum Rektor der Universit\u00e4t Siegen gew\u00e4hlt worden. Die Hochschulwahlversammlung, bestehend aus Senat und Hochschulrat, best\u00e4tigte&#8230;<\/p>\n","protected":false},"author":2,"featured_media":14678,"comment_status":"open","ping_status":"open","sticky":false,"template":"","format":"standard","meta":{"_jetpack_memberships_contains_paid_content":false,"footnotes":""},"categories":[8,32,30],"tags":[],"class_list":["post-14677","post","type-post","status-publish","format-standard","has-post-thumbnail","hentry","category-ausbildung","category-infos","category-vermischtes"],"jetpack_featured_media_url":"https:\/\/www.vdsm.net\/wronline\/wp-content\/uploads\/2019\/07\/rektorwahl_2019_gruppe.jpg","jetpack_sharing_enabled":true,"_links":{"self":[{"href":"https:\/\/www.vdsm.net\/wronline\/wp-json\/wp\/v2\/posts\/14677","targetHints":{"allow":["GET"]}}],"collection":[{"href":"https:\/\/www.vdsm.net\/wronline\/wp-json\/wp\/v2\/posts"}],"about":[{"href":"https:\/\/www.vdsm.net\/wronline\/wp-json\/wp\/v2\/types\/post"}],"author":[{"embeddable":true,"href":"https:\/\/www.vdsm.net\/wronline\/wp-json\/wp\/v2\/users\/2"}],"replies":[{"embeddable":true,"href":"https:\/\/www.vdsm.net\/wronline\/wp-json\/wp\/v2\/comments?post=14677"}],"version-history":[{"count":1,"href":"https:\/\/www.vdsm.net\/wronline\/wp-json\/wp\/v2\/posts\/14677\/revisions"}],"predecessor-version":[{"id":14679,"href":"https:\/\/www.vdsm.net\/wronline\/wp-json\/wp\/v2\/posts\/14677\/revisions\/14679"}],"wp:featuredmedia":[{"embeddable":true,"href":"https:\/\/www.vdsm.net\/wronline\/wp-json\/wp\/v2\/media\/14678"}],"wp:attachment":[{"href":"https:\/\/www.vdsm.net\/wronline\/wp-json\/wp\/v2\/media?parent=14677"}],"wp:term":[{"taxonomy":"category","embeddable":true,"href":"https:\/\/www.vdsm.net\/wronline\/wp-json\/wp\/v2\/categories?post=14677"},{"taxonomy":"post_tag","embeddable":true,"href":"https:\/\/www.vdsm.net\/wronline\/wp-json\/wp\/v2\/tags?post=14677"}],"curies":[{"name":"wp","href":"https:\/\/api.w.org\/{rel}","templated":true}]}}