{"id":1442,"date":"2013-06-17T08:46:10","date_gmt":"2013-06-17T06:46:10","guid":{"rendered":"http:\/\/www.vdsm.net\/wronline\/?p=1442"},"modified":"2013-06-17T08:46:10","modified_gmt":"2013-06-17T06:46:10","slug":"sicher-mit-system-arbeitsschutzguetesiegel-fuer-gebr-rath","status":"publish","type":"post","link":"https:\/\/www.vdsm.net\/wronline\/sicher-mit-system-arbeitsschutzguetesiegel-fuer-gebr-rath\/","title":{"rendered":"\u201eSicher mit System\u201c &#8211; Arbeitsschutzg\u00fctesiegel f\u00fcr Gebr. Rath"},"content":{"rendered":"<div id=\"attachment_1443\" style=\"width: 310px\" class=\"wp-caption alignleft\"><a href=\"http:\/\/www.vdsm.net\/wronline\/wp-content\/uploads\/2013\/06\/Rath-Arbeitsschutzpreis-online.jpg\"><img loading=\"lazy\" decoding=\"async\" aria-describedby=\"caption-attachment-1443\" class=\"size-medium wp-image-1443\" alt=\"Im Bild, v.r.n.l.: Technischer Gesch\u00e4ftsf\u00fchrer M. Ebbinghaus, Disponent J. Schleifenbaum, Arbeitsschutzmanagementbeauftragter A. Uebach, Einkaufsleiter H. Gro\u00df, Betriebsratsmitglied und Sicherheitsbeauftragter K. Loos - alle Gebr. Rath Werkzeugbau GmbH, Sicherheitsfachkraft M. Siebel - Vereinigung zur \u00dcberwachung technischer Anlagen e.V.\" src=\"http:\/\/www.vdsm.net\/wronline\/wp-content\/uploads\/2013\/06\/Rath-Arbeitsschutzpreis-online-300x225.jpg\" width=\"300\" height=\"225\" srcset=\"https:\/\/www.vdsm.net\/wronline\/wp-content\/uploads\/2013\/06\/Rath-Arbeitsschutzpreis-online-300x225.jpg 300w, https:\/\/www.vdsm.net\/wronline\/wp-content\/uploads\/2013\/06\/Rath-Arbeitsschutzpreis-online.jpg 600w\" sizes=\"auto, (max-width: 300px) 100vw, 300px\" \/><\/a><p id=\"caption-attachment-1443\" class=\"wp-caption-text\">Im Bild, v.r.n.l.: Technischer Gesch\u00e4ftsf\u00fchrer M. Ebbinghaus, Disponent J. Schleifenbaum, Arbeitsschutzmanagementbeauftragter A. Uebach, Einkaufsleiter H. Gro\u00df, Betriebsratsmitglied und Sicherheitsbeauftragter K. Loos &#8211; alle Gebr. Rath Werkzeugbau GmbH, Sicherheitsfachkraft M. Siebel &#8211; Vereinigung zur \u00dcberwachung technischer Anlagen e.V.<\/p><\/div>\n<p>Die Gebr. Rath Werkzeugbau GmbH setzte auf Basis des \u201e<i>Nationalen Leitfadens f\u00fcr Arbeitsschutzmanagementsysteme<\/i>\u201c die Einf\u00fchrung eines Arbeitsschutzmanagementsystems erfolgreich um. Nach der Begutachtung durch die Berufsgenossenschaft Holz und Metall (BGHM), wurde das Kreuztaler Unternehmen im Mai diesen Jahres das G\u00fctesiegel \u201eSicher mit System\u201c verliehen.<\/p>\n<p>Die Installation eines systematischen Arbeitsschutzmanagements bedeutet Arbeitssicherheit und Gesundheitsschutz konsequent und nachhaltig in die betrieblichen Prozesse zu integrieren und zur obersten F\u00fchrungsaufgabe zu machen, um Arbeitsunf\u00e4lle und arbeitsbedingte Erkrankungen zu vermeiden und Berufskrankheiten vorzubeugen. Bei der Einf\u00fchrung wurde Gebr. Rath durch die externe Sicherheitsfachkraft des V\u00dcA unterst\u00fctzt.<\/p>\n<p>Besonders wichtig war es alle Mitarbeiterinnen und Mitarbeiter von Anfang an zu beteiligen und zu sicherem und ergonomischem Arbeiten zu motivieren. Die Wirksamkeit der getroffenen Ma\u00dfnahmen wird in regelm\u00e4\u00dfigen Betriebsbegehungen, unter Einbindung der Vorgesetzten, der internen Sicherheitsbeauftragten, der externen Sicherheitsfachkraft und der Betriebs\u00e4rztin, \u00fcberwacht und weiter verbessert. Dar\u00fcber hinaus werden vom Arbeitsschutzmanagementbeauftragten regelm\u00e4\u00dfig interne Audits organisiert und durchgef\u00fchrt.<\/p>\n","protected":false},"excerpt":{"rendered":"<p>Die Gebr. Rath Werkzeugbau GmbH setzte auf Basis des \u201eNationalen Leitfadens f\u00fcr Arbeitsschutzmanagementsysteme\u201c die Einf\u00fchrung eines Arbeitsschutzmanagementsystems erfolgreich um. Nach der Begutachtung durch die Berufsgenossenschaft&#8230;<\/p>\n","protected":false},"author":2,"featured_media":1443,"comment_status":"open","ping_status":"open","sticky":false,"template":"","format":"standard","meta":{"_jetpack_memberships_contains_paid_content":false,"footnotes":""},"categories":[10],"tags":[],"class_list":["post-1442","post","type-post","status-publish","format-standard","has-post-thumbnail","hentry","category-unternehmen"],"jetpack_featured_media_url":"https:\/\/www.vdsm.net\/wronline\/wp-content\/uploads\/2013\/06\/Rath-Arbeitsschutzpreis-online.jpg","jetpack_sharing_enabled":true,"_links":{"self":[{"href":"https:\/\/www.vdsm.net\/wronline\/wp-json\/wp\/v2\/posts\/1442","targetHints":{"allow":["GET"]}}],"collection":[{"href":"https:\/\/www.vdsm.net\/wronline\/wp-json\/wp\/v2\/posts"}],"about":[{"href":"https:\/\/www.vdsm.net\/wronline\/wp-json\/wp\/v2\/types\/post"}],"author":[{"embeddable":true,"href":"https:\/\/www.vdsm.net\/wronline\/wp-json\/wp\/v2\/users\/2"}],"replies":[{"embeddable":true,"href":"https:\/\/www.vdsm.net\/wronline\/wp-json\/wp\/v2\/comments?post=1442"}],"version-history":[{"count":4,"href":"https:\/\/www.vdsm.net\/wronline\/wp-json\/wp\/v2\/posts\/1442\/revisions"}],"predecessor-version":[{"id":1447,"href":"https:\/\/www.vdsm.net\/wronline\/wp-json\/wp\/v2\/posts\/1442\/revisions\/1447"}],"wp:featuredmedia":[{"embeddable":true,"href":"https:\/\/www.vdsm.net\/wronline\/wp-json\/wp\/v2\/media\/1443"}],"wp:attachment":[{"href":"https:\/\/www.vdsm.net\/wronline\/wp-json\/wp\/v2\/media?parent=1442"}],"wp:term":[{"taxonomy":"category","embeddable":true,"href":"https:\/\/www.vdsm.net\/wronline\/wp-json\/wp\/v2\/categories?post=1442"},{"taxonomy":"post_tag","embeddable":true,"href":"https:\/\/www.vdsm.net\/wronline\/wp-json\/wp\/v2\/tags?post=1442"}],"curies":[{"name":"wp","href":"https:\/\/api.w.org\/{rel}","templated":true}]}}