{"id":14158,"date":"2019-05-24T10:15:37","date_gmt":"2019-05-24T08:15:37","guid":{"rendered":"https:\/\/www.vdsm.net\/wronline\/?p=14158"},"modified":"2019-05-24T10:15:37","modified_gmt":"2019-05-24T08:15:37","slug":"ein-abend-mit-zukunftsgedanken","status":"publish","type":"post","link":"https:\/\/www.vdsm.net\/wronline\/ein-abend-mit-zukunftsgedanken\/","title":{"rendered":"Ein Abend mit Zukunftsgedanken"},"content":{"rendered":"<p>\u201eDie E-Mobilit\u00e4t wird sich durchsetzen, wann ist unklar. Das kann bald schon sein oder erst in drei\u00dfig Jahren, aber sie wird kommen\u201c, sagte Prof. Dr.-Ing. Peter Burggr\u00e4f, der im Rahmen des 14. Erndtebr\u00fccker Wirtschaftstreffs im Casino der Hachenberg-Kaserne \u00fcber das Thema E-Mobilit\u00e4t informierte. Der Verein Handel, Handwerk und Touristik und die Gemeinde Erndtebr\u00fcck hatten gemeinsam zu diesem traditionellen Treffen geladen.<\/p>\n<p>Auch wenn Burggr\u00e4f die E-Mobilit\u00e4t nicht als L\u00f6sung f\u00fcr alle Probleme sieht, so brachte er den Vertretern aus Wirtschaft, Handwerk und Politik die M\u00f6glichkeiten und Vorteile der E-Mobilit\u00e4t n\u00e4her. Der Referent leitet nicht nur den Lehrstuhl \u201eInternational Production Engineering and Management\u201c an der Uni Siegen, sondern sitzt auch als Mitglied im Aufsichtsrat des Elektrofahrzeugherstellers \u201ee.Go Mobile AG\u201c und ist Gesch\u00e4ftsf\u00fchrer der \u201eStreetScooter Research GmbH\u201c, die die E-Sprinter der Deutschen Post entwickelten.<\/p>\n<p>\u201eWenn wir beim Thema Erderw\u00e4rmung sind, dann hat das immer etwas mit Komfort zu tun. Langfristig m\u00fcssen wir diesen Komfort vielleicht einschr\u00e4nken, denn so wie bisher, k\u00f6nnen wir nicht weitermachen.\u201c Die E-Mobilit\u00e4t ist eine M\u00f6glichkeit die CO2- Emission zu reduzieren. Hier nannte er vor allem Gro\u00dfst\u00e4dte, in denen viele Berufspendler Kurzstrecken fahren m\u00fcssen. Aufgrund der eingeschr\u00e4nkten Reichweite, bieten sich E-Autos vor allem als Stadtautos an, um schnell von A nach B zu kommen. Eine weitere gute Nische seien Flotten \u2013 ob bei der Zustellung von Paketen oder auch im ambulanten Pflegedienst.<\/p>\n<p>Viele G\u00e4ste nutzen auch die Gelegenheit, ihre Bedenken und Fragen zur E-Mobilit\u00e4t zu \u00e4u\u00dfern. Einige thematisierten die schlechte Reichweite in Wintermonaten, die Burggr\u00e4f best\u00e4tigte. Die Batterien der Elektrofahrzeuge ben\u00f6tigen eine gewisse W\u00e4rme, um volle Leistung bringen zu k\u00f6nnen. Das gr\u00f6\u00dfte Entwicklungspotenzial sieht der Wissenschaftler in der Herstellung der Auto-Batterien, die fast alle aus China kommen. \u201eDie Deutschen haben die Entwicklung verschlafen, hier muss der Ansporn entstehen, die Batterien selbst zu entwickeln, um gro\u00dfe Transportwege zu vermeiden\u201c, so Burggr\u00e4f weiter.<\/p>\n<p>Als Chance f\u00fcr die Region nannte Burggr\u00e4f die Smarte Demonstrationsfabrik Siegen, die derzeit mit Partnern aus der Region in alten Fabrikhallen in Siegen realisiert werde. Diese soll als Fortbildungs- und Forschungszentrum dienen, zudem wird dort bald die Hinterachse f\u00fcr den \u201ee.Go-life\u201c produziert. Beim \u201ee.Go-life\u201c handelt es sich um den ersten Elektro-Kleinwagen des Aachener Start-Ups \u201ee.Go-Mobile AG\u201c. Die ersten Fahrzeuge der Serienfertigung liefen in der vergangenen Woche vom Band. Das erste produzierte Fahrzeug wurde dabei vor Ort an Ministerpr\u00e4sident Armin Laschet \u00fcbergeben. Zuk\u00fcnftig plant das Unternehmen mit einer j\u00e4hrlichen Produktion von 10.000 Fahrzeugen.<\/p>\n<p>Im weiteren Verlauf warb der Wissenschaftler f\u00fcr das Netzwerken heimischer Unternehmen, um Wissen und Erfahrungen effektiv nutzen und austauschen zu k\u00f6nnen. Er bezieht sich dazu auf das Spitzencluster Metall + Daten, welches das Ziel hat, die Metallverarbeitung in S\u00fcdwestfalen erfolgreich nach vorne zu bringen. Erndtebr\u00fccks B\u00fcrgermeister Henning Gronau hob im Rahmen des Wirtschaftstreffs auch noch mal die Bedeutung der heimischen Unternehmen hervor. \u201eIch m\u00f6chte hier einen gro\u00dfen Dank aussprechen. Dank Ihnen geht es uns in Erndtebr\u00fcck gut. Sie<br \/>\nschaffen Arbeitspl\u00e4tze, gute Verdienstm\u00f6glichkeiten und bieten einzigartige Produkte und Dienstleistungen auf dem Markt.\u201c Und auch f\u00fcr den Wohnraum aktueller und k\u00fcnftiger Arbeitskr\u00e4fte sieht er gute Perspektiven. Durch die erfolgreiche Vermarktung der \u201eKuhlmann-Siedlung\u201c Anfang der Woche und die Planung eines neuen Baugebiets in Erndtebr\u00fcck k\u00f6nnten sich weitere Fachkr\u00e4fte in der Edergemeinde niederlassen.<\/p>\n<p>Im Kontext der Zukunftsthemen durfte nat\u00fcrlich auch der Breitbandausbau nicht fehlen. \u201eWas vor dreieinhalb Jahren mit der Vision einer fl\u00e4chendeckenden Breitbandversorgung begann, wird Mitte des Jahres erfolgreich zum Abschluss gebracht\u201c, so B\u00fcrgermeister Henning Gronau, der erg\u00e4nzte \u201eF\u00f6rderung 100% &#8211; Kosten f\u00fcr die Gemeinde entstehen nicht.\u201c<\/p>\n","protected":false},"excerpt":{"rendered":"<p>\u201eDie E-Mobilit\u00e4t wird sich durchsetzen, wann ist unklar. Das kann bald schon sein oder erst in drei\u00dfig Jahren, aber sie wird kommen\u201c, sagte Prof. Dr.-Ing&#8230;.<\/p>\n","protected":false},"author":2,"featured_media":14159,"comment_status":"open","ping_status":"open","sticky":false,"template":"","format":"standard","meta":{"_jetpack_newsletter_access":"","_jetpack_dont_email_post_to_subs":false,"_jetpack_newsletter_tier_id":0,"_jetpack_memberships_contains_paywalled_content":false,"_jetpack_feature_clip_id":0,"_jetpack_memberships_contains_paid_content":false,"footnotes":"","jetpack_post_was_ever_published":false},"categories":[32,30,11],"tags":[],"class_list":["post-14158","post","type-post","status-publish","format-standard","has-post-thumbnail","hentry","category-infos","category-vermischtes","category-regionale-wirtschaft"],"jetpack_sharing_enabled":true,"jetpack_featured_media_url":"https:\/\/www.vdsm.net\/wronline\/wp-content\/uploads\/2019\/05\/wirtschaftstreff-erndte.jpg","_links":{"self":[{"href":"https:\/\/www.vdsm.net\/wronline\/wp-json\/wp\/v2\/posts\/14158","targetHints":{"allow":["GET"]}}],"collection":[{"href":"https:\/\/www.vdsm.net\/wronline\/wp-json\/wp\/v2\/posts"}],"about":[{"href":"https:\/\/www.vdsm.net\/wronline\/wp-json\/wp\/v2\/types\/post"}],"author":[{"embeddable":true,"href":"https:\/\/www.vdsm.net\/wronline\/wp-json\/wp\/v2\/users\/2"}],"replies":[{"embeddable":true,"href":"https:\/\/www.vdsm.net\/wronline\/wp-json\/wp\/v2\/comments?post=14158"}],"version-history":[{"count":1,"href":"https:\/\/www.vdsm.net\/wronline\/wp-json\/wp\/v2\/posts\/14158\/revisions"}],"predecessor-version":[{"id":14160,"href":"https:\/\/www.vdsm.net\/wronline\/wp-json\/wp\/v2\/posts\/14158\/revisions\/14160"}],"wp:featuredmedia":[{"embeddable":true,"href":"https:\/\/www.vdsm.net\/wronline\/wp-json\/wp\/v2\/media\/14159"}],"wp:attachment":[{"href":"https:\/\/www.vdsm.net\/wronline\/wp-json\/wp\/v2\/media?parent=14158"}],"wp:term":[{"taxonomy":"category","embeddable":true,"href":"https:\/\/www.vdsm.net\/wronline\/wp-json\/wp\/v2\/categories?post=14158"},{"taxonomy":"post_tag","embeddable":true,"href":"https:\/\/www.vdsm.net\/wronline\/wp-json\/wp\/v2\/tags?post=14158"}],"curies":[{"name":"wp","href":"https:\/\/api.w.org\/{rel}","templated":true}]}}