{"id":14155,"date":"2019-05-24T10:04:51","date_gmt":"2019-05-24T08:04:51","guid":{"rendered":"https:\/\/www.vdsm.net\/wronline\/?p=14155"},"modified":"2019-05-24T10:04:51","modified_gmt":"2019-05-24T08:04:51","slug":"standortpaten-sollen-fachkraefte-halten","status":"publish","type":"post","link":"https:\/\/www.vdsm.net\/wronline\/standortpaten-sollen-fachkraefte-halten\/","title":{"rendered":"Standortpaten sollen Fachkr\u00e4fte halten"},"content":{"rendered":"<div align=\"left\">\n<div>\n<p>Das zweite Unternehmergespr\u00e4ch der Stadt Bad Berleburg fand im Foyer des neu entstehenden Tagungs- und Tourismuszentrums am Marktplatz statt. Vertreter der Verwaltung berichteten \u00fcber aktuelle Projekte und Entwicklungen. Ein Schwerpunkt-Thema war das Projekt \u201eStandortpaten\u201c.<\/p>\n<\/div>\n<\/div>\n<div align=\"left\">\n<div>\n<p>F\u00fcr das diesj\u00e4hrige Unternehmergespr\u00e4ch hatte sich die Stadt Bad Berleburg einen au\u00dfergew\u00f6hnlichen Rahmen ausgedacht: Die Veranstaltung fand diesmal zwischen Werkzeugen und Malervlies statt \u2013 in der Baustelle im B\u00fcrgerhaus. B\u00fcrgermeister Bernd Fuhrmann begr\u00fc\u00dfte die mehr als 50 Teilnehmer, Vertreter der gr\u00f6\u00dften Unternehmen im Stadtgebiet und der Politik, und gab anschlie\u00dfend einen Einblick, was sich im vergangenen Jahr in der Stadt getan hat: Unter anderem wies er auf die gelungene Haushaltskonsolidierung hin und darauf, dass die Aktivit\u00e4ten der Stadt Bad Berleburg auch \u00fcberregional wahrgenommen werden: \u201eWir haben uns sehr gefreut, dass wir es beim Deutschen Nachhaltigkeitspreis auf Anhieb unter die Top 3 der nachhaltigsten Kleinst\u00e4dte und Gemeinden geschafft haben.\u201c In den kommenden Jahren werde es nun weiter darum gehen, die im Projekt \u201eGlobal Nachhaltige Kommune\u201c entwickelte Nachhaltigkeitsstrategie umzusetzen.<\/p>\n<p>Auf einzelne Projekte ging der Beigeordnete der Stadt Volker Sonneborn n\u00e4her ein: etwa die Dorferneuerungsma\u00dfnahmen, die Eder-Elsoff-Initiative mit Projekten zur Digitalisierung und dem umgebauten Gemeindehaus und das Zentrum Via Adrina in Arfeld. Au\u00dferdem erl\u00e4uterte er den Unternehmern die Pl\u00e4ne zur Vitalisierung des Goetheplatzes. \u201eWir glauben, dass es eine gro\u00dfe Chance ist \u2013 gerade, weil sich der Platz in der Oberstadt und direkt vor dem Schloss an einer so pr\u00e4gnanten Stelle befindet.\u201c<\/p>\n<p>Die Baustelle um die Teilnehmer des\u00a0 Unternehmergespr\u00e4chs veranschaulichte K\u00e4mmerer Gerd Schneider. Er betonte au\u00dferdem, dass viele Unternehmen aus der Region an den Arbeiten beteiligt sind: \u201eEs freut uns nat\u00fcrlich, dass wir Partner hier vor Ort haben, die sich mit in das Projekt einbringen.\u201c F\u00fcr die offizielle Einweihung des Geb\u00e4udes peile die Stadt den ersten Samstag im September an.<\/p>\n<p>Gute Nachrichten f\u00fcr die Gewerbetreibenden hatte Wirtschaftsf\u00f6rderer und Breitbandkoordinator Manuel Spies. Er erl\u00e4uterte die bisherigen Phasen des Breitbandausbaus und wies auf ein kreisweites Sonderprogramm f\u00fcr Gewerbegebiete hin: \u201eWer\u00a0 Interesse daran hat, kann sich gerne bei mir melden.\u201c Er erkl\u00e4rte aber auch die Schwierigkeiten, die bei den verschiedenen Ausbauphasen und den damit verbundenen F\u00f6rderprogrammen bestehen.<\/p>\n<p>Das Thema \u201eDigitalisierung\u201c, das Schwerpunkt beim ersten Unternehmergespr\u00e4ch war, f\u00fchrte Colette Siebert, Stabsstelle f\u00fcr Regionalentwicklung, weiter aus. Die Stadt Bad Berleburg arbeitet inzwischen verst\u00e4rkt mit dem Forschungskolleg Uni Siegen zusammen, auch personell: \u201eMit Frederike Oschinsky haben wir eine gemeinsame Mitarbeiterin, die uns bei der Umsetzung unterst\u00fctzt\u201c, erl\u00e4uterte Siebert. Gemeinsam wurde in den vergangenen Monaten an einer Digitalen Agenda gearbeitet, die noch in diesem Jahr verabschiedet werden soll. Au\u00dferdem beteiligt sich die Stadt Bad Berleburg an der Gemeinsamen Initiative Digitalisierung mit dem Kreis Siegen-Wittgenstein, den St\u00e4dten und Gemeinden im Kreisgebiet sowie dem Forschungskolleg Uni Siegen.<\/p>\n<p>Im zweiten Teil des Abends ging es um das Projekt \u201eStandortpaten-Netzwerk \u2013 Fachkr\u00e4ftesicherung Wittgenstein\u201c. Hier berichteten die beiden Projektmanager Pia Bieker und Henner Heide \u00fcber die Schritte, die sie seit Beginn ihrer T\u00e4tigkeit im Oktober unternommen haben: die Einrichtung der Internetseite\u00a0<a class=\"csslink_extern\" title=\"Externer Link\" href=\"https:\/\/www.perspektive-blb.de\/\" target=\"_blank\" rel=\"noopener noreferrer\">www.perspektive-blb.de<\/a>, die Kontaktaufnahme zu Unternehmen, Neub\u00fcrgern und ersten Standortpaten sowie die Idee f\u00fcr eine Neub\u00fcrger-Tasche, die zuk\u00fcnftig im B\u00fcrgerb\u00fcro ausgegeben wird.<\/p>\n<p>Neben dem Projektmanagement-Team war auch Thomas D\u00f6rr, der Gesch\u00e4ftsleiter der Klinik Wittgenstein, Teil der Gespr\u00e4chsrunde. Er berichtete aus Sicht eines Arbeitgebers \u00fcber die zunehmende Schwierigkeit, Fachkr\u00e4fte zu gewinnen und zu halten. Das Evangelische Johanneswerk ist neben Helios einer der Partner des Standortpaten-Projekts. Kaja Heising, die wissenschaftliche Koordinatorin des Wisent-Projekts, erz\u00e4hlte von ihrem Ankommen in Bad Berleburg und den Herausforderungen, die Neub\u00fcrgerinnen und Neub\u00fcrger haben. Abbasali Taravati lebt schon seit seinem Studium in der Region und hat sich inzwischen als Standortpate gemeldet. \u201eIch stehe jederzeit zur Verf\u00fcgung\u201c, sagte er und erntete daf\u00fcr den Applaus des Publikums. Einig waren sich alle darin, dass Bad Berleburg ein attraktiver Ort zum Leben und Arbeiten ist, dass Neub\u00fcrgerinnen und Neub\u00fcrger aber dabei unterst\u00fctzt werden sollten, alleine oder mit ihren Familien in der Stadt anzukommen.<\/p>\n<\/div>\n<\/div>\n","protected":false},"excerpt":{"rendered":"<p>Das zweite Unternehmergespr\u00e4ch der Stadt Bad Berleburg fand im Foyer des neu entstehenden Tagungs- und Tourismuszentrums am Marktplatz statt. Vertreter der Verwaltung berichteten \u00fcber aktuelle&#8230;<\/p>\n","protected":false},"author":2,"featured_media":14156,"comment_status":"open","ping_status":"open","sticky":false,"template":"","format":"standard","meta":{"_jetpack_newsletter_access":"","_jetpack_dont_email_post_to_subs":false,"_jetpack_newsletter_tier_id":0,"_jetpack_memberships_contains_paywalled_content":false,"_jetpack_feature_clip_id":0,"_jetpack_memberships_contains_paid_content":false,"footnotes":"","jetpack_post_was_ever_published":false},"categories":[32,30,11],"tags":[],"class_list":["post-14155","post","type-post","status-publish","format-standard","has-post-thumbnail","hentry","category-infos","category-vermischtes","category-regionale-wirtschaft"],"jetpack_sharing_enabled":true,"jetpack_featured_media_url":"https:\/\/www.vdsm.net\/wronline\/wp-content\/uploads\/2019\/05\/gespraech-blb.jpg","_links":{"self":[{"href":"https:\/\/www.vdsm.net\/wronline\/wp-json\/wp\/v2\/posts\/14155","targetHints":{"allow":["GET"]}}],"collection":[{"href":"https:\/\/www.vdsm.net\/wronline\/wp-json\/wp\/v2\/posts"}],"about":[{"href":"https:\/\/www.vdsm.net\/wronline\/wp-json\/wp\/v2\/types\/post"}],"author":[{"embeddable":true,"href":"https:\/\/www.vdsm.net\/wronline\/wp-json\/wp\/v2\/users\/2"}],"replies":[{"embeddable":true,"href":"https:\/\/www.vdsm.net\/wronline\/wp-json\/wp\/v2\/comments?post=14155"}],"version-history":[{"count":1,"href":"https:\/\/www.vdsm.net\/wronline\/wp-json\/wp\/v2\/posts\/14155\/revisions"}],"predecessor-version":[{"id":14157,"href":"https:\/\/www.vdsm.net\/wronline\/wp-json\/wp\/v2\/posts\/14155\/revisions\/14157"}],"wp:featuredmedia":[{"embeddable":true,"href":"https:\/\/www.vdsm.net\/wronline\/wp-json\/wp\/v2\/media\/14156"}],"wp:attachment":[{"href":"https:\/\/www.vdsm.net\/wronline\/wp-json\/wp\/v2\/media?parent=14155"}],"wp:term":[{"taxonomy":"category","embeddable":true,"href":"https:\/\/www.vdsm.net\/wronline\/wp-json\/wp\/v2\/categories?post=14155"},{"taxonomy":"post_tag","embeddable":true,"href":"https:\/\/www.vdsm.net\/wronline\/wp-json\/wp\/v2\/tags?post=14155"}],"curies":[{"name":"wp","href":"https:\/\/api.w.org\/{rel}","templated":true}]}}