{"id":14152,"date":"2019-05-24T08:03:44","date_gmt":"2019-05-24T06:03:44","guid":{"rendered":"https:\/\/www.vdsm.net\/wronline\/?p=14152"},"modified":"2019-05-24T08:59:32","modified_gmt":"2019-05-24T06:59:32","slug":"schell-bietet-acht-ausbildungsberufe-mit-zukunft","status":"publish","type":"post","link":"https:\/\/www.vdsm.net\/wronline\/schell-bietet-acht-ausbildungsberufe-mit-zukunft\/","title":{"rendered":"Schell bietet acht Ausbildungsberufe mit Zukunft"},"content":{"rendered":"<p>Was kommt nach der Schule? Jugendliche tun sich oft schwer, den \u00dcberblick \u00fcber die vielf\u00e4ltigen Ausbildungsm\u00f6glichkeiten zu bekommen, um eine passende Berufswahl zu treffen. Daher bietet die Berufsmesse in und an der Stadthalle Olpe Einsteigern jedes Jahr die Chance zur Orientierung.<\/p>\n<p>Zum 7. Mal dabei war auch Schell, weltweit agierender Hersteller von innovativen Sanit\u00e4rarmaturen f\u00fcr alle \u00f6ffentlichen und gewerblichen Sanit\u00e4rbereiche. Das gro\u00dfe Interesse der jungen Leute an einem Ausbildungsplatz bei Schell zeigte sich am durchgehend gut besuchten, modernen Messestand. \u201eDie Jugendlichen k\u00f6nnen direkt beim Erstkontakt pers\u00f6nlich mit uns sprechen &#8211; ohne Hemmschwelle\u201c, berichtet Claudia Eichert, Personalreferentin bei Schell. \u201eIm pers\u00f6nlichen Gespr\u00e4ch erkennt man am besten, wo die St\u00e4rken und Vorlieben des Einzelnen liegen und kann entsprechende Hinweise auf geeignete Berufe geben.\u201c Aufmerksamkeit erregte neben der gut duftenden Popcorn-Maschine vor allem die Mitmach-Aktion, bei der die Sch\u00fcler und Sch\u00fclerinnen ein Ger\u00e4teanschluss-Ventil zusammenbauen und per Stoppuhr gegeneinander antreten konnten.<\/p>\n<p>Schell bietet f\u00fcr 2020 acht Ausbildungsberufe im kaufm\u00e4nnischen, kreativen oder technischen Bereich am Standort in Olpe. Sie bilden allesamt eine ausgezeichnete Grundlage f\u00fcr die sp\u00e4tere Karriere: technische(r) Produktdesigner\/in, Fachlagerist\/in, Fachkraft f\u00fcr Lagerlogistik, Maschinen- und Anlagenf\u00fchrer\/in, Industriemechaniker\/in, Zerspanungsmechaniker\/in, Elektroniker\/in f\u00fcr Betriebstechnik und Oberfl\u00e4chenbeschichter\/in.<\/p>\n<p>Die meisten Fragen der jungen Interessenten bezogen sich auf die jeweiligen Aufgabengebiete, die Arbeitsbedingungen und erforderliche Schulabschl\u00fcsse. In den Gespr\u00e4chen zeigte sich zudem, wie wichtig bereits jungen Menschen ein gutes Arbeitsklima ist. Auch dar\u00fcber hatten Schell-Auszubildende vor Ort viel Positives zu erz\u00e4hlen.<\/p>\n<p>\u201eWir achten sehr darauf, dass unsere Azubis innerhalb der Ausbildungszeit eine bestm\u00f6gliche Qualifikation erlangen und sich zugleich in unserem Betrieb wohlf\u00fchlen\u201c, so Andrea Schell. \u201eSchlie\u00dflich sollen junge Menschen motiviert lernen, nach der Ausbildung ihren beruflichen Herausforderungen gewachsen sein und im Idealfall eine Karriere bei Schell anstreben.\u201c<\/p>\n<p>Weitere Informationen: <a href=\"http:\/\/www.schell.eu\/ausbildung\" target=\"_blank\" rel=\"noopener noreferrer\">www.schell.eu\/ausbildung<\/a><\/p>\n","protected":false},"excerpt":{"rendered":"<p>Was kommt nach der Schule? Jugendliche tun sich oft schwer, den \u00dcberblick \u00fcber die vielf\u00e4ltigen Ausbildungsm\u00f6glichkeiten zu bekommen, um eine passende Berufswahl zu treffen. Daher&#8230;<\/p>\n","protected":false},"author":2,"featured_media":14153,"comment_status":"open","ping_status":"open","sticky":false,"template":"","format":"standard","meta":{"_jetpack_newsletter_access":"","_jetpack_dont_email_post_to_subs":false,"_jetpack_newsletter_tier_id":0,"_jetpack_memberships_contains_paywalled_content":false,"_jetpack_feature_clip_id":0,"_jetpack_memberships_contains_paid_content":false,"footnotes":"","jetpack_post_was_ever_published":false},"categories":[1,16,35,32,30,10],"tags":[],"class_list":["post-14152","post","type-post","status-publish","format-standard","has-post-thumbnail","hentry","category-aktuell","category-arbeitsmarkt","category-ausbildungsmesse","category-infos","category-vermischtes","category-unternehmen"],"jetpack_sharing_enabled":true,"jetpack_featured_media_url":"https:\/\/www.vdsm.net\/wronline\/wp-content\/uploads\/2019\/05\/Schell_Berufsmesse-Olpe-201.jpg","_links":{"self":[{"href":"https:\/\/www.vdsm.net\/wronline\/wp-json\/wp\/v2\/posts\/14152","targetHints":{"allow":["GET"]}}],"collection":[{"href":"https:\/\/www.vdsm.net\/wronline\/wp-json\/wp\/v2\/posts"}],"about":[{"href":"https:\/\/www.vdsm.net\/wronline\/wp-json\/wp\/v2\/types\/post"}],"author":[{"embeddable":true,"href":"https:\/\/www.vdsm.net\/wronline\/wp-json\/wp\/v2\/users\/2"}],"replies":[{"embeddable":true,"href":"https:\/\/www.vdsm.net\/wronline\/wp-json\/wp\/v2\/comments?post=14152"}],"version-history":[{"count":1,"href":"https:\/\/www.vdsm.net\/wronline\/wp-json\/wp\/v2\/posts\/14152\/revisions"}],"predecessor-version":[{"id":14154,"href":"https:\/\/www.vdsm.net\/wronline\/wp-json\/wp\/v2\/posts\/14152\/revisions\/14154"}],"wp:featuredmedia":[{"embeddable":true,"href":"https:\/\/www.vdsm.net\/wronline\/wp-json\/wp\/v2\/media\/14153"}],"wp:attachment":[{"href":"https:\/\/www.vdsm.net\/wronline\/wp-json\/wp\/v2\/media?parent=14152"}],"wp:term":[{"taxonomy":"category","embeddable":true,"href":"https:\/\/www.vdsm.net\/wronline\/wp-json\/wp\/v2\/categories?post=14152"},{"taxonomy":"post_tag","embeddable":true,"href":"https:\/\/www.vdsm.net\/wronline\/wp-json\/wp\/v2\/tags?post=14152"}],"curies":[{"name":"wp","href":"https:\/\/api.w.org\/{rel}","templated":true}]}}