{"id":14085,"date":"2019-05-17T09:32:21","date_gmt":"2019-05-17T07:32:21","guid":{"rendered":"https:\/\/www.vdsm.net\/wronline\/?p=14085"},"modified":"2019-05-17T09:32:21","modified_gmt":"2019-05-17T07:32:21","slug":"ihk-foerdert-vier-kitas-und-17-schulen","status":"publish","type":"post","link":"https:\/\/www.vdsm.net\/wronline\/ihk-foerdert-vier-kitas-und-17-schulen\/","title":{"rendered":"IHK f\u00f6rdert vier Kitas und 17 Schulen"},"content":{"rendered":"<p>Mit weiteren 42.000 \u20ac f\u00f6rdert die Industrie- und Handelskammer Siegen (IHK) in den kommenden Monaten Projektvorhaben von vier Kindertagesst\u00e4tten, zw\u00f6lf Grundschulen und f\u00fcnf weiterf\u00fchrenden Schulen in Siegen-Wittgenstein und Olpe. \u201eMachen Sie was daraus. Wir verbinden mit diesen Geldern die Hoffnung, dass Sie mit den Vorhaben die Ihnen anvertrauten Kinder und Jugendlichen noch besser an die Themen ,Technik\u2018 und ,Wirtschaft\u2018 heranf\u00fchren\u201c, betonte IHK-Hauptgesch\u00e4ftsf\u00fchrer Klaus Gr\u00e4bener bei der \u00dcbergabe der F\u00f6rderbescheide. Die heimische Wirtschaft sei vor allem durch eine starke und vielf\u00e4ltig aufgestellte Industrie gepr\u00e4gt. Daher sei es wichtig, fr\u00fchzeitig das Interesse f\u00fcr technische und wirtschaftliche Zusammenh\u00e4nge zu wecken. Mit verschiedensten Initiativen versuche die IHK seit geraumer Zeit, gerade gewerblich-technische und ingenieurwissenschaftliche Bildungsg\u00e4nge bei der Berufswahl junger Menschen wieder st\u00e4rker ins Blickfeld zu r\u00fccken.<\/p>\n<p>In den vergangenen Monaten waren Antr\u00e4ge mit einem Gesamtvolumen von knapp 145.000 \u20ac in der IHK eingegangen. Sie seien intensiv gepr\u00fcft worden. Ausdr\u00fccklich dankte Klaus Gr\u00e4bener der sechsk\u00f6pfigen Jury, die aus den eingereichten Antr\u00e4gen die f\u00f6rderf\u00e4higen Projekte ausgew\u00e4hlt hatte. Vorhaben wie \u201eEinrichtung einer Mini-Ph\u00e4nomenta\u201c der Oene-Elspetal-Grundschule der Stadt Lennestadt, der Nachbau der Langzeit-Baustelle der Autobahnbr\u00fccke Rinsdorf\/A45 durch Kinder der Evangelischen Kindertageseinrichtung Meisenhaus in Wilnsdorf oder \u201eProgrammieren lernen mit dem Blue Bot\u201c der Sonnenhangschule der Stadt Siegen zeigten anschaulich die Vielfalt der gef\u00f6rderten Projekte. Pro Projekt seien in diesem Jahr F\u00f6rderbetr\u00e4ge zwischen 740 \u20ac und 2430 \u20ac ausgesch\u00fcttet worden, verdeutlichte IHK-Gesch\u00e4ftsf\u00fchrer Klaus Fenster bei der \u00dcbergabe. Die IHK habe in den vergangenen f\u00fcnf Jahren insgesamt 98 Kindertagesst\u00e4tten und Schulen ein Budget von mehr als 260.000 \u20ac zur Verf\u00fcgung gestellt. Man sei auch im laufenden Jahr bestrebt, eine unb\u00fcrokratische Umsetzung des Programms zu gew\u00e4hrleisten, damit die Schulen und Kindertagesst\u00e4tten mit den ausgew\u00e4hlten Projektvorhaben m\u00f6glichst schnell beginnen k\u00f6nnten. Die Vollversammlung der IHK Siegen habe beschlossen, den heimischen Kindertagesst\u00e4tten und Schulen auch im n\u00e4chsten Jahr weitere 40.000 \u20ac f\u00fcr innovative Projekte zu gew\u00e4hren. Der Erfolg zeige, dass dieses Geld gut angelegt sei.<\/p>\n","protected":false},"excerpt":{"rendered":"<p>Mit weiteren 42.000 \u20ac f\u00f6rdert die Industrie- und Handelskammer Siegen (IHK) in den kommenden Monaten Projektvorhaben von vier Kindertagesst\u00e4tten, zw\u00f6lf Grundschulen und f\u00fcnf weiterf\u00fchrenden Schulen&#8230;<\/p>\n","protected":false},"author":6,"featured_media":4018,"comment_status":"open","ping_status":"open","sticky":false,"template":"","format":"standard","meta":{"_jetpack_newsletter_access":"","_jetpack_dont_email_post_to_subs":false,"_jetpack_newsletter_tier_id":0,"_jetpack_memberships_contains_paywalled_content":false,"_jetpack_feature_clip_id":0,"_jetpack_memberships_contains_paid_content":false,"footnotes":"","jetpack_post_was_ever_published":false},"categories":[32,30,11],"tags":[],"class_list":["post-14085","post","type-post","status-publish","format-standard","has-post-thumbnail","hentry","category-infos","category-vermischtes","category-regionale-wirtschaft"],"jetpack_sharing_enabled":true,"jetpack_featured_media_url":"https:\/\/www.vdsm.net\/wronline\/wp-content\/uploads\/2016\/06\/wronline-ihk.jpg","_links":{"self":[{"href":"https:\/\/www.vdsm.net\/wronline\/wp-json\/wp\/v2\/posts\/14085","targetHints":{"allow":["GET"]}}],"collection":[{"href":"https:\/\/www.vdsm.net\/wronline\/wp-json\/wp\/v2\/posts"}],"about":[{"href":"https:\/\/www.vdsm.net\/wronline\/wp-json\/wp\/v2\/types\/post"}],"author":[{"embeddable":true,"href":"https:\/\/www.vdsm.net\/wronline\/wp-json\/wp\/v2\/users\/6"}],"replies":[{"embeddable":true,"href":"https:\/\/www.vdsm.net\/wronline\/wp-json\/wp\/v2\/comments?post=14085"}],"version-history":[{"count":2,"href":"https:\/\/www.vdsm.net\/wronline\/wp-json\/wp\/v2\/posts\/14085\/revisions"}],"predecessor-version":[{"id":14087,"href":"https:\/\/www.vdsm.net\/wronline\/wp-json\/wp\/v2\/posts\/14085\/revisions\/14087"}],"wp:featuredmedia":[{"embeddable":true,"href":"https:\/\/www.vdsm.net\/wronline\/wp-json\/wp\/v2\/media\/4018"}],"wp:attachment":[{"href":"https:\/\/www.vdsm.net\/wronline\/wp-json\/wp\/v2\/media?parent=14085"}],"wp:term":[{"taxonomy":"category","embeddable":true,"href":"https:\/\/www.vdsm.net\/wronline\/wp-json\/wp\/v2\/categories?post=14085"},{"taxonomy":"post_tag","embeddable":true,"href":"https:\/\/www.vdsm.net\/wronline\/wp-json\/wp\/v2\/tags?post=14085"}],"curies":[{"name":"wp","href":"https:\/\/api.w.org\/{rel}","templated":true}]}}