{"id":1408,"date":"2013-06-04T12:13:59","date_gmt":"2013-06-04T10:13:59","guid":{"rendered":"http:\/\/www.vdsm.net\/wronline\/?p=1408"},"modified":"2013-06-04T12:13:59","modified_gmt":"2013-06-04T10:13:59","slug":"wechsel-in-aufsichtsrat-und-geschaeftsfuehrung-der-sms-group","status":"publish","type":"post","link":"https:\/\/www.vdsm.net\/wronline\/wechsel-in-aufsichtsrat-und-geschaeftsfuehrung-der-sms-group\/","title":{"rendered":"Wechsel in Aufsichtsrat und Gesch\u00e4ftsf\u00fchrung der SMS group"},"content":{"rendered":"<div id=\"attachment_680\" style=\"width: 117px\" class=\"wp-caption alignleft\"><a href=\"http:\/\/www.vdsm.net\/wronline\/wp-content\/uploads\/2012\/06\/weiss.gif\"><img loading=\"lazy\" decoding=\"async\" aria-describedby=\"caption-attachment-680\" class=\"size-full wp-image-680\" alt=\"Dr.-Ing. E.h. Heinrich Weiss.\" src=\"http:\/\/www.vdsm.net\/wronline\/wp-content\/uploads\/2012\/06\/weiss.gif\" width=\"107\" height=\"160\" \/><\/a><p id=\"caption-attachment-680\" class=\"wp-caption-text\">Dr.-Ing. E.h. Heinrich Weiss.<\/p><\/div>\n<p>Heinrich\u00a0Weiss, seit 45 Jahren f\u00fcr den Aufbau und die F\u00fchrung der Unternehmensgruppe verantwortlich, wird zum 1. Juli 2013 sein Mandat in der Gesch\u00e4ftsf\u00fchrung niederlegen und den Vorsitz im Aufsichtsrat \u00fcbernehmen. Der bisherige Vorsitzende, Dr.\u00a0Manfred\u00a0Bischoff, wird dem Unternehmen als Mitglied des Aufsichtsrats verbunden bleiben.<\/p>\n<p>Dr.\u00a0Joachim\u00a0Sch\u00f6nbeck, bisher schon Mitglied der Gesch\u00e4ftsf\u00fchrung, wird zum 1. Juli 2013 zum Sprecher ernannt werden. Gemeinsam mit seinen Kollegen Burkhard\u00a0Dahmen und Eckhard\u00a0 Schulte wird er weiterhin die Gesch\u00e4ftsf\u00fchrung der SMS\u00a0GmbH bilden.<\/p>\n<p>Dr.\u00a0Joachim\u00a0 Sch\u00f6nbeck wird wie bisher prim\u00e4r f\u00fcr SMS\u00a0Meer zust\u00e4ndig sein, Burkhard\u00a0Dahmen f\u00fcr SMS\u00a0Siemag (einschlie\u00dflich der Mehrheitsbeteiligung Paul\u00a0Wurth) und Eckhard\u00a0Schulte als Finanzchef der Gruppe.<\/p>\n","protected":false},"excerpt":{"rendered":"<p>Heinrich\u00a0Weiss, seit 45 Jahren f\u00fcr den Aufbau und die F\u00fchrung der Unternehmensgruppe verantwortlich, wird zum 1. Juli 2013 sein Mandat in der Gesch\u00e4ftsf\u00fchrung niederlegen und&#8230;<\/p>\n","protected":false},"author":2,"featured_media":0,"comment_status":"open","ping_status":"open","sticky":false,"template":"","format":"standard","meta":{"_jetpack_memberships_contains_paid_content":false,"footnotes":""},"categories":[10],"tags":[],"class_list":["post-1408","post","type-post","status-publish","format-standard","hentry","category-unternehmen"],"jetpack_featured_media_url":"","jetpack_sharing_enabled":true,"_links":{"self":[{"href":"https:\/\/www.vdsm.net\/wronline\/wp-json\/wp\/v2\/posts\/1408","targetHints":{"allow":["GET"]}}],"collection":[{"href":"https:\/\/www.vdsm.net\/wronline\/wp-json\/wp\/v2\/posts"}],"about":[{"href":"https:\/\/www.vdsm.net\/wronline\/wp-json\/wp\/v2\/types\/post"}],"author":[{"embeddable":true,"href":"https:\/\/www.vdsm.net\/wronline\/wp-json\/wp\/v2\/users\/2"}],"replies":[{"embeddable":true,"href":"https:\/\/www.vdsm.net\/wronline\/wp-json\/wp\/v2\/comments?post=1408"}],"version-history":[{"count":4,"href":"https:\/\/www.vdsm.net\/wronline\/wp-json\/wp\/v2\/posts\/1408\/revisions"}],"predecessor-version":[{"id":1412,"href":"https:\/\/www.vdsm.net\/wronline\/wp-json\/wp\/v2\/posts\/1408\/revisions\/1412"}],"wp:attachment":[{"href":"https:\/\/www.vdsm.net\/wronline\/wp-json\/wp\/v2\/media?parent=1408"}],"wp:term":[{"taxonomy":"category","embeddable":true,"href":"https:\/\/www.vdsm.net\/wronline\/wp-json\/wp\/v2\/categories?post=1408"},{"taxonomy":"post_tag","embeddable":true,"href":"https:\/\/www.vdsm.net\/wronline\/wp-json\/wp\/v2\/tags?post=1408"}],"curies":[{"name":"wp","href":"https:\/\/api.w.org\/{rel}","templated":true}]}}