{"id":13993,"date":"2019-05-15T13:22:28","date_gmt":"2019-05-15T11:22:28","guid":{"rendered":"https:\/\/www.vdsm.net\/wronline\/?p=13993"},"modified":"2019-05-15T13:22:28","modified_gmt":"2019-05-15T11:22:28","slug":"die-ausbildungsmesse-ist-eroeffnet","status":"publish","type":"post","link":"https:\/\/www.vdsm.net\/wronline\/die-ausbildungsmesse-ist-eroeffnet\/","title":{"rendered":"Die Ausbildungsmesse ist er\u00f6ffnet"},"content":{"rendered":"<p>P\u00fcnktlich um 13.00 Uhr hat die diesj\u00e4hrige Ausbildungsmesse in der Siegerlandhalle in Siegen ihre Pforten ge\u00f6ffnet. Die ersten Sch\u00fclerinnen und Sch\u00fcler sind bereits unterwegs, um sich \u00fcber die Ausbildungsangebote der Unternehmen zu informieren. Die \u00fcber 130 Aussteller sind bestens vorbereitet und hoffen auf viele interessante Gespr\u00e4che mit den Jugendlichen.<\/p>\n<p>Die Redaktion von Wirtschaft regional online berichtet heute und morgen aktuell von der Ausbildungsmesse.<\/p>\n","protected":false},"excerpt":{"rendered":"<p>P\u00fcnktlich um 13.00 Uhr hat die diesj\u00e4hrige Ausbildungsmesse in der Siegerlandhalle in Siegen ihre Pforten ge\u00f6ffnet. Die ersten Sch\u00fclerinnen und Sch\u00fcler sind bereits unterwegs, um&#8230;<\/p>\n","protected":false},"author":2,"featured_media":13994,"comment_status":"open","ping_status":"open","sticky":false,"template":"","format":"standard","meta":{"_jetpack_newsletter_access":"","_jetpack_dont_email_post_to_subs":false,"_jetpack_newsletter_tier_id":0,"_jetpack_memberships_contains_paywalled_content":false,"_jetpack_feature_clip_id":0,"_jetpack_memberships_contains_paid_content":false,"footnotes":"","jetpack_post_was_ever_published":false},"categories":[1,35,32,30],"tags":[],"class_list":["post-13993","post","type-post","status-publish","format-standard","has-post-thumbnail","hentry","category-aktuell","category-ausbildungsmesse","category-infos","category-vermischtes"],"jetpack_sharing_enabled":true,"jetpack_featured_media_url":"https:\/\/www.vdsm.net\/wronline\/wp-content\/uploads\/2019\/05\/ausbildungsmesse1.gif","_links":{"self":[{"href":"https:\/\/www.vdsm.net\/wronline\/wp-json\/wp\/v2\/posts\/13993","targetHints":{"allow":["GET"]}}],"collection":[{"href":"https:\/\/www.vdsm.net\/wronline\/wp-json\/wp\/v2\/posts"}],"about":[{"href":"https:\/\/www.vdsm.net\/wronline\/wp-json\/wp\/v2\/types\/post"}],"author":[{"embeddable":true,"href":"https:\/\/www.vdsm.net\/wronline\/wp-json\/wp\/v2\/users\/2"}],"replies":[{"embeddable":true,"href":"https:\/\/www.vdsm.net\/wronline\/wp-json\/wp\/v2\/comments?post=13993"}],"version-history":[{"count":3,"href":"https:\/\/www.vdsm.net\/wronline\/wp-json\/wp\/v2\/posts\/13993\/revisions"}],"predecessor-version":[{"id":13997,"href":"https:\/\/www.vdsm.net\/wronline\/wp-json\/wp\/v2\/posts\/13993\/revisions\/13997"}],"wp:featuredmedia":[{"embeddable":true,"href":"https:\/\/www.vdsm.net\/wronline\/wp-json\/wp\/v2\/media\/13994"}],"wp:attachment":[{"href":"https:\/\/www.vdsm.net\/wronline\/wp-json\/wp\/v2\/media?parent=13993"}],"wp:term":[{"taxonomy":"category","embeddable":true,"href":"https:\/\/www.vdsm.net\/wronline\/wp-json\/wp\/v2\/categories?post=13993"},{"taxonomy":"post_tag","embeddable":true,"href":"https:\/\/www.vdsm.net\/wronline\/wp-json\/wp\/v2\/tags?post=13993"}],"curies":[{"name":"wp","href":"https:\/\/api.w.org\/{rel}","templated":true}]}}