{"id":1386,"date":"2013-05-28T14:38:03","date_gmt":"2013-05-28T12:38:03","guid":{"rendered":"http:\/\/www.vdsm.net\/wronline\/?p=1386"},"modified":"2013-05-28T14:38:03","modified_gmt":"2013-05-28T12:38:03","slug":"bundeskanzlerin-informierte-sich-ueber-europaeischen-ladestecker-standard","status":"publish","type":"post","link":"https:\/\/www.vdsm.net\/wronline\/bundeskanzlerin-informierte-sich-ueber-europaeischen-ladestecker-standard\/","title":{"rendered":"Bundeskanzlerin informierte sich \u00fcber europ\u00e4ischen Ladestecker-Standard"},"content":{"rendered":"<div id=\"attachment_1387\" style=\"width: 310px\" class=\"wp-caption alignleft\"><a href=\"http:\/\/www.vdsm.net\/wronline\/wp-content\/uploads\/2013\/05\/Walter-Mennekes-Henning-Kagermann-Angela-Merkel.jpg\"><img loading=\"lazy\" decoding=\"async\" aria-describedby=\"caption-attachment-1387\" class=\"size-medium wp-image-1387\" alt=\"Walter Mennekes (links) erl\u00e4utert Bundeskanzlerin Dr. Angela Merkel (rechts) die Vorz\u00fcge der von Mennekes entwickelten Ladesteckvorrichtungen \u201eTyp 2\u201c. Begleitet wurde die Bundeskanzlerin unter anderem vom Vorsitzenden der Nationalen Plattform Elektromobilit\u00e4t (NPE) Prof. Dr. Henning Kagermann (Mitte). Foto: Soeren Stache\/dpa\" src=\"http:\/\/www.vdsm.net\/wronline\/wp-content\/uploads\/2013\/05\/Walter-Mennekes-Henning-Kagermann-Angela-Merkel-300x224.jpg\" width=\"300\" height=\"224\" srcset=\"https:\/\/www.vdsm.net\/wronline\/wp-content\/uploads\/2013\/05\/Walter-Mennekes-Henning-Kagermann-Angela-Merkel-300x224.jpg 300w, https:\/\/www.vdsm.net\/wronline\/wp-content\/uploads\/2013\/05\/Walter-Mennekes-Henning-Kagermann-Angela-Merkel.jpg 600w\" sizes=\"auto, (max-width: 300px) 100vw, 300px\" \/><\/a><p id=\"caption-attachment-1387\" class=\"wp-caption-text\">Walter Mennekes (links) erl\u00e4utert Bundeskanzlerin Dr. Angela Merkel (rechts) die Vorz\u00fcge der von Mennekes entwickelten Ladesteckvorrichtungen \u201eTyp 2\u201c. Begleitet wurde die Bundeskanzlerin unter anderem vom Vorsitzenden der Nationalen Plattform Elektromobilit\u00e4t (NPE) Prof. Dr. Henning Kagermann (Mitte). Foto: Soeren Stache\/dpa<\/p><\/div>\n<p>Im Rahmen Ihres Besuchs am 27. Mai auf der internationalen Konferenz \u201eElektromobilit\u00e4t bewegt weltweit\u201c in Berlin lie\u00df sich Bundeskanzlerin Angela Merkel die sogenannten \u201eTyp 2\u201c Ladesteckvorrichtungen f\u00fcr Elektrofahrzeuge zeigen.\u00a0Walter Mennekes, dessen Unternehmen diese Ladesteckvorrichtungen entwickelt und als internationalen Normentwurf eingebracht hatte, erl\u00e4uterte der Bundeskanzlerin die Vorz\u00fcge der Steckvorrichtungen. Diese erf\u00fcllen die W\u00fcnsche aller Marktteilnehmer in ganz Europa, denn sie bieten erh\u00f6hte Robustheit und bei Bedarf auch einen erh\u00f6hten Ber\u00fchrungsschutz. Deshalb wurden die von den Mennekes-Ingenieuren entwickelten Ladesteckvorrichtungen bereits Anfang dieses Jahres von der EU-Kommission als gemeinsamer Standard f\u00fcr den Einsatz in ganz Europa empfohlen.<\/p>\n<p>Mennekes verzichtete bewusst auf den Patentschutz f\u00fcr diese Steckvorrichtungen, um die internationale Normung zu erm\u00f6glichen. Auf Basis der Norm k\u00f6nnen auch andere Hersteller eigene L\u00f6sungen entwickeln.<\/p>\n<p>Ein gemeinsamer europ\u00e4ischer Standard mit dem \u201eTyp 2\u201c schafft mehr Sicherheit sowohl f\u00fcr die Anbieter von Elektromobilit\u00e4tsl\u00f6sungen als auch f\u00fcr die Anwender. Denn eine einheitliche Anschlusstechnik sorgt auf Herstellerseite f\u00fcr kosteneffiziente L\u00f6sungen und gew\u00e4hrleistet auf Anwenderseite grenzenlose Mobilit\u00e4t. Beides tr\u00e4gt dazu bei, den Durchbruch der Elektromobilit\u00e4t in Deutschland und Europa voranzutreiben. \u201eWir sind gl\u00fccklich und stolz, dass die EU-Kommission nach sorgf\u00e4ltiger Pr\u00fcfung den von uns entwickelten Ladestecker als gemeinsamen Standard f\u00fcr Europa vorgeschlagen und damit den Weg f\u00fcr grenzenlose Elektromobilit\u00e4t geebnet hat\u201c, so Walter Mennekes.<\/p>\n<p>Mennekes liefert jedoch nicht nur Ladesteckvorrichtungen, sondern kann alle Felder von kompletten Ladesystemen \u00fcber Ladekabel bis hin zu Komponenten f\u00fcr Elektrofahrzeuge bedienen.<\/p>\n","protected":false},"excerpt":{"rendered":"<p>Im Rahmen Ihres Besuchs am 27. Mai auf der internationalen Konferenz \u201eElektromobilit\u00e4t bewegt weltweit\u201c in Berlin lie\u00df sich Bundeskanzlerin Angela Merkel die sogenannten \u201eTyp 2\u201c&#8230;<\/p>\n","protected":false},"author":2,"featured_media":1387,"comment_status":"open","ping_status":"open","sticky":false,"template":"","format":"standard","meta":{"_jetpack_memberships_contains_paid_content":false,"footnotes":""},"categories":[10],"tags":[],"class_list":["post-1386","post","type-post","status-publish","format-standard","has-post-thumbnail","hentry","category-unternehmen"],"jetpack_featured_media_url":"https:\/\/www.vdsm.net\/wronline\/wp-content\/uploads\/2013\/05\/Walter-Mennekes-Henning-Kagermann-Angela-Merkel.jpg","jetpack_sharing_enabled":true,"_links":{"self":[{"href":"https:\/\/www.vdsm.net\/wronline\/wp-json\/wp\/v2\/posts\/1386","targetHints":{"allow":["GET"]}}],"collection":[{"href":"https:\/\/www.vdsm.net\/wronline\/wp-json\/wp\/v2\/posts"}],"about":[{"href":"https:\/\/www.vdsm.net\/wronline\/wp-json\/wp\/v2\/types\/post"}],"author":[{"embeddable":true,"href":"https:\/\/www.vdsm.net\/wronline\/wp-json\/wp\/v2\/users\/2"}],"replies":[{"embeddable":true,"href":"https:\/\/www.vdsm.net\/wronline\/wp-json\/wp\/v2\/comments?post=1386"}],"version-history":[{"count":2,"href":"https:\/\/www.vdsm.net\/wronline\/wp-json\/wp\/v2\/posts\/1386\/revisions"}],"predecessor-version":[{"id":1389,"href":"https:\/\/www.vdsm.net\/wronline\/wp-json\/wp\/v2\/posts\/1386\/revisions\/1389"}],"wp:featuredmedia":[{"embeddable":true,"href":"https:\/\/www.vdsm.net\/wronline\/wp-json\/wp\/v2\/media\/1387"}],"wp:attachment":[{"href":"https:\/\/www.vdsm.net\/wronline\/wp-json\/wp\/v2\/media?parent=1386"}],"wp:term":[{"taxonomy":"category","embeddable":true,"href":"https:\/\/www.vdsm.net\/wronline\/wp-json\/wp\/v2\/categories?post=1386"},{"taxonomy":"post_tag","embeddable":true,"href":"https:\/\/www.vdsm.net\/wronline\/wp-json\/wp\/v2\/tags?post=1386"}],"curies":[{"name":"wp","href":"https:\/\/api.w.org\/{rel}","templated":true}]}}