{"id":13594,"date":"2019-04-12T15:26:26","date_gmt":"2019-04-12T13:26:26","guid":{"rendered":"https:\/\/www.vdsm.net\/wronline\/?p=13594"},"modified":"2019-04-12T15:27:44","modified_gmt":"2019-04-12T13:27:44","slug":"13594-2","status":"publish","type":"post","link":"https:\/\/www.vdsm.net\/wronline\/13594-2\/","title":{"rendered":"In Bad Berleburg ankommen \u2013 und bleiben"},"content":{"rendered":"<div align=\"left\">\n<div><\/div>\n<\/div>\n<div align=\"left\">Es ist ein Projekt, das offensichtlich den Nerv der Zeit trifft: Die beiden Manager des Projekts \u201eStandortpaten-Netzwerk \u2013 Fachkr\u00e4ftesicherung Wittgenstein\u201c haben im Oktober ihre Arbeit im Bad Berleburger Rathaus begonnen, seitdem zahlreiche Gespr\u00e4che gef\u00fchrt und erste Neub\u00fcrger mit Bad Berleburgern vernetzt.<\/div>\n<div align=\"left\">\n<p>\u201eWir freuen uns sehr, dass es gelungen ist, dieses Projekt hier in Bad Berleburg aufzubauen\u201c, freut sich B\u00fcrgermeister Bernd Fuhrmann und betont: \u201eWir begegnen damit einer Herausforderung, die die Unternehmen in Bad Berleburg genauso trifft wie Rat und Verwaltung: der demografischen Entwicklung.\u201c Ziel des Projektes ist es, mit Hilfe von B\u00fcrgerinnen und B\u00fcrgern Fachkr\u00e4ften und ihren Familien das Ankommen in der Region zu erleichtern und dabei zu helfen, sie langfristig hier zu verwurzeln. Au\u00dferdem sollen junge Menschen, die urspr\u00fcnglich aus Wittgenstein kommen, dazu motiviert werden, in die Region zur\u00fcckzukehren. Gleichzeitig werden Jugendlichen die beruflichen Chancen in Wittgenstein aufgezeigt, um sie hier zu halten.<\/p>\n<p>\u201eIm ersten Schritt haben wir uns in Kooperation mit unseren beiden Partnern Helios und Evangelisches Johanneswerk auf die Gesundheitswirtschaft in Bad Berleburg konzentriert, jetzt \u00f6ffnen wir das Projekt f\u00fcr alle Bad Berleburger Unternehmen\u201c, erkl\u00e4rt Pia Bieker, die gemeinsam mit Henner Heide das Projektmanagement bei der Stadt Bad Berleburg \u00fcbernommen hat. In den vergangenen Wochen und Monaten haben sich die Beiden zun\u00e4chst einen \u00dcberblick verschafft.<\/p>\n<p>Die W\u00fcnsche und Bed\u00fcrfnisse von neuen B\u00fcrgerinnen und B\u00fcrgern und R\u00fcckkehrenden sind ganz unterschiedlich: Beim Start in Bad Berleburg stehen f\u00fcr alle ganz praktische Fragen im Vordergrund: zum Beispiel, eine passende Wohnung und einen Job f\u00fcr den Partner bzw. die Partnerin zu finden oder einen Betreuungsplatz f\u00fcr die Kinder. Sp\u00e4ter r\u00fccken dann private Interessen in den Fokus, etwa die Region kennenzulernen und gemeinsam etwas in der Freizeit zu unternehmen. \u201eDie Neub\u00fcrgerinnen und Neub\u00fcrger, mit denen wir schon gesprochen haben, haben sich alle mehr Kontakt zu den Menschen in Bad Berleburg gew\u00fcnscht\u201c, bemerkt Pia Bieker.<\/p>\n<p>\u201eUnsere erste Herausforderung zum Projektstart war es, zwei \u00c4rzte aus dem Iran beim Ankommen in Bad Berleburg zu unterst\u00fctzen\u201c, erz\u00e4hlt Henner Heide. Inzwischen ist es den beiden Projektmanagern gelungen, einen Netzwerker f\u00fcr die beiden \u00c4rzte zu gewinnen. Dieser begleitet bei den ersten Schritten in der neuen Stadt und begeistert f\u00fcr die Freizeitm\u00f6glichkeiten in der Region. Das Projektteam achtet dabei darauf, Menschen mit \u00e4hnlichen Interessen und Lebenssituationen zusammen zu bringen, erkl\u00e4rt Henner Heide: \u201eWir kn\u00fcpfen zum Beispiel Kontakte zwischen jungen Familien oder machen leidenschaftliche Mountainbiker, die neu in der Region sind, mit Bad Berleburgern bekannt, die ihnen die besten Strecken zeigen k\u00f6nnen.\u201c Dazu wird es auch offene Angebote f\u00fcr Neub\u00fcrgerinnen und Neub\u00fcrger geben:\u00a0 etwa sportliche Aktivit\u00e4ten wie Radtouren und Wanderungen oder Grill- und Spieleabende.<\/p>\n<p>Die beiden Projektmanager sind aber nicht nur Ansprechpartner f\u00fcr neue B\u00fcrgerinnen und B\u00fcrger, auch Unternehmen k\u00f6nnen sich gerne an Pia Bieker und Henner Heide wenden, zum Beispiel wenn sie neue Mitarbeiterinnen und Mitarbeiter einstellen. Bad Berleburger, die sich ehrenamtlich engagieren und Netzwerker f\u00fcr zugezogene Fachkr\u00e4fte sein m\u00f6chten, sind ebenfalls aufgerufen, sich im Projektb\u00fcro im Rathaus zu melden. Erste Informationen gibt es auf\u00a0<a class=\"csslink_extern\" title=\"Externer Link\" href=\"http:\/\/www.perspektive-blb.de\/\" target=\"_blank\" rel=\"noopener noreferrer\">www.perspektive-blb.de<\/a>. Der direkte Draht zu Pia Bieker und Henner Heide funktioniert per E-Mail an\u00a0<a class=\"csslink_email\" href=\"mailto:perspektive@bad-berleburg.de\">perspektive@bad-berleburg.de<\/a>, telefonisch unter 02751\/923-248 oder per WhatsApp an 0160\/1085311. Aktuelle Infos zum Projekt gibt es au\u00dferdem auf der\u00a0<a class=\"csslink_extern\" title=\"Externer Link\" href=\"https:\/\/www.facebook.com\/stadtbadberleburg\/\" target=\"_blank\" rel=\"noopener noreferrer\">Facebook-Seite der Stadt Bad Berleburg.<\/a><\/p>\n<p>Das Projekt \u201eStandortpaten-Netzwerk \u2013 Fachkr\u00e4ftesicherung Wittgenstein\u201c ist zun\u00e4chst auf drei Jahre angelegt und wird unter anderem mit Mitteln aus dem LEADER-Programm gef\u00f6rdert.<\/p>\n<\/div>\n","protected":false},"excerpt":{"rendered":"<p>Es ist ein Projekt, das offensichtlich den Nerv der Zeit trifft: Die beiden Manager des Projekts \u201eStandortpaten-Netzwerk \u2013 Fachkr\u00e4ftesicherung Wittgenstein\u201c haben im Oktober ihre Arbeit&#8230;<\/p>\n","protected":false},"author":2,"featured_media":13595,"comment_status":"open","ping_status":"open","sticky":false,"template":"","format":"standard","meta":{"_jetpack_newsletter_access":"","_jetpack_dont_email_post_to_subs":false,"_jetpack_newsletter_tier_id":0,"_jetpack_memberships_contains_paywalled_content":false,"_jetpack_feature_clip_id":0,"_jetpack_memberships_contains_paid_content":false,"footnotes":"","jetpack_post_was_ever_published":false},"categories":[1,32,30],"tags":[],"class_list":["post-13594","post","type-post","status-publish","format-standard","has-post-thumbnail","hentry","category-aktuell","category-infos","category-vermischtes"],"jetpack_sharing_enabled":true,"jetpack_featured_media_url":"https:\/\/www.vdsm.net\/wronline\/wp-content\/uploads\/2019\/04\/standortpaten.jpg","_links":{"self":[{"href":"https:\/\/www.vdsm.net\/wronline\/wp-json\/wp\/v2\/posts\/13594","targetHints":{"allow":["GET"]}}],"collection":[{"href":"https:\/\/www.vdsm.net\/wronline\/wp-json\/wp\/v2\/posts"}],"about":[{"href":"https:\/\/www.vdsm.net\/wronline\/wp-json\/wp\/v2\/types\/post"}],"author":[{"embeddable":true,"href":"https:\/\/www.vdsm.net\/wronline\/wp-json\/wp\/v2\/users\/2"}],"replies":[{"embeddable":true,"href":"https:\/\/www.vdsm.net\/wronline\/wp-json\/wp\/v2\/comments?post=13594"}],"version-history":[{"count":2,"href":"https:\/\/www.vdsm.net\/wronline\/wp-json\/wp\/v2\/posts\/13594\/revisions"}],"predecessor-version":[{"id":13597,"href":"https:\/\/www.vdsm.net\/wronline\/wp-json\/wp\/v2\/posts\/13594\/revisions\/13597"}],"wp:featuredmedia":[{"embeddable":true,"href":"https:\/\/www.vdsm.net\/wronline\/wp-json\/wp\/v2\/media\/13595"}],"wp:attachment":[{"href":"https:\/\/www.vdsm.net\/wronline\/wp-json\/wp\/v2\/media?parent=13594"}],"wp:term":[{"taxonomy":"category","embeddable":true,"href":"https:\/\/www.vdsm.net\/wronline\/wp-json\/wp\/v2\/categories?post=13594"},{"taxonomy":"post_tag","embeddable":true,"href":"https:\/\/www.vdsm.net\/wronline\/wp-json\/wp\/v2\/tags?post=13594"}],"curies":[{"name":"wp","href":"https:\/\/api.w.org\/{rel}","templated":true}]}}