{"id":13089,"date":"2019-03-11T08:51:14","date_gmt":"2019-03-11T07:51:14","guid":{"rendered":"https:\/\/www.vdsm.net\/wronline\/?p=13089"},"modified":"2019-03-11T08:51:14","modified_gmt":"2019-03-11T07:51:14","slug":"ihk-patentsprechtag-zur-erstberatung","status":"publish","type":"post","link":"https:\/\/www.vdsm.net\/wronline\/ihk-patentsprechtag-zur-erstberatung\/","title":{"rendered":"IHK-Patentsprechtag zur Erstberatung"},"content":{"rendered":"<p>Am 26. M\u00e4rz 2019 findet ab 14:00 Uhr wieder ein Patentsprechtag der IHK Siegen statt. Hier haben Unternehmensvertreter, Gr\u00fcnder und Erfinder die M\u00f6glichkeit, sich von einem hiesigen Patentanwalt \u00fcber Schutzrechte wie Patente, Gebrauchsmuster, Marken und Design im Rahmen einer Erstberatung informieren zu lassen. In einem vertraulichen Einzelgespr\u00e4ch von circa 30 Minuten kann die eigene Entwicklung bzw. Erfindung vorgestellt werden. Hierzu k\u00f6nnen die Teilnehmer gerne Skizzen, Zeichnungen, Beschreibungstexte oder Prototypen mitbringen. Auch diejenigen, die bereits Schutzrechte erworben und dazu Fragen haben, k\u00f6nnen sich anmelden. Die Teilnahme am Patentsprechtag ist kostenlos. Eine Anmeldung ist aber zwingend erforderlich, da die Beratungszeiten in Absprache verbindlich vereinbart werden.<\/p>\n<p>Die M\u00f6glichkeit zur Online-Anmeldung besteht unter <a href=\"https:\/\/events.ihk-siegen.de\/termine\/322\/\" target=\"_blank\" rel=\"noopener noreferrer\">https:\/\/events.ihk-siegen.de\/termine\/322\/<\/a>. Ansprechpartner bei der IHK Siegen f\u00fcr das Thema Schutzrechte ist Roger Schmidt, (Tel.: 0271 3302-263, E-Mail: <a href=\"mailto:roger.schmidt@siegen.ihk.de\">roger.schmidt@siegen.ihk.de<\/a>).<\/p>\n","protected":false},"excerpt":{"rendered":"<p>Am 26. M\u00e4rz 2019 findet ab 14:00 Uhr wieder ein Patentsprechtag der IHK Siegen statt. Hier haben Unternehmensvertreter, Gr\u00fcnder und Erfinder die M\u00f6glichkeit, sich von&#8230;<\/p>\n","protected":false},"author":2,"featured_media":4018,"comment_status":"open","ping_status":"open","sticky":false,"template":"","format":"standard","meta":{"_jetpack_newsletter_access":"","_jetpack_dont_email_post_to_subs":false,"_jetpack_newsletter_tier_id":0,"_jetpack_memberships_contains_paywalled_content":false,"_jetpack_feature_clip_id":0,"_jetpack_memberships_contains_paid_content":false,"footnotes":"","jetpack_post_was_ever_published":false},"categories":[32,30,34,11],"tags":[],"class_list":["post-13089","post","type-post","status-publish","format-standard","has-post-thumbnail","hentry","category-infos","category-vermischtes","category-termine","category-regionale-wirtschaft"],"jetpack_sharing_enabled":true,"jetpack_featured_media_url":"https:\/\/www.vdsm.net\/wronline\/wp-content\/uploads\/2016\/06\/wronline-ihk.jpg","_links":{"self":[{"href":"https:\/\/www.vdsm.net\/wronline\/wp-json\/wp\/v2\/posts\/13089","targetHints":{"allow":["GET"]}}],"collection":[{"href":"https:\/\/www.vdsm.net\/wronline\/wp-json\/wp\/v2\/posts"}],"about":[{"href":"https:\/\/www.vdsm.net\/wronline\/wp-json\/wp\/v2\/types\/post"}],"author":[{"embeddable":true,"href":"https:\/\/www.vdsm.net\/wronline\/wp-json\/wp\/v2\/users\/2"}],"replies":[{"embeddable":true,"href":"https:\/\/www.vdsm.net\/wronline\/wp-json\/wp\/v2\/comments?post=13089"}],"version-history":[{"count":1,"href":"https:\/\/www.vdsm.net\/wronline\/wp-json\/wp\/v2\/posts\/13089\/revisions"}],"predecessor-version":[{"id":13090,"href":"https:\/\/www.vdsm.net\/wronline\/wp-json\/wp\/v2\/posts\/13089\/revisions\/13090"}],"wp:featuredmedia":[{"embeddable":true,"href":"https:\/\/www.vdsm.net\/wronline\/wp-json\/wp\/v2\/media\/4018"}],"wp:attachment":[{"href":"https:\/\/www.vdsm.net\/wronline\/wp-json\/wp\/v2\/media?parent=13089"}],"wp:term":[{"taxonomy":"category","embeddable":true,"href":"https:\/\/www.vdsm.net\/wronline\/wp-json\/wp\/v2\/categories?post=13089"},{"taxonomy":"post_tag","embeddable":true,"href":"https:\/\/www.vdsm.net\/wronline\/wp-json\/wp\/v2\/tags?post=13089"}],"curies":[{"name":"wp","href":"https:\/\/api.w.org\/{rel}","templated":true}]}}