{"id":13085,"date":"2019-03-08T10:02:03","date_gmt":"2019-03-08T09:02:03","guid":{"rendered":"https:\/\/www.vdsm.net\/wronline\/?p=13085"},"modified":"2019-03-10T08:50:05","modified_gmt":"2019-03-10T07:50:05","slug":"digitale-loesungen-in-der-logistik","status":"publish","type":"post","link":"https:\/\/www.vdsm.net\/wronline\/digitale-loesungen-in-der-logistik\/","title":{"rendered":"Digitale L\u00f6sungen in der Logistik"},"content":{"rendered":"<p>\u201eHier werden genau die L\u00f6sungen erarbeitet, die unsere Arbeit in den n\u00e4chsten Jahren ma\u00dfgeblich bestimmen werden. Das ist nicht nur f\u00fcr jeden Logistiker ein spannender Blick in die Zukunft, sondern k\u00f6nnte auch ein wichtiger Knoten in unserem Netzwerk sein\u201c: Michael Kr\u00f6hl, Leitung Logistik Unternehmensgruppe bei der Krombacher Brauerei Bernhard Schadeberg GmbH &amp; Co. KG und Vorsitzender des Arbeitskreises Verkehrswirtschaft der IHK Siegen, zeigte sich mehr als zufrieden mit dem Besuch der House of Logistics &amp; Mobility GmbH (HOLM). Gemeinsam mit Mitgliedern des Industrie- und Verehrsausschusses der IHK Siegen hatten Vertreter des Arbeitskreises die Exkursion zur Denkfabrik in Frankfurt a.M. angetreten, wo sie von Michael Kadow begr\u00fc\u00dft wurden. Mit dem Gesch\u00e4ftsf\u00fchrer der HOLM GmbH diskutierte die 25-k\u00f6pfige Besuchergruppe eingehend aktuelle globale Trends in der Logistik.<\/p>\n<p>\u201eWir begr\u00fc\u00dfen sehr, dass die Universit\u00e4t Siegen seit 2016 Teil des HOLM ist und dort eine st\u00e4ndige Repr\u00e4sentanz hat. Das ist f\u00fcr uns ein wichtiges Bindeglied f\u00fcr den Forschungstransfer bei komplexen logistischen Fragestellungen in unseren Unternehmen\u201c, betont Mathias Kobel, Logistikleiter der Viega Holding GmbH &amp; Co. KG, Attendorn.<\/p>\n<p>Und so verwunderte es nicht, dass Prof. Dr. Peter Burggr\u00e4f vom Institut f\u00fcr Produktionstechnik der Universit\u00e4t Siegen bei der Exkursion in einem Impulsvortrag die Auswirkungen der Transformation in der Wirtschaft auf Produktion, Logistik und Mobilit\u00e4t aufzeigte und die wichtige Rolle der Universit\u00e4ten und Hochschulen auf diesem Feld unterstrich.<\/p>\n<p>Weitere Themen waren die Digitalisierung in der Logistik aus Sicht von Gro\u00dfkonzernen, digitale L\u00f6sungen f\u00fcr das Speditionsmanagement durch die Startup-Branche und neue Arbeitswelten in der Produktentwicklung. Hier lieferten Holger Bartels von DB Amspire, Rachid Touzani, CEO der Cargosteps GmbH &amp; Co. KG, und Katharina Peier, Leiter Continental Trend Antenna, wertvolle inhaltliche Anst\u00f6\u00dfe f\u00fcr die Logistikexperten aus den Kreisen Siegen-Wittgenstein und Olpe.<\/p>\n<p>Einen H\u00f6hepunkt bildete im Anschluss die gemeinsame Besichtigung der Luftsicherheitskontrolle und des Cargo-Bereichs am Terminal 1 des Flughafens Frankfurt, zu der S\u00f6ren Fornoff von der Fraport AG eine spannende Einf\u00fchrung gab. Joachim von Winning, Gesch\u00e4ftsf\u00fchrer der Air Cargo Community Frankfurt e.V., stellte den Mitgliedern der beiden IHK-Fachgremien daraufhin das Frachtgesch\u00e4ft am Frankfurter Airport im Detail vor. Die Teilnehmer der IHK-Exkursion waren sich am Ende einig: Die Abl\u00e4ufe und Zusammenh\u00e4nge im praktischen Gesch\u00e4ft vor Ort kennen zu lernen, war ein wertvoller Beitrag f\u00fcr die eigene k\u00fcnftige Arbeit. Weitere Fachexkursionen im Bereich der Logistik seien f\u00fcr die Zukunft denkbar, fasste Michael Kr\u00f6hl abschlie\u00dfend die einhellige Auffassung der Logistikkollegen zusammen.<\/p>\n","protected":false},"excerpt":{"rendered":"<p>\u201eHier werden genau die L\u00f6sungen erarbeitet, die unsere Arbeit in den n\u00e4chsten Jahren ma\u00dfgeblich bestimmen werden. Das ist nicht nur f\u00fcr jeden Logistiker ein spannender&#8230;<\/p>\n","protected":false},"author":2,"featured_media":13086,"comment_status":"open","ping_status":"open","sticky":false,"template":"","format":"standard","meta":{"_jetpack_newsletter_access":"","_jetpack_dont_email_post_to_subs":false,"_jetpack_newsletter_tier_id":0,"_jetpack_memberships_contains_paywalled_content":false,"_jetpack_feature_clip_id":0,"_jetpack_memberships_contains_paid_content":false,"footnotes":"","jetpack_post_was_ever_published":false},"categories":[1,32,11],"tags":[],"class_list":["post-13085","post","type-post","status-publish","format-standard","has-post-thumbnail","hentry","category-aktuell","category-infos","category-regionale-wirtschaft"],"jetpack_sharing_enabled":true,"jetpack_featured_media_url":"https:\/\/www.vdsm.net\/wronline\/wp-content\/uploads\/2019\/03\/018-19-HOLM-1.jpg","_links":{"self":[{"href":"https:\/\/www.vdsm.net\/wronline\/wp-json\/wp\/v2\/posts\/13085","targetHints":{"allow":["GET"]}}],"collection":[{"href":"https:\/\/www.vdsm.net\/wronline\/wp-json\/wp\/v2\/posts"}],"about":[{"href":"https:\/\/www.vdsm.net\/wronline\/wp-json\/wp\/v2\/types\/post"}],"author":[{"embeddable":true,"href":"https:\/\/www.vdsm.net\/wronline\/wp-json\/wp\/v2\/users\/2"}],"replies":[{"embeddable":true,"href":"https:\/\/www.vdsm.net\/wronline\/wp-json\/wp\/v2\/comments?post=13085"}],"version-history":[{"count":1,"href":"https:\/\/www.vdsm.net\/wronline\/wp-json\/wp\/v2\/posts\/13085\/revisions"}],"predecessor-version":[{"id":13087,"href":"https:\/\/www.vdsm.net\/wronline\/wp-json\/wp\/v2\/posts\/13085\/revisions\/13087"}],"wp:featuredmedia":[{"embeddable":true,"href":"https:\/\/www.vdsm.net\/wronline\/wp-json\/wp\/v2\/media\/13086"}],"wp:attachment":[{"href":"https:\/\/www.vdsm.net\/wronline\/wp-json\/wp\/v2\/media?parent=13085"}],"wp:term":[{"taxonomy":"category","embeddable":true,"href":"https:\/\/www.vdsm.net\/wronline\/wp-json\/wp\/v2\/categories?post=13085"},{"taxonomy":"post_tag","embeddable":true,"href":"https:\/\/www.vdsm.net\/wronline\/wp-json\/wp\/v2\/tags?post=13085"}],"curies":[{"name":"wp","href":"https:\/\/api.w.org\/{rel}","templated":true}]}}