{"id":13004,"date":"2019-03-01T14:04:40","date_gmt":"2019-03-01T13:04:40","guid":{"rendered":"https:\/\/www.vdsm.net\/wronline\/?p=13004"},"modified":"2019-03-01T14:05:26","modified_gmt":"2019-03-01T13:05:26","slug":"gratulationsveranstaltung-bei-siegenia","status":"publish","type":"post","link":"https:\/\/www.vdsm.net\/wronline\/gratulationsveranstaltung-bei-siegenia\/","title":{"rendered":"Gratulationsveranstaltung bei SIEGENIA"},"content":{"rendered":"<p>Im Rahmen einer Gratulationsveranstaltung w\u00fcrdigte die <a href=\"https:\/\/www.siegenia.com\/de\" target=\"_blank\" rel=\"noopener noreferrer\">SIEGENIA GRUPPE<\/a> am 28. Februar ihre Auszubildenden, die ihre Berufsausbildung im Januar erfolgreich beenden konnten. Insgesamt elf Azubis hatten an den Unternehmensstandorten in Niederdielfen, Hermeskeil und Velbert den ersten Meilenstein in ihrem beruflichen Werdegang erreicht. Sieben von ihnen schlossen die Ausbildung mit der Note \u201egut\u201c ab. S\u00e4mtlichen Azubis hatte SIEGENIA ein Angebot zur \u00dcbernahme unterbreitet. Acht der frisch gebackenen Industriekaufleute, Werkzeugmechaniker, Industriemechaniker, Maschinen- und Anlagenf\u00fchrer und Mechatroniker nahmen das Angebot an und freuen sich nun auf ihren weiteren Weg im Unternehmen.<\/p>\n<p>Auch die Leistungen der vier Mitarbeiter, die ihr berufsbegleitendes Studium in den vergangenen Wochen abschlie\u00dfen konnten \u2013 drei von ihnen mit einem Bachelor-, ein weiterer mit einem Masterabschluss \u2013, wurden w\u00e4hrend der Veranstaltung anerkannt. Neben Wieland Frank, Gesch\u00e4ftsf\u00fchrender Gesellschafter der SIEGENIA GRUPPE, gratulierten auch Bernd Peter Dahmen, Leiter Management &amp; Support, Sabine List, Personalleiterin der Unternehmensgruppe, und Hans-Georg K\u00e4mpfer, Leiter Personalentwicklung sowie Personalleiter des Standorts Niederdielfen, zum erfolgreichen Abschluss.<\/p>\n","protected":false},"excerpt":{"rendered":"<p>Im Rahmen einer Gratulationsveranstaltung w\u00fcrdigte die SIEGENIA GRUPPE am 28. Februar ihre Auszubildenden, die ihre Berufsausbildung im Januar erfolgreich beenden konnten. Insgesamt elf Azubis hatten&#8230;<\/p>\n","protected":false},"author":2,"featured_media":13005,"comment_status":"open","ping_status":"open","sticky":false,"template":"","format":"standard","meta":{"_jetpack_newsletter_access":"","_jetpack_dont_email_post_to_subs":false,"_jetpack_newsletter_tier_id":0,"_jetpack_memberships_contains_paywalled_content":false,"_jetpack_feature_clip_id":0,"_jetpack_memberships_contains_paid_content":false,"footnotes":"","jetpack_post_was_ever_published":false},"categories":[1,10],"tags":[],"class_list":["post-13004","post","type-post","status-publish","format-standard","has-post-thumbnail","hentry","category-aktuell","category-unternehmen"],"jetpack_sharing_enabled":true,"jetpack_featured_media_url":"https:\/\/www.vdsm.net\/wronline\/wp-content\/uploads\/2019\/03\/SIE_Absolventen-2019_Presse.jpg","_links":{"self":[{"href":"https:\/\/www.vdsm.net\/wronline\/wp-json\/wp\/v2\/posts\/13004","targetHints":{"allow":["GET"]}}],"collection":[{"href":"https:\/\/www.vdsm.net\/wronline\/wp-json\/wp\/v2\/posts"}],"about":[{"href":"https:\/\/www.vdsm.net\/wronline\/wp-json\/wp\/v2\/types\/post"}],"author":[{"embeddable":true,"href":"https:\/\/www.vdsm.net\/wronline\/wp-json\/wp\/v2\/users\/2"}],"replies":[{"embeddable":true,"href":"https:\/\/www.vdsm.net\/wronline\/wp-json\/wp\/v2\/comments?post=13004"}],"version-history":[{"count":1,"href":"https:\/\/www.vdsm.net\/wronline\/wp-json\/wp\/v2\/posts\/13004\/revisions"}],"predecessor-version":[{"id":13006,"href":"https:\/\/www.vdsm.net\/wronline\/wp-json\/wp\/v2\/posts\/13004\/revisions\/13006"}],"wp:featuredmedia":[{"embeddable":true,"href":"https:\/\/www.vdsm.net\/wronline\/wp-json\/wp\/v2\/media\/13005"}],"wp:attachment":[{"href":"https:\/\/www.vdsm.net\/wronline\/wp-json\/wp\/v2\/media?parent=13004"}],"wp:term":[{"taxonomy":"category","embeddable":true,"href":"https:\/\/www.vdsm.net\/wronline\/wp-json\/wp\/v2\/categories?post=13004"},{"taxonomy":"post_tag","embeddable":true,"href":"https:\/\/www.vdsm.net\/wronline\/wp-json\/wp\/v2\/tags?post=13004"}],"curies":[{"name":"wp","href":"https:\/\/api.w.org\/{rel}","templated":true}]}}