{"id":12965,"date":"2019-02-28T10:25:28","date_gmt":"2019-02-28T09:25:28","guid":{"rendered":"https:\/\/www.vdsm.net\/wronline\/?p=12965"},"modified":"2019-02-27T14:27:03","modified_gmt":"2019-02-27T13:27:03","slug":"hochschultage-berufliche-bildung-in-siegen-2","status":"publish","type":"post","link":"https:\/\/www.vdsm.net\/wronline\/hochschultage-berufliche-bildung-in-siegen-2\/","title":{"rendered":"Hochschultage Berufliche Bildung in Siegen"},"content":{"rendered":"<p>An der Universit\u00e4t Siegen finden vom 11. bis zum 13. M\u00e4rz 2019 die \u201eHochschultage Berufliche Bildung\u201c statt. Dabei handelt es sich um eine sehr renommierte und etablierte Veranstaltung zur Berufsbildungsforschung, die Wissenschaft, Berufsbildungsinstitutionen und Unternehmen zusammenbringt, um aktuelle Fragen rund um die berufliche Bildung zu diskutieren. Rund 800 Teilnehmende aus dem In- und Ausland werden dazu in Siegen erwartet.<\/p>\n<p>Die \u201eHochschultage Berufliche Bildung\u201c finden alle zwei Jahre statt, im Jahr 2019 bereits zum 20. Mal. \u201eDie Hochschultage sind eine ausgezeichnete Gelegenheit, um Potenziale der Universit\u00e4t Siegen und der Region mit ihren unterschiedlichen Akteuren im Hinblick auf Berufsbildungsfragen nach au\u00dfen hin zu dokumentieren und aktuelle Forschungsergebnisse zu transferieren\u201c, sagte Prof. Dr. Ulrike Buchmann (Fakult\u00e4t II). Sie verantwortet inhaltlich Programm und Durchf\u00fchrung der Hochschultage.<\/p>\n<p>Das Rahmenthema der Hochschultage Berufliche Bildung lautet in diesem Jahr &#8222;Digitale Welt &#8211; Bildung und Arbeit in Transformationsgesellschaften im Bauhausjahr 2019&#8220;. Buchmann m\u00f6chte dabei auch einen Schwerpunkt auf die heimische Region setzen: \u201eS\u00fcdwestfalen steht trotz seiner unverkennbaren Spezifik repr\u00e4sentativ f\u00fcr generelle Entwicklungen, sowohl was die Herausforderungen im Rahmen der Digitalisierung angeht als auch die Entwicklung von innovativen Bew\u00e4ltigungsstrategien\u201c, sagt die Professorin f\u00fcr Berufs- und Wirtschaftsp\u00e4dagogik. \u201eS\u00fcdwestfalen h\u00e4tte das Potential sich als Modellregion f\u00fcr digitale Transformationen zu positionieren, sofern es gelingt in neuen regionalen Allianzen zu denken und zu agieren. Die HTBB 2019 in Siegen bieten ein Format f\u00fcr den dringend erforderlichen Dialog unter allen Berufsbildungsakteurinnen und -akteuren.\u201c<\/p>\n<p>Auf dem Campus Unteres Schloss sind insgesamt 18 Fachtagungen und 21 Workshops geplant. Am Dienstag, 12. M\u00e4rz 2019 wird es in der Martinikirche Siegen au\u00dferdem eine feierliche Begr\u00fc\u00dfungsveranstaltung geben, zu der unter anderem Elke B\u00fcdenbender, die Ehefrau des Bundespr\u00e4sidenten, sowie Staatssekret\u00e4r Mathias Richter aus dem Ministerium f\u00fcr Schule und Bildung des Landes NRW erwartet werden.<\/p>\n<p>Die Arbeitsgemeinschaft Berufliche Bildung (AG BB) organisiert die Hochschultage Berufliche Bildung gemeinsam mit der Berufs- und Wirtschaftsp\u00e4dagogik der Universit\u00e4t Siegen. Unterst\u00fctzt wird die Veranstaltung vom Ministerium f\u00fcr Schule und Bildung NRW. Weitere Informationen und das vollst\u00e4ndige Programm finden Sie unter\u00a0<a class=\" cd_intlink\" href=\"http:\/\/www.htbb2019.uni-siegen.de\/\" target=\"_blank\" rel=\"noopener noreferrer\">www.htbb2019.uni-siegen.de<\/a><\/p>\n","protected":false},"excerpt":{"rendered":"<p>An der Universit\u00e4t Siegen finden vom 11. bis zum 13. M\u00e4rz 2019 die \u201eHochschultage Berufliche Bildung\u201c statt. Dabei handelt es sich um eine sehr renommierte&#8230;<\/p>\n","protected":false},"author":2,"featured_media":7097,"comment_status":"open","ping_status":"open","sticky":false,"template":"","format":"standard","meta":{"_jetpack_memberships_contains_paid_content":false,"footnotes":""},"categories":[8,32,30,34],"tags":[],"class_list":["post-12965","post","type-post","status-publish","format-standard","has-post-thumbnail","hentry","category-ausbildung","category-infos","category-vermischtes","category-termine"],"jetpack_featured_media_url":"https:\/\/www.vdsm.net\/wronline\/wp-content\/uploads\/2017\/07\/uni-siegen.jpg","jetpack_sharing_enabled":true,"_links":{"self":[{"href":"https:\/\/www.vdsm.net\/wronline\/wp-json\/wp\/v2\/posts\/12965","targetHints":{"allow":["GET"]}}],"collection":[{"href":"https:\/\/www.vdsm.net\/wronline\/wp-json\/wp\/v2\/posts"}],"about":[{"href":"https:\/\/www.vdsm.net\/wronline\/wp-json\/wp\/v2\/types\/post"}],"author":[{"embeddable":true,"href":"https:\/\/www.vdsm.net\/wronline\/wp-json\/wp\/v2\/users\/2"}],"replies":[{"embeddable":true,"href":"https:\/\/www.vdsm.net\/wronline\/wp-json\/wp\/v2\/comments?post=12965"}],"version-history":[{"count":1,"href":"https:\/\/www.vdsm.net\/wronline\/wp-json\/wp\/v2\/posts\/12965\/revisions"}],"predecessor-version":[{"id":12966,"href":"https:\/\/www.vdsm.net\/wronline\/wp-json\/wp\/v2\/posts\/12965\/revisions\/12966"}],"wp:featuredmedia":[{"embeddable":true,"href":"https:\/\/www.vdsm.net\/wronline\/wp-json\/wp\/v2\/media\/7097"}],"wp:attachment":[{"href":"https:\/\/www.vdsm.net\/wronline\/wp-json\/wp\/v2\/media?parent=12965"}],"wp:term":[{"taxonomy":"category","embeddable":true,"href":"https:\/\/www.vdsm.net\/wronline\/wp-json\/wp\/v2\/categories?post=12965"},{"taxonomy":"post_tag","embeddable":true,"href":"https:\/\/www.vdsm.net\/wronline\/wp-json\/wp\/v2\/tags?post=12965"}],"curies":[{"name":"wp","href":"https:\/\/api.w.org\/{rel}","templated":true}]}}