{"id":12906,"date":"2019-02-26T08:43:43","date_gmt":"2019-02-26T07:43:43","guid":{"rendered":"https:\/\/www.vdsm.net\/wronline\/?p=12906"},"modified":"2019-02-26T08:43:43","modified_gmt":"2019-02-26T07:43:43","slug":"infoveranstaltung-zum-beruflichen-wiedereinstieg-4","status":"publish","type":"post","link":"https:\/\/www.vdsm.net\/wronline\/infoveranstaltung-zum-beruflichen-wiedereinstieg-4\/","title":{"rendered":"Infoveranstaltung zum beruflichen Wiedereinstieg"},"content":{"rendered":"<p>Wie gelingt der berufliche Wiedereinstieg nach der Familienzeit? Diese Frage beantwortet Birgit Riemer-Schnabel, Beauftragte f\u00fcr Chancengleichheit am Arbeitsmarkt der Agentur f\u00fcr Arbeit Siegen in ihren regelm\u00e4\u00dfigen Infoveranstaltungen. In rund zweieinhalb Stunden gibt Riemer-Schnabel wertvolle Tipps zur Berufsr\u00fcckkehr und kl\u00e4rt erste Fragen zur Bewerbung und m\u00f6glichen beruflichen Perspektiven. \u201eKommen Sie gerne mit Ihren Fragen zu mir und lassen Sie uns gemeinsam m\u00f6gliche Wege besprechen\u201c, l\u00e4dt Riemer-Schnabel zum Austausch ein. Die n\u00e4chste Veranstaltung in Siegen ist am 12. M\u00e4rz von 9:00 Uhr bis 11:30 Uhr. Sie findet im Raum 2.84a in der Agentur f\u00fcr Arbeit in Siegen, Emilienstra\u00dfe 45, statt.\u00a0Eine Anmeldung ist nicht erforderlich.<\/p>\n","protected":false},"excerpt":{"rendered":"<p>Wie gelingt der berufliche Wiedereinstieg nach der Familienzeit? Diese Frage beantwortet Birgit Riemer-Schnabel, Beauftragte f\u00fcr Chancengleichheit am Arbeitsmarkt der Agentur f\u00fcr Arbeit Siegen in ihren&#8230;<\/p>\n","protected":false},"author":6,"featured_media":2674,"comment_status":"open","ping_status":"open","sticky":false,"template":"","format":"standard","meta":{"_jetpack_memberships_contains_paid_content":false,"footnotes":""},"categories":[16,32,34],"tags":[],"class_list":["post-12906","post","type-post","status-publish","format-standard","has-post-thumbnail","hentry","category-arbeitsmarkt","category-infos","category-termine"],"jetpack_featured_media_url":"https:\/\/www.vdsm.net\/wronline\/wp-content\/uploads\/2015\/08\/wronline-header-arbeitsmarkt.jpg","jetpack_sharing_enabled":true,"_links":{"self":[{"href":"https:\/\/www.vdsm.net\/wronline\/wp-json\/wp\/v2\/posts\/12906","targetHints":{"allow":["GET"]}}],"collection":[{"href":"https:\/\/www.vdsm.net\/wronline\/wp-json\/wp\/v2\/posts"}],"about":[{"href":"https:\/\/www.vdsm.net\/wronline\/wp-json\/wp\/v2\/types\/post"}],"author":[{"embeddable":true,"href":"https:\/\/www.vdsm.net\/wronline\/wp-json\/wp\/v2\/users\/6"}],"replies":[{"embeddable":true,"href":"https:\/\/www.vdsm.net\/wronline\/wp-json\/wp\/v2\/comments?post=12906"}],"version-history":[{"count":2,"href":"https:\/\/www.vdsm.net\/wronline\/wp-json\/wp\/v2\/posts\/12906\/revisions"}],"predecessor-version":[{"id":12908,"href":"https:\/\/www.vdsm.net\/wronline\/wp-json\/wp\/v2\/posts\/12906\/revisions\/12908"}],"wp:featuredmedia":[{"embeddable":true,"href":"https:\/\/www.vdsm.net\/wronline\/wp-json\/wp\/v2\/media\/2674"}],"wp:attachment":[{"href":"https:\/\/www.vdsm.net\/wronline\/wp-json\/wp\/v2\/media?parent=12906"}],"wp:term":[{"taxonomy":"category","embeddable":true,"href":"https:\/\/www.vdsm.net\/wronline\/wp-json\/wp\/v2\/categories?post=12906"},{"taxonomy":"post_tag","embeddable":true,"href":"https:\/\/www.vdsm.net\/wronline\/wp-json\/wp\/v2\/tags?post=12906"}],"curies":[{"name":"wp","href":"https:\/\/api.w.org\/{rel}","templated":true}]}}