{"id":1247,"date":"2013-02-28T10:02:39","date_gmt":"2013-02-28T09:02:39","guid":{"rendered":"http:\/\/www.vdsm.net\/wronline\/?p=1247"},"modified":"2013-02-28T10:02:39","modified_gmt":"2013-02-28T09:02:39","slug":"mehr-arbeitslose-mehr-neue-stellen","status":"publish","type":"post","link":"https:\/\/www.vdsm.net\/wronline\/mehr-arbeitslose-mehr-neue-stellen\/","title":{"rendered":"Mehr Arbeitslose &#8211; mehr neue Stellen"},"content":{"rendered":"<p><a href=\"http:\/\/www.vdsm.net\/wronline\/wp-content\/uploads\/2011\/12\/AASiegen.jpg\"><img loading=\"lazy\" decoding=\"async\" class=\"alignleft size-full wp-image-104\" alt=\"Arbeitsagentur Siegen\" src=\"http:\/\/www.vdsm.net\/wronline\/wp-content\/uploads\/2011\/12\/AASiegen.jpg\" width=\"250\" height=\"188\" \/><\/a>\u201eIm Februar stieg die Arbeitslosigkeit leider erneut leicht an. Die au\u00dfergew\u00f6hnlich schlechte Witterung erschwert die Arbeit in den Au\u00dfenberufen und f\u00fchrte teilweise zu Entlassungen. Weiterhin endeten die zwei- und dreieinhalb-j\u00e4hrigen Berufsausbildungen. Auf der anderen Seite haben die heimischen Unternehmen wieder deutlich mehr Stellen gemeldet. Wir bewegen uns langsam auf die Fr\u00fchjahrsbelebung zu\u201c, so Dr. Bettina Wolf, Vorsitzende der Gesch\u00e4ftsf\u00fchrung der Agentur f\u00fcr Arbeit Siegen.<\/p>\n<p>Die Arbeitslosenquote steigt von 5,5 Prozent im Januar 2012 auf 5,6 Prozent im Februar. Im Februar 2012 lag die Arbeitslosenquote bei 5,5 Prozent. Derzeit sind im Agenturbezirk Siegen noch 12.721 Menschen ohne Besch\u00e4ftigung, im Januar waren es 12.470 (-251 Personen). Das bedeutet einen Zuwachs um 2 Prozent im Vormonatsvergleich. Im Februar letzten Jahres waren 12.265 auf der Suche nach einem Arbeitsplatz. Im Vorjahresvergleich resultiert ein Anstieg der Zahl der Arbeitslosen von 3,7 Prozent (456 Personen).<\/p>\n<p>Bei allen Altersgruppen ist ein leichter Anstieg der Arbeitslosenzahl zu verzeichnen. Betrachtet man die Gruppe der jungen Menschen zwischen 15 und 25 Jahren insgesamt, erh\u00f6ht sich die Zahl der arbeitslos Gemeldeten seit Dezember 2012 um 9,5 Prozent (141 Personen), verglichen mit Februar 2012 bedeutet dies eine Zunahme um 6,6 Prozent (423 Personen). \u201eUnternehmen, die es schaffen, auch in schwierigeren Zeiten Ihre engagierten Mitarbeiterinnen und Mitarbeiter zu halten, werden einen Wettbewerbsvorteil haben. Vor dem Hintergrund der demografischen Entwicklung wird bald ein Konkurrenzkampf insbesondere um die besten j\u00fcngeren Bewerber und Bewerberinnen beginnen\u201c.<\/p>\n<p>Im Vergleich zum letzten Jahr sind 45 Menschen mit schwerer Behinderung mehr in einer neuen Anstellung, das bedeutet einen R\u00fcckgang um 4,7 Prozent. Zudem konnten einige der Menschen, die zumeist bereits l\u00e4nger als 12 Monate einen Arbeitsplatz suchen,\u00a0 wieder eine Besch\u00e4ftigung aufnehmen. Im Vorjahresvergleich ergibt sich ein R\u00fcckgang der Arbeitslosenzahl um 0,6 Prozent (25 Personen). Dr. Bettina Wolf motiviert: \u201eImmer mehr Menschen mit einer schweren Behinderung und mit l\u00e4ngerer Arbeitsunterbrechung k\u00f6nnen auf dem heimischen Arbeitsmarkt Fu\u00df fassen. Die Potenziale der Menschen mit einer schwierigeren Startposition entdecken und f\u00f6rdern wir immer besser. Durch pers\u00f6nliche Betreuung und intensiven Austausch mit den Arbeitgebern finden wir gemeinsam k\u00fcrzere Wegen zur erfolgreichen Vermittlung der Menschen in Arbeit.\u201c<\/p>\n<p>Im Kreis Siegen-Wittgenstein stieg die Arbeitslosenzahl im Jahresvergleich um 1,1 Prozent (98 Personen). Derzeit sind 8.897 Menschen ohne Besch\u00e4ftigung registriert, das bedeutet einen Anstieg um 2,7 Prozent (232 Personen) Menschen zum Vormonat. Die Arbeitslosenquote steigt von 5,8 Prozent im Januar auf 5,9 Prozent in diesem Monat.<\/p>\n<p>Im Kreis Olpe sind derzeit 3.824 Menschen arbeitslos. Die Arbeitslosenquote blieb hier konstant bei 5 Prozent seit Anfang des Jahres. Im Vergleich zum Februar 2012 waren diesen Monat 10,3 Prozent (358 Personen) mehr Menschen arbeitslos gemeldet.<\/p>\n<p>Der Arbeitgeber-Service konnte seit Jahresbeginn bereits 1.272 Stellen aufnehmen. Allein in diesem Monat meldeten die heimischen Unternehmen 811 zu besetzende Arbeitspl\u00e4tze. Davon sind 776 Stellen (95,7 Prozent) als sozialversicherungspflichtige Besch\u00e4ftigungen gemeldet. Insgesamt wurden 75,9 Prozent mehr Stellen gemeldet als im Januar. Der Bestand an vakanten Arbeitspl\u00e4tzen liegt derzeit bei 1.849. Besonders das verarbeitende Gewerbe, der Handel, das Gastgewerbe und das Gesundheits- und Sozialwesen haben weiterhin einen gro\u00dfen Bedarf an qualifizierten Arbeitnehmerinnen und Arbeitnehmern. \u201eAllein in diesem Monat wurden \u00fcber 800 Stellen gemeldet. Die Entwicklung in der Region ist bereits \u00fcber einen l\u00e4ngeren Zeitraum f\u00fcr Bewerberinnen und Bewerber positiv. Arbeitslose M\u00e4nner und Frauen sollten hoffnungsvoll und engagiert auf die Unternehmen zugehen. Wir unterst\u00fctzen und versuchen konkret H\u00fcrden f\u00fcr einen erfolgreichen Werdegang in der Arbeitswelt abzubauen. Durch Bewerbungstrainings, Sprachkurse, fachliche Qualifizierungen oder Unterst\u00fctzung bei der barrierefreien Arbeitsplatzgestaltung bauen wir Br\u00fccken zwischen Betrieben und Bewerbern\u201c, erl\u00e4utert Dr. Bettina Wolf.<\/p>\n<p>Die Zahl der Arbeitslosen summiert sich in Siegen aus Kunden der Arbeitslosenversicherung (Agentur f\u00fcr Arbeit Siegen) und aus den Kunden der Grundsicherung (Jobcenter Kreis Siegen-Wittgenstein und Jobcenter Kreis Olpe). Im Rechtskreis der Agentur f\u00fcr Arbeit Siegen steigt die Zahl der Besch\u00e4ftigungssuchenden im Vergleich zum Vormonat um 1,7 Prozent (81 Personen) auf aktuell 4.951 Personen. Im Rechtskreis der Jobcenter ist ein Anstieg um 2,2 Prozent (170 Personen) im Vergleich zum Januar zu verzeichnen. Im Bereich der Arbeitslosenversicherung ergibt sich auch im Vorjahresvergleich eine Zunahme der Zahl der arbeitslos gemeldeten Menschen um 13,4 Prozent (585 Personen). Bei der Grundsicherung ergibt der Vorjahresvergleich einen R\u00fcckgang von 1,6\u00a0 Prozent (129 Personen).<\/p>\n<p>Bei den beiden Grundsicherungstr\u00e4gern der Region Siegen, Jobcenter Kreis Siegen-Wittgenstein und Jobcenter Kreis Olpe, sind aktuell 7.770 Menschen arbeitslos gemeldet. Vor einem Jahr waren es noch 7.899 Personen, 129 Personen mehr. Das Jobcenter Kreis Siegen-Wittgenstein ist aktuell f\u00fcr 5.602 Besch\u00e4ftigungssuchende zust\u00e4ndig. Im Vergleich zum Januar des Vorjahres ergibt sich ein R\u00fcckgang der Arbeitslosigkeit um 3,8 Prozent (222 Personen). Beim Jobcenter Kreis Olpe ist im Vorjahresvergleich ein Anstieg der Arbeitslosigkeit verzeichnet werden. Aktuell betr\u00e4gt die Zahl der gemeldeten Arbeitslosen 2.168 Personen. Im Vormonatsvergleich stieg die Zahl der Arbeitslosen um 1,6 Prozent (35 Personen), der Vergleich zum Februar des Vorjahres ergibt ein Plus von 4,5 Prozent (93 Personen).<\/p>\n","protected":false},"excerpt":{"rendered":"<p>\u201eIm Februar stieg die Arbeitslosigkeit leider erneut leicht an. Die au\u00dfergew\u00f6hnlich schlechte Witterung erschwert die Arbeit in den Au\u00dfenberufen und f\u00fchrte teilweise zu Entlassungen. Weiterhin&#8230;<\/p>\n","protected":false},"author":2,"featured_media":0,"comment_status":"open","ping_status":"open","sticky":false,"template":"","format":"standard","meta":{"_jetpack_memberships_contains_paid_content":false,"footnotes":""},"categories":[16],"tags":[],"class_list":["post-1247","post","type-post","status-publish","format-standard","hentry","category-arbeitsmarkt"],"jetpack_featured_media_url":"","jetpack_sharing_enabled":true,"_links":{"self":[{"href":"https:\/\/www.vdsm.net\/wronline\/wp-json\/wp\/v2\/posts\/1247","targetHints":{"allow":["GET"]}}],"collection":[{"href":"https:\/\/www.vdsm.net\/wronline\/wp-json\/wp\/v2\/posts"}],"about":[{"href":"https:\/\/www.vdsm.net\/wronline\/wp-json\/wp\/v2\/types\/post"}],"author":[{"embeddable":true,"href":"https:\/\/www.vdsm.net\/wronline\/wp-json\/wp\/v2\/users\/2"}],"replies":[{"embeddable":true,"href":"https:\/\/www.vdsm.net\/wronline\/wp-json\/wp\/v2\/comments?post=1247"}],"version-history":[{"count":2,"href":"https:\/\/www.vdsm.net\/wronline\/wp-json\/wp\/v2\/posts\/1247\/revisions"}],"predecessor-version":[{"id":1249,"href":"https:\/\/www.vdsm.net\/wronline\/wp-json\/wp\/v2\/posts\/1247\/revisions\/1249"}],"wp:attachment":[{"href":"https:\/\/www.vdsm.net\/wronline\/wp-json\/wp\/v2\/media?parent=1247"}],"wp:term":[{"taxonomy":"category","embeddable":true,"href":"https:\/\/www.vdsm.net\/wronline\/wp-json\/wp\/v2\/categories?post=1247"},{"taxonomy":"post_tag","embeddable":true,"href":"https:\/\/www.vdsm.net\/wronline\/wp-json\/wp\/v2\/tags?post=1247"}],"curies":[{"name":"wp","href":"https:\/\/api.w.org\/{rel}","templated":true}]}}