{"id":1224,"date":"2013-02-20T10:30:20","date_gmt":"2013-02-20T09:30:20","guid":{"rendered":"http:\/\/www.vdsm.net\/wronline\/?p=1224"},"modified":"2013-02-20T10:53:31","modified_gmt":"2013-02-20T09:53:31","slug":"nrw-verkehrsminister-fand-den-weg-nach-wittgenstein","status":"publish","type":"post","link":"https:\/\/www.vdsm.net\/wronline\/nrw-verkehrsminister-fand-den-weg-nach-wittgenstein\/","title":{"rendered":"NRW-Wirtschaftsminister fand den Weg nach Wittgenstein"},"content":{"rendered":"<div id=\"attachment_1225\" style=\"width: 310px\" class=\"wp-caption alignleft\"><a href=\"http:\/\/www.vdsm.net\/wronline\/wp-content\/uploads\/2013\/02\/IMG_3643.jpg\"><img loading=\"lazy\" decoding=\"async\" aria-describedby=\"caption-attachment-1225\" class=\"size-medium wp-image-1225\" alt=\"NRW-Wirtschaftsminister Garrelt Duin (2. v. links) besuchte die EJOT GmbH &amp; Co. KG in Bad Berleburg.\" src=\"http:\/\/www.vdsm.net\/wronline\/wp-content\/uploads\/2013\/02\/IMG_3643-300x200.jpg\" width=\"300\" height=\"200\" srcset=\"https:\/\/www.vdsm.net\/wronline\/wp-content\/uploads\/2013\/02\/IMG_3643-300x200.jpg 300w, https:\/\/www.vdsm.net\/wronline\/wp-content\/uploads\/2013\/02\/IMG_3643-150x100.jpg 150w, https:\/\/www.vdsm.net\/wronline\/wp-content\/uploads\/2013\/02\/IMG_3643.jpg 600w\" sizes=\"auto, (max-width: 300px) 100vw, 300px\" \/><\/a><p id=\"caption-attachment-1225\" class=\"wp-caption-text\">NRW-Wirtschaftsminister Garrelt Duin (2. v. links) besuchte die EJOT GmbH &amp; Co. KG in Bad Berleburg.<\/p><\/div>\n<p>Es ist schon ein durchaus bemerkenswertes Ereignis, wenn gleich zwei Landesminister kurz hintereinander den Weg nach Siegen-Wittgenstein finden. Nachdem NRW-Verkehrsminister Michael Groschek k\u00fcrzlich der SMS Siemag AG in Hilchenbach-Dahlbruch einen Besuch abstattete, informierte sich jetzt sein Kabinettskollege, NRW-Wirtschaftsminister Garrelt Duin, bei der EJOT GmbH &amp; Co. KG in Bad Berleburg \u00fcber die Standortbedingungen eines erfolgreichen mittelst\u00e4ndischen Unternehmens im s\u00fcdlichen S\u00fcdwestfalen. Begleitet wurde er dabei von MdB Willi Brase, der Europaabgeordneten Birgit Sippel und MdL Falk Heinrichs.<\/p>\n<p>Im Gespr\u00e4ch mit dem Minister machten die beiden EJOT-Gesch\u00e4ftsf\u00fchrern Christian F. Kocherscheidt und Winfried Schwarz deutlich, wo der Schuh die Unternehmen in der Region derzeit am meisten dr\u00fcckt, n\u00e4mlich bei der Verkehrsanbindung und beim Fachkr\u00e4ftenachwuchs. &#8222;Wir brauchen f\u00fcr die weitere wirtschaftliche Entwicklung eine deutliche Verbesserung der Verkehrsinfrastruktur. Dazu geh\u00f6rt vor allem das Projekt Route 57.&#8220;, so Christian F. Kocherscheidt. &#8222;Dabei greift ein Thema in das andere, denn nur mit einer guten Verkehrsanbindung k\u00f6nnen wir auch Arbeitskr\u00e4fte in die Region holen, die wir zuk\u00fcnftig dringend ben\u00f6tigen werden&#8220;, erg\u00e4nzte Winfried Schwarz.<\/p>\n<p>Minister Duin unterstrich in seinen Ausf\u00fchrungen, dass es eines seiner Hauptanliegen sei, die Bedeutung der industriellen Wertsch\u00f6pfung wieder st\u00e4rker in den Blick der \u00d6ffentlichkeit zu r\u00fccken. \u201eGerade die mittelst\u00e4ndischen Familienunternehmen in S\u00fcdwestfalen, immerhin eine der drei bedeutendsten Industrieregionen Deutschlands, leisten hierzu einen enormen Beitrag.\u201c<\/p>\n<p>Damit dies auch in Zukunft m\u00f6glich sei, denn von einer sch\u00f6nen Landschaft alleine k\u00f6nne man nicht leben, so der Minister weiter, sei es notwendig, die Standortbedingungen f\u00fcr die Unternehmen weiter zu verbessern. Dazu geh\u00f6re die Route 57 als Verkehrsanbindung f\u00fcr den Wittgensteiner Raum ebenso, wie ausgewiesene Strecken f\u00fcr Schwerlasttransporte.<\/p>\n<p>Aber auch der zuk\u00fcnftige Fachkr\u00e4ftebedarf sei f\u00fcr die Unternehmen ein entscheidender Faktor. \u201eSicher ist es gut und richtig, wenn Unternehmen dar\u00fcber nachdenken, arbeitslose Jugendliche, beispielsweise aus Spanien oder Griechenland, anzuwerben. Aber warum sollte nicht auch jemand aus dem n\u00f6rdlichen Ruhrgebiet seine Ausbildung in einem Unternehmen hier in der Region absolvieren\u201c, so Garrelt Duin. Man m\u00fcsse die Jugendlichen motivieren, sich auch f\u00fcr einen Ausbildungsplatz in Siegen-Wittgenstein zu bewerben.<\/p>\n<p>\u201eDas Nachwuchsproblem ist nicht nur auf Siegen-Wittgenstein beschr\u00e4nkt. Es betrifft ganz S\u00fcdwestfalen\u201c, machte Willi Brase deutlich. Deshalb sei die Zusammenarbeit der Region und die gemeinsame Darstellung nach Au\u00dfen auch so wichtig. \u201eAlle Beteiligten haben inzwischen verstanden, dass wir im Wettbewerb der Regionen nur dann eine Chance haben, wenn wir gemeinsam als S\u00fcdwestfalen auftreten.\u201c Die Regionale habe hierzu einen wichtigen Beitrag geleistet, ebenso wie die ausgepr\u00e4gte Kooperationsbereitschaft der Akteure vor Ort.<\/p>\n<p>Nach den Gespr\u00e4chen baten die beiden EJOT-Gesch\u00e4ftsf\u00fchrer zu einem Betriebsrundgang. Der Wirtschaftsminister hatte dabei die Gelegenheit, einen Blick in die moderne Schraubenfertigung im Werk Astenbergstra\u00dfe zu werfen. \u201eMir war bislang gar nicht bewusst, dass der Wagen, mit dem ich hierher gefahren bin, auch von ihren Produkten zusammengehalten wird\u201c, so Garrelt Duin, der anschlie\u00dfend sichtlich beeindruckt wieder nach D\u00fcsseldorf aufbrach.<\/p>\n","protected":false},"excerpt":{"rendered":"<p>Es ist schon ein durchaus bemerkenswertes Ereignis, wenn gleich zwei Landesminister kurz hintereinander den Weg nach Siegen-Wittgenstein finden. Nachdem NRW-Verkehrsminister Michael Groschek k\u00fcrzlich der SMS&#8230;<\/p>\n","protected":false},"author":2,"featured_media":1225,"comment_status":"open","ping_status":"open","sticky":false,"template":"","format":"standard","meta":{"_jetpack_memberships_contains_paid_content":false,"footnotes":""},"categories":[10],"tags":[],"class_list":["post-1224","post","type-post","status-publish","format-standard","has-post-thumbnail","hentry","category-unternehmen"],"jetpack_featured_media_url":"https:\/\/www.vdsm.net\/wronline\/wp-content\/uploads\/2013\/02\/IMG_3643.jpg","jetpack_sharing_enabled":true,"_links":{"self":[{"href":"https:\/\/www.vdsm.net\/wronline\/wp-json\/wp\/v2\/posts\/1224","targetHints":{"allow":["GET"]}}],"collection":[{"href":"https:\/\/www.vdsm.net\/wronline\/wp-json\/wp\/v2\/posts"}],"about":[{"href":"https:\/\/www.vdsm.net\/wronline\/wp-json\/wp\/v2\/types\/post"}],"author":[{"embeddable":true,"href":"https:\/\/www.vdsm.net\/wronline\/wp-json\/wp\/v2\/users\/2"}],"replies":[{"embeddable":true,"href":"https:\/\/www.vdsm.net\/wronline\/wp-json\/wp\/v2\/comments?post=1224"}],"version-history":[{"count":7,"href":"https:\/\/www.vdsm.net\/wronline\/wp-json\/wp\/v2\/posts\/1224\/revisions"}],"predecessor-version":[{"id":1231,"href":"https:\/\/www.vdsm.net\/wronline\/wp-json\/wp\/v2\/posts\/1224\/revisions\/1231"}],"wp:featuredmedia":[{"embeddable":true,"href":"https:\/\/www.vdsm.net\/wronline\/wp-json\/wp\/v2\/media\/1225"}],"wp:attachment":[{"href":"https:\/\/www.vdsm.net\/wronline\/wp-json\/wp\/v2\/media?parent=1224"}],"wp:term":[{"taxonomy":"category","embeddable":true,"href":"https:\/\/www.vdsm.net\/wronline\/wp-json\/wp\/v2\/categories?post=1224"},{"taxonomy":"post_tag","embeddable":true,"href":"https:\/\/www.vdsm.net\/wronline\/wp-json\/wp\/v2\/tags?post=1224"}],"curies":[{"name":"wp","href":"https:\/\/api.w.org\/{rel}","templated":true}]}}