{"id":12099,"date":"2018-12-28T10:06:42","date_gmt":"2018-12-28T09:06:42","guid":{"rendered":"https:\/\/www.vdsm.net\/wronline\/?p=12099"},"modified":"2018-12-30T13:12:13","modified_gmt":"2018-12-30T12:12:13","slug":"technische-innovationen-dieselchaos-und-verunsicherung","status":"publish","type":"post","link":"https:\/\/www.vdsm.net\/wronline\/technische-innovationen-dieselchaos-und-verunsicherung\/","title":{"rendered":"Technische Innovationen, Dieselchaos und Verunsicherung"},"content":{"rendered":"<p>Neues Jahr, neue Regeln. Auch im kommenden Jahr haben Autofahrer wieder einige \u00c4nderungen zu erwarten. Dabei gibt es zum Teil positive und sinnvolle Neuerungen, aber auch weniger gute \u00c4nderungen wie Fahrverbote in einigen St\u00e4dten. Der Automobilclub Mobil in Deutschland e.V. pr\u00e4sentiert die wichtigsten Neuerungen f\u00fcr Autofahrer in 2019.<\/p>\n<p>Online-Zulassung f\u00fcr Neuwagen<\/p>\n<p>Die Digitalisierung schreitet immer weiter voran, das gilt auch f\u00fcr die Erstzulassung von Neuwagen. Ab 2019 soll man jetzt auch Fahrzeuge online zulassen, um- und abmelden k\u00f6nnen. Diese Verordnung legte das Bundesverkehrsministerium bereits im August vor. Ab jetzt liegt es am Bundesrat, der nur noch zustimmen muss. Diese Regelung, die voraussichtlich im Laufe des n\u00e4chsten Jahres in Krafttreten soll, w\u00e4re eine enorme Erleichterung f\u00fcr Autofahrer in Deutschland.<\/p>\n<p>DAB-Radio in allen Neuwagen<\/p>\n<p>Laut Beschluss des EU-Parlaments werden die Autoradios in Neuwagen ab 2019 zus\u00e4tzlich zum UKW-Empfang zuk\u00fcnftig auch standardm\u00e4\u00dfig den Empfang von DAB+ oder anderen digitalen terrestrischen \u00dcbertragungen erm\u00f6glichen. Bisher war diese Option noch optional und gegen Extrageb\u00fchren verf\u00fcgbar. Sofern Neuwagen k\u00fcnftig also ein Radio installiert haben, m\u00fcssen diese mit einer Frist von zwei Jahren auch mit DAB+ auf den Markt kommen.<\/p>\n<p>Schutz vor Falschbetankung<\/p>\n<p>Der Horror jedes Autofahrers: Falschbetankung! Was nur einen kurzen Moment der Unaufmerksamkeit erfordert, ist nicht nur sehr \u00e4rgerlich, sondern geht auch schnell ins Geld. K\u00fcnftig soll ein solcher Fauxpas aber nicht mehr m\u00f6glich sein. Obwohl viele Hersteller bereits technische Fehlbetankungs-Schutzsysteme installieren, schreibt die EU ab 2019 nun auch einheitliche Kraftstoff-Bezeichnungen vor. Nicht selten greifen Reisende im Ausland n\u00e4mlich zum falschen Zapfhahn und betanken ihr Auto verkehrt. Um dies in Zukunft zu vermeiden, sollen ab Jahresbeginn entsprechende Etiketten auf Zapfpistolen und in den Tankdeckeln von Neufahrzeugen angebracht sein.<\/p>\n<p>Abgasmessungen im realen Fahrbetrieb<\/p>\n<p>Neue Regelungen gibt es demn\u00e4chst auch in Dingen Abgasmessungen: Ab dem 1. September 2019 soll im Rahmen der Typzulassung nicht mehr nur das WLTP-Pr\u00fcfverfahren an der Tagesordnung stehen, sondern auch die direkte Messung im realen Fahrbetrieb (Real Drive Emissions, RDE). Gelten soll das Ganze f\u00fcr jedes neu zuzulassende Fahrzeug &#8211; ob Bus, LKW oder PKW. Dadurch sollen falsche Grenzwerte besser verhindert werden. Neuwagenk\u00e4ufer k\u00f6nnen sich also auf gleich zwei \u00c4nderungen einstellen: Zum einen m\u00fcssen sie bereits seit September 2018 h\u00f6here Steuern zahlen &#8211; wegen der h\u00f6heren Messungen von CO2-Werten &#8211; und zum anderen der positive Fakt, dass die offiziellen Verbrauchswerte nun n\u00e4her an der Realit\u00e4t liegen. Autoh\u00e4user m\u00fcssen daher ab dem Inkrafttreten der Verordnung ebenso die neuen Werte in den Verkaufsr\u00e4umen angeben.<\/p>\n<p>F\u00f6rderungen und akustische Warnungen bei Elektroautos<\/p>\n<p>Elektroautos sind so leise, dass Fu\u00dfg\u00e4nger und Radfahrer oft Probleme haben, diese im Stra\u00dfenverkehr zu h\u00f6ren. Aus diesem Grund m\u00fcssen ab Juli 2019 reine Elektro- und Hybridelektrofahrzeuge eine Ausr\u00fcstung mit akustischem Fahrzeug-Warnsystem (Acoustic Vehicle Alerting System \u2013 AVAS) verpflichtend vorweisen k\u00f6nnen. Beim Vorw\u00e4rts- und R\u00fcckw\u00e4rtsfahren mit Geschwindigkeiten bis 20 km\/h stellt sich dann automatisch eine akustische Warnung ein. Bei einigen Herstellern wird dieses System auch VESS (Virtual Engine Sound System) genannt.<\/p>\n<p>Zus\u00e4tzlich werden Fahrzeuge mit Elektroantrieb bei der Pauschalbesteuerung f\u00fcr Privatfahrten nur noch mit 0,5 Prozent des Bruttolistenpreises angesetzt. Diese Senkung gilt ebenso f\u00fcr Fahrten zwischen Wohnung und Arbeitsplatz. Nach einem Beschluss des Finanzausschuss des Bundestags gilt diese \u00c4nderung f\u00fcr alle zwischen 1.1.2019 und 31.12.2022 zugelassenen Elektroautos. Plug-in Hybride werden von der ge\u00e4nderten Regelung insofern erfasst, wenn sie mindestens 40 Kilometer rein elektrisch fahren k\u00f6nnen und nicht mehr als 50 Gramm CO2 pro Kilometer aussto\u00dfen.<\/p>\n<p>Dieselfahrverbote in St\u00e4dten<\/p>\n<p>Bereits in diesem Jahr mussten Dieselfahrer zittern und bekamen bis heute keine konkrete Antwort auf ihre Frage: Wird es Fahrverbote in meiner Stadt geben? Viele Kommunen drohen schon lange trotz Protesten mit Fahrverboten &#8211; sei es in der kompletten Innenstadt oder \u201enur\u201c auf bestimmten Stra\u00dfenabschnitten.<\/p>\n<p>In 2019 drohen jetzt aber Fahrverbote in folgenden St\u00e4dten:<\/p>\n<p>\u2212 In Stuttgart schon ab 1. Januar 2019<br \/>\n\u2212 Frankfurt ab 1. Februar 2019<br \/>\n\u2212 K\u00f6ln und Bonn ab 1. April 2019<br \/>\n\u2212 Berlin ab Sommer 2019<br \/>\n\u2212 Darmstadt ab 1. Juni 2019<br \/>\n\u2212 Essen und Gelsenkirchen (inkl. Teil der Autobahn A40) ab 1. Juli 2019<br \/>\n\u2212 Mainz ab 1. September 2019 und<br \/>\n\u2212 in Hamburg gibt es Fahrverbote bereits seit Mai 2018<\/p>\n<p>Grund f\u00fcr die Fahrverbote sind \u00dcberschreitungen von Stickstoffdioxid-Grenzwerten in deutschen St\u00e4dten und die darauf basierenden Klagen der Deutschen Umwelthilfe (DUH). Dabei fu\u00dfen diese Klagen auf sehr fraglichen Annahmen. Neben den fragw\u00fcrdig festgelegten Grenzwerten, die unbedingt durchgesetzt werden soll, gibt es auch gro\u00dfe Zweifel an der korrekten Aufstellung der Messstationen in den St\u00e4dten, die oft viel zu dicht an der Stra\u00dfe aufgestellt werden und h\u00e4ufig irrelevante Daten liefern. Der Automobilclub Mobil in Deutschland e.V. fordert daher eine wissenschaftlich fundierte Neuberechnung der Grenzwerte und die Verhinderung von Fahrverboten in Deutschland und hat k\u00fcrzlich eine eigene Petition zu diesem Thema gestartet: openpetition.de\/!keinfahrverbot.<\/p>\n<p>Fazit<\/p>\n<p>Autofahrer d\u00fcrfen sich im neuen Jahr \u00fcber einige sinnvolle Neuerungen freuen wie der Online-Zulassung von Neuwagen oder dem Schutz vor Falschbetankung. Allerdings wiegen die drohenden Fahrverbote in den deutschen Gro\u00dfst\u00e4dten deutlich schwerer als die positiven Neuerungen 2019. Die Verunsicherung der Autofahrer war noch nie so gro\u00df wie heute. Eine Welle der Enteignung liegt in der Luft und wir k\u00f6nnen nur hoffen, dass die Politik sich schnellstm\u00f6glich einen Ausweg \u00fcberlegt und die ewige Diskussion um Fahrverbote, die im \u00dcbrigen nur in Deutschland so streng gef\u00fchrt wird, endlich zu beenden. F\u00fcr die Mobilit\u00e4t in diesem Land.<\/p>\n","protected":false},"excerpt":{"rendered":"<p>Neues Jahr, neue Regeln. Auch im kommenden Jahr haben Autofahrer wieder einige \u00c4nderungen zu erwarten. Dabei gibt es zum Teil positive und sinnvolle Neuerungen, aber&#8230;<\/p>\n","protected":false},"author":2,"featured_media":12100,"comment_status":"open","ping_status":"open","sticky":false,"template":"","format":"standard","meta":{"_jetpack_newsletter_access":"","_jetpack_dont_email_post_to_subs":false,"_jetpack_newsletter_tier_id":0,"_jetpack_memberships_contains_paywalled_content":false,"_jetpack_feature_clip_id":0,"_jetpack_memberships_contains_paid_content":false,"footnotes":"","jetpack_post_was_ever_published":false},"categories":[1,32],"tags":[],"class_list":["post-12099","post","type-post","status-publish","format-standard","has-post-thumbnail","hentry","category-aktuell","category-infos"],"jetpack_sharing_enabled":true,"jetpack_featured_media_url":"https:\/\/www.vdsm.net\/wronline\/wp-content\/uploads\/2018\/12\/Neuerungen-Autofahrer-2019.jpg","_links":{"self":[{"href":"https:\/\/www.vdsm.net\/wronline\/wp-json\/wp\/v2\/posts\/12099","targetHints":{"allow":["GET"]}}],"collection":[{"href":"https:\/\/www.vdsm.net\/wronline\/wp-json\/wp\/v2\/posts"}],"about":[{"href":"https:\/\/www.vdsm.net\/wronline\/wp-json\/wp\/v2\/types\/post"}],"author":[{"embeddable":true,"href":"https:\/\/www.vdsm.net\/wronline\/wp-json\/wp\/v2\/users\/2"}],"replies":[{"embeddable":true,"href":"https:\/\/www.vdsm.net\/wronline\/wp-json\/wp\/v2\/comments?post=12099"}],"version-history":[{"count":1,"href":"https:\/\/www.vdsm.net\/wronline\/wp-json\/wp\/v2\/posts\/12099\/revisions"}],"predecessor-version":[{"id":12101,"href":"https:\/\/www.vdsm.net\/wronline\/wp-json\/wp\/v2\/posts\/12099\/revisions\/12101"}],"wp:featuredmedia":[{"embeddable":true,"href":"https:\/\/www.vdsm.net\/wronline\/wp-json\/wp\/v2\/media\/12100"}],"wp:attachment":[{"href":"https:\/\/www.vdsm.net\/wronline\/wp-json\/wp\/v2\/media?parent=12099"}],"wp:term":[{"taxonomy":"category","embeddable":true,"href":"https:\/\/www.vdsm.net\/wronline\/wp-json\/wp\/v2\/categories?post=12099"},{"taxonomy":"post_tag","embeddable":true,"href":"https:\/\/www.vdsm.net\/wronline\/wp-json\/wp\/v2\/tags?post=12099"}],"curies":[{"name":"wp","href":"https:\/\/api.w.org\/{rel}","templated":true}]}}