{"id":11920,"date":"2018-12-10T11:16:17","date_gmt":"2018-12-10T10:16:17","guid":{"rendered":"https:\/\/www.vdsm.net\/wronline\/?p=11920"},"modified":"2018-12-10T11:16:17","modified_gmt":"2018-12-10T10:16:17","slug":"siegen-erhaelt-weitere-foerdermittel-fuer-elektromobilitaet","status":"publish","type":"post","link":"https:\/\/www.vdsm.net\/wronline\/siegen-erhaelt-weitere-foerdermittel-fuer-elektromobilitaet\/","title":{"rendered":"Siegen erh\u00e4lt weitere F\u00f6rdermittel f\u00fcr Elektromobilit\u00e4t"},"content":{"rendered":"<p>Die Stadt Siegen erh\u00e4lt vom Bund f\u00fcr kommunale Elektromobilit\u00e4tsprojekte 203.122 Euro F\u00f6rdermittel. Konkreter Rahmen ist das F\u00f6rderprogramm &#8222;Saubere Luft&#8220; des Bundesministeriums f\u00fcr Verkehr und digitale Infrastruktur, das im Zuge des kommunalen Dieselgipfels 2018 seitens der Bundesregierung verabschiedet wurde.<\/p>\n<div>\n<p>Damit sollen die Kommunen gef\u00f6rdert werden, die erh\u00f6hten verkehrlichen Schadstoffemissionen ausgesetzt sind und bei anstehenden Neuanschaffungen auf emissionsarme\u00a0<acronym title=\"Elektro\">E<\/acronym>-Fahrzeuge setzen wollen. Ziel ist, die wegweisende Technologie auf kommunaler Ebene insgesamt nach vorne zu bringen und den \u00f6ffentlichen Fuhrpark sowie die Ladeinfrastruktur auszubauen.<\/p>\n<p>Siegen plant mit dem Aktionsplan Elektromobilit\u00e4t den verst\u00e4rkten Einsatz und die Erprobung von batterieelektrischen Fahrzeugen und wasserstoffbasierten Brennstoffzellenfahrzeugen. Insgesamt wurden am 22. November in Berlin F\u00f6rderbescheide \u00fcber eine Summe von mehr als 50 Millionen Euro \u00fcbergeben; damit sollen die Kommunen in der Summe 2.000\u00a0<acronym title=\"Elektro\">E<\/acronym>-Fahrzeuge anschaffen und \u00fcber 1100 Ladem\u00f6glichkeiten errichten.<\/p>\n<p>F\u00fcr Siegen nahm B\u00fcrgermeister Steffen Mues den F\u00f6rderbescheid aus der Hand von Bundesverkehrsminister Andreas Scheurer entgegen.<\/p>\n<p>Konkret wird die Stadt Siegen die F\u00f6rdermittel f\u00fcr die Anschaffung von 12\u00a0<acronym title=\"Elektro\">E<\/acronym>-Dienstfahrzeugen und entsprechender Ladeinfrastruktur &#8211; einsetzen. Geplant ist in diesem Zusammenhang der Aufbau von so genannten &#8222;Mobilit\u00e4tsstationen&#8220; an den drei Rath\u00e4usern (Siegen, Weidenau, Geisweid) sowie den Verwaltungsstandorten in der Fludersbach (Stadtreinigung\/Gr\u00fcnfl\u00e4chen) und Siegerlandhalle.<\/p>\n<p>B\u00fcrgermeister Steffen Mues:\u00a0&#8222;Wir haben uns in Sachen Elektromobilit\u00e4t schon vor l\u00e4ngerer Zeit auf den Weg gemacht, weil wir das enorme Potenzial und die Attraktivit\u00e4t der darauf basierenden Mobilit\u00e4tsangebote f\u00fcr eine Universit\u00e4tsstadt und den Wirtschaftsstandort Siegen sehen.&#8220;\u00a0Als konkretes Beispiel nannte Mues die aktuelle Bauma\u00dfnahme am Rathaus Geisweid Hier sollen auf dem Mitarbeiterparkplatz sechs Ladepl\u00e4tze entstehen: vier f\u00fcr die E-Fahrzeuge der Besch\u00e4ftigten und zwei, die Besuchern \u00f6ffentlich zur Verf\u00fcgung stehen werden.<\/p>\n<\/div>\n","protected":false},"excerpt":{"rendered":"<p>Die Stadt Siegen erh\u00e4lt vom Bund f\u00fcr kommunale Elektromobilit\u00e4tsprojekte 203.122 Euro F\u00f6rdermittel. Konkreter Rahmen ist das F\u00f6rderprogramm &#8222;Saubere Luft&#8220; des Bundesministeriums f\u00fcr Verkehr und digitale&#8230;<\/p>\n","protected":false},"author":2,"featured_media":11921,"comment_status":"open","ping_status":"open","sticky":false,"template":"","format":"standard","meta":{"_jetpack_memberships_contains_paid_content":false,"footnotes":""},"categories":[32,30],"tags":[],"class_list":["post-11920","post","type-post","status-publish","format-standard","has-post-thumbnail","hentry","category-infos","category-vermischtes"],"jetpack_featured_media_url":"https:\/\/www.vdsm.net\/wronline\/wp-content\/uploads\/2018\/12\/MuesScheurer_gross.jpg","jetpack_sharing_enabled":true,"_links":{"self":[{"href":"https:\/\/www.vdsm.net\/wronline\/wp-json\/wp\/v2\/posts\/11920","targetHints":{"allow":["GET"]}}],"collection":[{"href":"https:\/\/www.vdsm.net\/wronline\/wp-json\/wp\/v2\/posts"}],"about":[{"href":"https:\/\/www.vdsm.net\/wronline\/wp-json\/wp\/v2\/types\/post"}],"author":[{"embeddable":true,"href":"https:\/\/www.vdsm.net\/wronline\/wp-json\/wp\/v2\/users\/2"}],"replies":[{"embeddable":true,"href":"https:\/\/www.vdsm.net\/wronline\/wp-json\/wp\/v2\/comments?post=11920"}],"version-history":[{"count":2,"href":"https:\/\/www.vdsm.net\/wronline\/wp-json\/wp\/v2\/posts\/11920\/revisions"}],"predecessor-version":[{"id":11923,"href":"https:\/\/www.vdsm.net\/wronline\/wp-json\/wp\/v2\/posts\/11920\/revisions\/11923"}],"wp:featuredmedia":[{"embeddable":true,"href":"https:\/\/www.vdsm.net\/wronline\/wp-json\/wp\/v2\/media\/11921"}],"wp:attachment":[{"href":"https:\/\/www.vdsm.net\/wronline\/wp-json\/wp\/v2\/media?parent=11920"}],"wp:term":[{"taxonomy":"category","embeddable":true,"href":"https:\/\/www.vdsm.net\/wronline\/wp-json\/wp\/v2\/categories?post=11920"},{"taxonomy":"post_tag","embeddable":true,"href":"https:\/\/www.vdsm.net\/wronline\/wp-json\/wp\/v2\/tags?post=11920"}],"curies":[{"name":"wp","href":"https:\/\/api.w.org\/{rel}","templated":true}]}}