{"id":11883,"date":"2018-12-06T15:17:48","date_gmt":"2018-12-06T14:17:48","guid":{"rendered":"https:\/\/www.vdsm.net\/wronline\/?p=11883"},"modified":"2018-12-06T22:46:00","modified_gmt":"2018-12-06T21:46:00","slug":"bundesbeste-ihk-azubis-in-berlin-geehrt","status":"publish","type":"post","link":"https:\/\/www.vdsm.net\/wronline\/bundesbeste-ihk-azubis-in-berlin-geehrt\/","title":{"rendered":"Bundesbeste IHK-Azubis in Berlin geehrt"},"content":{"rendered":"<p>Zum 13. Mal fand in Berlin die j\u00e4hrliche Ehrung der bundesbesten IHK-Azubis statt. Bundespr\u00e4sident Frank-Walter Steinmeier und Eric Schweitzer, Pr\u00e4sident des Deutschen Industrie- und Handelskammertages (DIHK), gratulierten den Pr\u00fcfungsteilnehmern, zu denen mit Anna Muczinski auch eine Siegenerin geh\u00f6rte. Sie hat bei der Volksbank in S\u00fcdwestfalen eG ihre Ausbildung zur Bankkauffrau mit sehr gutem Erfolg abgeschlossen. Schweitzer w\u00fcrdigte die Nachwuchskr\u00e4fte in seiner Er\u00f6ffnungsrede: \u201eSie sind die bundesweit besten Azubis in Ihrem Ausbildungsberuf \u2013 und das bei mehr als 300.000 Pr\u00fcfungsteilnehmern. Auf diese herausragende Leistung d\u00fcrfen Sie stolz sein. Nutzen Sie den R\u00fcckenwind dieser Ehrung f\u00fcr Ihren weiteren Lebensweg.\u201c<\/p>\n<p>Der DIHK-Pr\u00e4sident dankte dem Bundespr\u00e4sidenten und seiner Ehefrau Elke B\u00fcdenbender f\u00fcr deren gro\u00dfes Engagement rund um die berufliche Bildung, insbesondere w\u00e4hrend der \u201eWoche der beruflichen Bildung\u201c im April dieses Jahres. \u201eSie haben sich w\u00e4hrend Ihrer Tour durchs Land von der Leistungsf\u00e4higkeit und Qualit\u00e4t der beruflichen Bildung \u00fcberzeugt. Zugleich haben Sie die \u00d6ffentlichkeit auf die enorme Bedeutung der betrieblichen Aus- und Weiterbildung f\u00fcr unsere Gesellschaft und die Fachkr\u00e4ftesicherung aufmerksam gemacht.\u201c Steinmeier lobte: \u201eSie haben etwas Einzigartiges erreicht. Die Wirtschaft in Deutschland lebt von solchen Leistungen. Sie lebt von gut ausgebildeten Fachkr\u00e4ften, von ihrer Qualifikation, ihrer Motivation und ihrem Erfolg. Und es sind nicht zuletzt diese Erfolge, die zum au\u00dfergew\u00f6hnlich guten Ruf der beruflichen Bildung in Deutschland beitragen.\u201c<\/p>\n<p>Insgesamt gibt es in diesem Jahr 213 Bundesbeste in 205 Ausbildungsberufen. Denn sechs Mal erreichten zwei Beste im selben Ausbildungsberuf die exakt identische Punktzahl in ihren Pr\u00fcfungsergebnissen. In einem Beruf gab es sogar drei Beste. Und dreimal wurde die h\u00f6chstm\u00f6gliche Punktzahl 100 erreicht. Das Bundesland mit den meisten Besten (60) ist Nordrhein-Westfalen. Es folgen Bayern mit 43 und Baden-W\u00fcrttemberg mit 24 Besten.<\/p>\n<p>Wie in den vergangenen Jahren nahmen rund 1.000 G\u00e4ste an der Preisverleihung teil \u2013 neben den Eltern der Besten auch Vertreter der Ausbildungsbetriebe, Berufsschullehrer, Bundestagsabgeordnete sowie Pr\u00e4sidenten und Hauptgesch\u00e4ftsf\u00fchrer der Industrie- und Handelskammern. Entertainerin Barbara Sch\u00f6neberger f\u00fchrte durch die Veranstaltung.<\/p>\n","protected":false},"excerpt":{"rendered":"<p>Zum 13. Mal fand in Berlin die j\u00e4hrliche Ehrung der bundesbesten IHK-Azubis statt. Bundespr\u00e4sident Frank-Walter Steinmeier und Eric Schweitzer, Pr\u00e4sident des Deutschen Industrie- und Handelskammertages&#8230;<\/p>\n","protected":false},"author":6,"featured_media":11886,"comment_status":"open","ping_status":"open","sticky":false,"template":"","format":"standard","meta":{"_jetpack_newsletter_access":"","_jetpack_dont_email_post_to_subs":false,"_jetpack_newsletter_tier_id":0,"_jetpack_memberships_contains_paywalled_content":false,"_jetpack_feature_clip_id":0,"_jetpack_memberships_contains_paid_content":false,"footnotes":"","jetpack_post_was_ever_published":false},"categories":[1,11],"tags":[],"class_list":["post-11883","post","type-post","status-publish","format-standard","has-post-thumbnail","hentry","category-aktuell","category-regionale-wirtschaft"],"jetpack_sharing_enabled":true,"jetpack_featured_media_url":"https:\/\/www.vdsm.net\/wronline\/wp-content\/uploads\/2018\/12\/108-18-Bundesbeste_WEB.jpg","_links":{"self":[{"href":"https:\/\/www.vdsm.net\/wronline\/wp-json\/wp\/v2\/posts\/11883","targetHints":{"allow":["GET"]}}],"collection":[{"href":"https:\/\/www.vdsm.net\/wronline\/wp-json\/wp\/v2\/posts"}],"about":[{"href":"https:\/\/www.vdsm.net\/wronline\/wp-json\/wp\/v2\/types\/post"}],"author":[{"embeddable":true,"href":"https:\/\/www.vdsm.net\/wronline\/wp-json\/wp\/v2\/users\/6"}],"replies":[{"embeddable":true,"href":"https:\/\/www.vdsm.net\/wronline\/wp-json\/wp\/v2\/comments?post=11883"}],"version-history":[{"count":5,"href":"https:\/\/www.vdsm.net\/wronline\/wp-json\/wp\/v2\/posts\/11883\/revisions"}],"predecessor-version":[{"id":11894,"href":"https:\/\/www.vdsm.net\/wronline\/wp-json\/wp\/v2\/posts\/11883\/revisions\/11894"}],"wp:featuredmedia":[{"embeddable":true,"href":"https:\/\/www.vdsm.net\/wronline\/wp-json\/wp\/v2\/media\/11886"}],"wp:attachment":[{"href":"https:\/\/www.vdsm.net\/wronline\/wp-json\/wp\/v2\/media?parent=11883"}],"wp:term":[{"taxonomy":"category","embeddable":true,"href":"https:\/\/www.vdsm.net\/wronline\/wp-json\/wp\/v2\/categories?post=11883"},{"taxonomy":"post_tag","embeddable":true,"href":"https:\/\/www.vdsm.net\/wronline\/wp-json\/wp\/v2\/tags?post=11883"}],"curies":[{"name":"wp","href":"https:\/\/api.w.org\/{rel}","templated":true}]}}