{"id":11816,"date":"2018-12-04T08:13:51","date_gmt":"2018-12-04T07:13:51","guid":{"rendered":"https:\/\/www.vdsm.net\/wronline\/?p=11816"},"modified":"2018-12-03T14:53:57","modified_gmt":"2018-12-03T13:53:57","slug":"21-suedwestfalen-lkw-rollt-auf-europas-strassen","status":"publish","type":"post","link":"https:\/\/www.vdsm.net\/wronline\/21-suedwestfalen-lkw-rollt-auf-europas-strassen\/","title":{"rendered":"21. S\u00fcdwestfalen-Lkw rollt auf Europas Stra\u00dfen"},"content":{"rendered":"<p>Kaum ist der 20. S\u00fcdwestfalen-Lkw unterwegs, rollt auch schon der n\u00e4chste PS-starke Botschafter auf Europas Stra\u00dfen und l\u00e4dt gro\u00dffl\u00e4chig und bildstark dazu ein, die &#8222;Stadt des Lichts&#8220; in der \u201est\u00e4rksten Industrieregion NRWs&#8220; zu entdecken. F\u00fcr die Gestaltung und Umsetzung haben sich die Spedition SKD Express Logistik GmbH &amp; Co. KG, die Stadt L\u00fcdenscheid, der M\u00e4rkische Kreis und die S\u00fcdwestfalen Agentur zusammengetan.<\/p>\n<p>&#8222;Bitte folgen! Wir fahren f\u00fcr die st\u00e4rkste Industrieregion NRWs&#8220;, steht in Gro\u00dfbuchstaben auf dem Heck. Auf den L\u00e4ngsseiten des knapp 14 Meter langen Aufliegers beschreiben die Attribute &#8222;Technikbegeistert&#8220;, &#8222;Traditionsbewusst&#8220;, &#8222;Anziehend&#8220; und &#8222;Naturverbunden&#8220; die Stadt L\u00fcdenscheid. &#8222;In Zeiten des demographischen Wandels und des Fachkr\u00e4ftemangels ist es auch f\u00fcr uns als Arbeitgeber wichtig, auf die M\u00f6glichkeiten in S\u00fcdwestfalen aufmerksam zu machen. Und daf\u00fcr Lkw zu nutzen, ist wirklich eine originelle Idee&#8220;, fassen Hasan und H\u00fcseyin Tasy\u00fcrek, die Gesch\u00e4ftsf\u00fchrer von SKD Express Logistik GmbH &amp; Co. KG, die Beweggr\u00fcnde zusammen, sich an der erfolgreichen Lkw-Aktion zu beteiligen. &#8222;Wir sind in S\u00fcdwestfalen zu Hause, deswegen war es uns ein gro\u00dfes Anliegen unsere Region durch dieses Projekt zu unterst\u00fctzen.&#8220;<\/p>\n<p>B\u00fcrgermeister Dieter Dzewas freut sich, dass nun auch L\u00fcdenscheid dabei ist: &#8222;Die Lkw sind echte Hingucker! Was wir mit den Motiven auf dem Lkw verdeutlichen m\u00f6chten: Wir sind eine starke Wirtschaftsregion im Gr\u00fcnen. Zwar steht man auf den Autobahnen derzeit sehr oft im Stau bei den vielen Baustellen. Aber wenn man schon in den Stau ger\u00e4t, dann freut man sich umso mehr, etwas Sch\u00f6nes aus unserer Heimat zu sehen.&#8220; Inzwischen rollen S\u00fcdwestfalen-Lkw von 15 verschiedenen Standorten aus durch ganz Europa und weisen auf ebenso charmante wie unmissverst\u00e4ndliche Weise auf die Vorz\u00fcge der Region hin. Frank Adler, S\u00fcdwestfalen-Beauftragter des M\u00e4rkischen Kreises, unterstreicht: &#8222;Mit dieser Kampagne unterstreichen wir einmal mehr den starken Zusammenhalt in der Region und das gemeinsame Ziel, S\u00fcdwestfalen als starken Wirtschafts- und Lebensraum zu pr\u00e4sentieren.&#8220;<\/p>\n<p>Hubertus Winterberg, Gesch\u00e4ftsf\u00fchrer der S\u00fcdwestfalen Agentur, freut sich \u00fcber den anhaltenden Erfolg der Aktion: &#8222;Gemeinsam steigern wir so den Bekanntheitsgrad der Region und zeigen, dass es sich lohnt, Su\u0308dwestfalen na\u0308her kennenzulernen.&#8220;<\/p>\n<p>Speditionen und Kommunen, die sich ebenfalls fu\u0308r einen Lkw mit individuellen Motiven interessieren, ko\u0308nnen sich jederzeit bei der Su\u0308dwestfalen Agentur GmbH melden. Sie hat sich das Lkw-Projekt im Rahmen des Regionalmarketings ausgedacht.<\/p>\n","protected":false},"excerpt":{"rendered":"<p>Kaum ist der 20. S\u00fcdwestfalen-Lkw unterwegs, rollt auch schon der n\u00e4chste PS-starke Botschafter auf Europas Stra\u00dfen und l\u00e4dt gro\u00dffl\u00e4chig und bildstark dazu ein, die &#8222;Stadt&#8230;<\/p>\n","protected":false},"author":2,"featured_media":11817,"comment_status":"open","ping_status":"open","sticky":false,"template":"","format":"standard","meta":{"_jetpack_newsletter_access":"","_jetpack_dont_email_post_to_subs":false,"_jetpack_newsletter_tier_id":0,"_jetpack_memberships_contains_paywalled_content":false,"_jetpack_feature_clip_id":0,"_jetpack_memberships_contains_paid_content":false,"footnotes":"","jetpack_post_was_ever_published":false},"categories":[32,30,11],"tags":[],"class_list":["post-11816","post","type-post","status-publish","format-standard","has-post-thumbnail","hentry","category-infos","category-vermischtes","category-regionale-wirtschaft"],"jetpack_sharing_enabled":true,"jetpack_featured_media_url":"https:\/\/www.vdsm.net\/wronline\/wp-content\/uploads\/2018\/12\/PM-LKW_L\u00fcdenscheid.jpg","_links":{"self":[{"href":"https:\/\/www.vdsm.net\/wronline\/wp-json\/wp\/v2\/posts\/11816","targetHints":{"allow":["GET"]}}],"collection":[{"href":"https:\/\/www.vdsm.net\/wronline\/wp-json\/wp\/v2\/posts"}],"about":[{"href":"https:\/\/www.vdsm.net\/wronline\/wp-json\/wp\/v2\/types\/post"}],"author":[{"embeddable":true,"href":"https:\/\/www.vdsm.net\/wronline\/wp-json\/wp\/v2\/users\/2"}],"replies":[{"embeddable":true,"href":"https:\/\/www.vdsm.net\/wronline\/wp-json\/wp\/v2\/comments?post=11816"}],"version-history":[{"count":2,"href":"https:\/\/www.vdsm.net\/wronline\/wp-json\/wp\/v2\/posts\/11816\/revisions"}],"predecessor-version":[{"id":11819,"href":"https:\/\/www.vdsm.net\/wronline\/wp-json\/wp\/v2\/posts\/11816\/revisions\/11819"}],"wp:featuredmedia":[{"embeddable":true,"href":"https:\/\/www.vdsm.net\/wronline\/wp-json\/wp\/v2\/media\/11817"}],"wp:attachment":[{"href":"https:\/\/www.vdsm.net\/wronline\/wp-json\/wp\/v2\/media?parent=11816"}],"wp:term":[{"taxonomy":"category","embeddable":true,"href":"https:\/\/www.vdsm.net\/wronline\/wp-json\/wp\/v2\/categories?post=11816"},{"taxonomy":"post_tag","embeddable":true,"href":"https:\/\/www.vdsm.net\/wronline\/wp-json\/wp\/v2\/tags?post=11816"}],"curies":[{"name":"wp","href":"https:\/\/api.w.org\/{rel}","templated":true}]}}