{"id":11799,"date":"2018-12-03T11:36:02","date_gmt":"2018-12-03T10:36:02","guid":{"rendered":"https:\/\/www.vdsm.net\/wronline\/?p=11799"},"modified":"2018-12-03T11:37:33","modified_gmt":"2018-12-03T10:37:33","slug":"industriemuedigkeit-vorbeugen","status":"publish","type":"post","link":"https:\/\/www.vdsm.net\/wronline\/industriemuedigkeit-vorbeugen\/","title":{"rendered":"Industriem\u00fcdigkeit vorbeugen"},"content":{"rendered":"<p>Mehr Wertsch\u00e4tzung f\u00fcr Wertsch\u00f6pfung fordert\u00a0Karl-Josef Laumann, Minister f\u00fcr Arbeit, Gesundheit und Soziales des Landes Nordrhein-Westfalen, in seinem Beitrag f\u00fcr den <a href=\"https:\/\/www.wirtschaftsblog.nrw\/\" target=\"_blank\" rel=\"noopener\">NRW-Wirtschaftsblog &#8222;Klartext im Westen&#8220;<\/a>:<\/p>\n<p>Wenn ich die Zeitung aufschlage, gewinne ich mehr und mehr den Eindruck, dass in Deutschland ein neuer Trend um sich greift. Ich w\u00fcrde ihn \u201eIndustriem\u00fcdigkeit\u201c nennen. Die Ansiedlung moderner Fabriken, gro\u00dfe Infrastrukturprojekte sowie g\u00fcnstige und versorgungssichere Energie sto\u00dfen in der \u00f6ffentlichen Diskussion zun\u00e4chst auf generelle Skepsis \u2013 \u00f6rtlich sogar auf erheblichen Widerstand. Stattdessen begeistern sich die Menschen f\u00fcr gr\u00fcne Energien und breite Fahrradstra\u00dfen in den Innenst\u00e4dten, smarte Start-Ups und kleine Manufakturen. Das sind popul\u00e4re, mehrheitsf\u00e4hige Themen.<span id=\"more-946\"><\/span><\/p>\n<p>Um nicht missverstanden zu werden: Auch ich denke, dass das wichtige Themen sind. Und ich kann nachvollziehen, dass sich Menschen f\u00fcr neue Formen des Wirtschaftens interessieren. Allzu oft wird dabei aber vergessen, wer seit dem Wirtschaftswunder unseren Wohlstand schafft: Das ist vor allem die Industrie. Das gilt f\u00fcr Nordrhein-Westfalen mehr als f\u00fcr jedes andere Bundesland. So ist die Bruttowertsch\u00f6pfung im verarbeitenden Gewerbe mit 83.215 Euro in NRW immer noch deutlich gr\u00f6\u00dfer als beispielsweise im Dienstleistungssektor (62.048 Euro).<\/p>\n<p>Durch die Finanzkrise sind wir auch deshalb so gut gekommen, weil wir nach wie vor eine breite industrielle Basis haben. Weil wir in Deutschland nicht dem Trend gefolgt sind, unsere Banken zu entfesseln und den Finanzsektor zum Treiber der wirtschaftlichen Entwicklung zu machen. Ich hatte bislang immer den Eindruck, dass wir aus diesem Fehler, der Anfang des Jahrtausends gemacht wurde, gelernt haben.<\/p>\n<p>Umso mehr wundere ich mich dann, wenn ich h\u00f6re, dass wir wieder einmal unsere Wirtschaft umbauen sollen. Dass wir jegliche Start-Ups \u2013 selbst wenn ihre Gesch\u00e4ftsidee noch so abwegig ist \u2013 f\u00f6rdern m\u00fcssen, um irgendwann ein \u201edeutsches Google\u201c zu haben. Dass wir nur so unseren Wohlstand bewahren k\u00f6nnen.<\/p>\n<p>Ich denke dann an das, was im Taxigewerbe versucht wurde: Billiger zu sein und so die traditionellen Wettbewerber zu verdr\u00e4ngen \u2013 auf Kosten der Fahrer, der Solidargemeinschaft und der Versorgungssicherheit. Innovativ sein, indem man \u00fcber Jahrzehnte hart erk\u00e4mpfte Arbeitnehmerrechte schleift. Die Reihe schlechter Vorbilder l\u00e4sst sich noch weiter erg\u00e4nzen: Man denke zum Beispiel an die Arbeitsbedingungen in einigen Unternehmen der Luftfahrt- und der Pflegebranche oder an diverse Lieferdienste und Logistiker.<\/p>\n<p>Aus Sicht der Verbraucher sind g\u00fcnstige Preise f\u00fcr Produkte und Dienstleistungen nat\u00fcrlich erstmal toll \u2013 vor allem, wenn sie \u201emodern\u201c per App geordert werden k\u00f6nnen. Aus Sicht der Arbeitnehmer sind sie oftmals eine Katastrophe, da an ihnen gespart wird. Geiz ist eben nicht geil.<\/p>\n<p>Ich bin daher zumeist skeptisch, wenn ich allzu rosige Zukunftsprognosen lese, die auf neuen merkw\u00fcrdig-innovativ anmutenden Branchen, Produkten und Wertsch\u00f6pfungsketten basieren. Ich pl\u00e4diere stattdessen daf\u00fcr, auf dem aufzubauen, was wir in Nordrhein-Westfalen haben \u2013 und unsere St\u00e4rken weiterzuentwickeln.<\/p>\n<p>Wir haben eine starke industrielle Basis. Unsere Unternehmen produzieren seit Jahrzehnten innovative, weltmarktf\u00e4hige Produkte. Wir haben eine gut ausgebildete, selbstbewusste Arbeitnehmerschaft, die auf ihre Rechte pochen und diese auch durchsetzen kann. Deshalb entwickeln Unternehmer hierzulande die Betriebe gemeinsam mit den Belegschaften weiter. Das ist in meinen Augen ein ganz wichtiger Faktor f\u00fcr Innovation. Und wir haben eine gute ausgebaute Infrastruktur und eine gut ausgebildete, effektive Verwaltung, um die uns die Welt beneidet.<\/p>\n<p>Als Landesregierung m\u00fcssen wir nun die Unternehmen dabei unterst\u00fctzen, die Chancen der Digitalisierung zu nutzen. Das gilt f\u00fcr den internationalen Dax-Konzern, genauso wie f\u00fcr den gestandenen Mittelst\u00e4ndler und den lokal verwurzelten Handwerksbetrieb. Ich sehe unsere Unternehmen hier bereits auf einem guten Weg.<\/p>\n<p>Ich will aber auch die Mitbestimmung fit machen f\u00fcr das digitale 21. Jahrhundert. Denn nicht nur die Betriebe, sondern auch die Belegschaften sollen vom technischen Fortschritt profitieren. Das gilt ganz besonders f\u00fcr Start-ups und Tech-Unternehmen. Wir wollen keine Digitalisierung auf Kosten der Arbeitnehmerrechte.<\/p>\n<p>Eine verantwortungsvolle Politik muss Rahmenbedingungen schaffen, um den industriellen Kern unserer Wirtschaft zu bewahren. Nicht durch Abschottung, sondern indem wir gute Gesetze machen, die den Unternehmen helfen, wettbewerbsf\u00e4hig und innovativ zu bleiben sowie nachhaltiger zu werden. Denn der Faktor Nachhaltigkeit geh\u00f6rt nat\u00fcrlich auch zu einem modernen Industriestandort. Eine Schwerindustrie, die Emissionen wie in den 60er Jahren in die Luft bl\u00e4st, w\u00e4re heute nicht mehr tragbar. Sie w\u00fcrde am Ende unsere Lebensgrundlagen zerst\u00f6ren.<\/p>\n<p>Wir d\u00fcrfen aber auch nicht durch eine einseitig industriefeindliche Haltung das Fundament unseres Wohlstands gef\u00e4hrden. Dem Trend der Industriem\u00fcdigkeit m\u00fcssen wir uns gemeinsam entgegenstellen. Als Arbeitgeber, Arbeitnehmer und nat\u00fcrlich auch vonseiten der Politik. Es gilt daf\u00fcr zu werben, was uns stark macht und uns durch so viele Krisen gef\u00fchrt hat: Und das ist unsere Industrie.<\/p>\n","protected":false},"excerpt":{"rendered":"<p>Mehr Wertsch\u00e4tzung f\u00fcr Wertsch\u00f6pfung fordert\u00a0Karl-Josef Laumann, Minister f\u00fcr Arbeit, Gesundheit und Soziales des Landes Nordrhein-Westfalen, in seinem Beitrag f\u00fcr den NRW-Wirtschaftsblog &#8222;Klartext im Westen&#8220;: Wenn&#8230;<\/p>\n","protected":false},"author":2,"featured_media":11800,"comment_status":"open","ping_status":"open","sticky":false,"template":"","format":"standard","meta":{"_jetpack_newsletter_access":"","_jetpack_dont_email_post_to_subs":false,"_jetpack_newsletter_tier_id":0,"_jetpack_memberships_contains_paywalled_content":false,"_jetpack_feature_clip_id":0,"_jetpack_memberships_contains_paid_content":false,"footnotes":"","jetpack_post_was_ever_published":false},"categories":[11],"tags":[],"class_list":["post-11799","post","type-post","status-publish","format-standard","has-post-thumbnail","hentry","category-regionale-wirtschaft"],"jetpack_sharing_enabled":true,"jetpack_featured_media_url":"https:\/\/www.vdsm.net\/wronline\/wp-content\/uploads\/2018\/12\/Laumann-Karl-Josef-676x451.jpg","_links":{"self":[{"href":"https:\/\/www.vdsm.net\/wronline\/wp-json\/wp\/v2\/posts\/11799","targetHints":{"allow":["GET"]}}],"collection":[{"href":"https:\/\/www.vdsm.net\/wronline\/wp-json\/wp\/v2\/posts"}],"about":[{"href":"https:\/\/www.vdsm.net\/wronline\/wp-json\/wp\/v2\/types\/post"}],"author":[{"embeddable":true,"href":"https:\/\/www.vdsm.net\/wronline\/wp-json\/wp\/v2\/users\/2"}],"replies":[{"embeddable":true,"href":"https:\/\/www.vdsm.net\/wronline\/wp-json\/wp\/v2\/comments?post=11799"}],"version-history":[{"count":2,"href":"https:\/\/www.vdsm.net\/wronline\/wp-json\/wp\/v2\/posts\/11799\/revisions"}],"predecessor-version":[{"id":11802,"href":"https:\/\/www.vdsm.net\/wronline\/wp-json\/wp\/v2\/posts\/11799\/revisions\/11802"}],"wp:featuredmedia":[{"embeddable":true,"href":"https:\/\/www.vdsm.net\/wronline\/wp-json\/wp\/v2\/media\/11800"}],"wp:attachment":[{"href":"https:\/\/www.vdsm.net\/wronline\/wp-json\/wp\/v2\/media?parent=11799"}],"wp:term":[{"taxonomy":"category","embeddable":true,"href":"https:\/\/www.vdsm.net\/wronline\/wp-json\/wp\/v2\/categories?post=11799"},{"taxonomy":"post_tag","embeddable":true,"href":"https:\/\/www.vdsm.net\/wronline\/wp-json\/wp\/v2\/tags?post=11799"}],"curies":[{"name":"wp","href":"https:\/\/api.w.org\/{rel}","templated":true}]}}