{"id":11735,"date":"2018-11-27T08:17:10","date_gmt":"2018-11-27T07:17:10","guid":{"rendered":"https:\/\/www.vdsm.net\/wronline\/?p=11735"},"modified":"2018-11-27T08:17:10","modified_gmt":"2018-11-27T07:17:10","slug":"vernetzen-und-koepfe-oeffnen-fuer-neue-ideen","status":"publish","type":"post","link":"https:\/\/www.vdsm.net\/wronline\/vernetzen-und-koepfe-oeffnen-fuer-neue-ideen\/","title":{"rendered":"&#8222;Vernetzen und K\u00f6pfe \u00f6ffnen f\u00fcr neue Ideen&#8220;"},"content":{"rendered":"<p>Die Frage nach zukunftsf\u00e4higen Mobilit\u00e4tskonzepten treibt viele Akteure in S\u00fcdwestfalen um. Die gemeinsame Veranstaltung von S\u00fcdwestfalen Agentur und EnergieAgentur.NRW in Freudenberg nutzten deshalb viele Interessenten aus der gesamten Region, um sich \u00fcber Konzepte, Ans\u00e4tze und Vorgehen zu informieren und sich untereinander auszutauschen. &#8222;Mobilit\u00e4t h\u00f6rt ja nicht an der Ortsgrenze auf. Da ist es umso wichtiger, ein gemeinsames Verst\u00e4ndnis zu entwickeln und auch \u00fcber die Stadt- und Dorfgrenzen hinaus in sinnvollen Kooperationen zu denken&#8220;, sagt Sylvia P. Heinz, Projektmanagerin Mobilit\u00e4t der REGIONALE 2025 bei der S\u00fcdwestfalen Agentur GmbH.<strong>\u00a0<\/strong><\/p>\n<p>Sabine Schmidt stellte das Klimaschutzteilkonzept des Kreises Siegen-Wittgenstein vor, das nach diversen Workshops und einer B\u00fcrgerbefragung aufgestellt wurde und f\u00fcnf Handlungsfelder enth\u00e4lt, die der Kreis nun nach und nach systematisch angehen will. Zu den Empfehlungen geh\u00f6rt beispielsweise eine alltagstaugliche Radwegeinfrastruktur zu schaffen oder die Verkn\u00fcpfung unterschiedlicher Mobilit\u00e4tsangebote durch Mobilstationen.<\/p>\n<p>Das d\u00fcrfte aus der Sicht von Andreas Falkowski vom Zukunftsnetz Mobilit\u00e4t NRW, welches Kommunen ber\u00e4t, ein sinnvolles Vorgehen sein. &#8222;Etwa 50 Prozent der Fahrten mit dem Auto sind k\u00fcrzer als 5 Kilometer&#8220;, erkl\u00e4rte er. &#8222;Um diese Zahl zu reduzieren, m\u00fcssen aber auch Alternativen geboten werden.&#8220; Und die sind nach Ansicht von Falkowski und der anderen TeilnehmerInnen der Regionalveranstaltung eben multimodal, verteilen sich also auf verschiedene Verkehrssysteme.<\/p>\n<p>Der Kreis Soest arbeitet beispielweise an einem Elektromobilit\u00e4tskonzept. Bei der strukturierten Planung der Ladeinfrastruktur geht es unter anderem darum, passende Standorte f\u00fcr Ladepunkte zu finden und diese auch privaten Investoren zu kommunizieren, erl\u00e4uterte Frank Hockelmann. &#8222;Der Ladebedarf wird heute und auch in Zukunft im Wesentlichen durch private Ladeinfrastruktur und durch Laden beim Arbeitgeber gedeckt&#8220;, berichtete er \u00fcber den Zwischenstand des Projekts.<\/p>\n<p>In der Vertiefung der Themen in kleinen Runden diskutierten Mobilit\u00e4tsmanager mit Touristikern, Tiefbauer mit \u00d6PNV-Anbietern und Energieversorger mit Ehrenamtlichen. &#8222;Wir freuen uns, dass das Interesse an der Veranstaltung so gro\u00df war und dass der Wunsch nach weiteren Treffen aufgekommen ist. Bei solchen Veranstaltungen geht es auch ums Netzwerken und darum, die K\u00f6pfe f\u00fcr neue Ideen zu \u00f6ffnen und das Bewusstsein untereinander zu wecken, was sich gemeinsam schaffen l\u00e4sst&#8220;, res\u00fcmierten Sylvia Heinz und Julia Reifenrath von EnergieAgentur.NRW. &#8222;Das m\u00fcssen wir weiter vorantreiben, gerade auch im Hinblick auf die REGIONALE 2025.&#8220;<\/p>\n","protected":false},"excerpt":{"rendered":"<p>Die Frage nach zukunftsf\u00e4higen Mobilit\u00e4tskonzepten treibt viele Akteure in S\u00fcdwestfalen um. Die gemeinsame Veranstaltung von S\u00fcdwestfalen Agentur und EnergieAgentur.NRW in Freudenberg nutzten deshalb viele Interessenten&#8230;<\/p>\n","protected":false},"author":2,"featured_media":11736,"comment_status":"open","ping_status":"open","sticky":false,"template":"","format":"standard","meta":{"_jetpack_newsletter_access":"","_jetpack_dont_email_post_to_subs":false,"_jetpack_newsletter_tier_id":0,"_jetpack_memberships_contains_paywalled_content":false,"_jetpack_feature_clip_id":0,"_jetpack_memberships_contains_paid_content":false,"footnotes":"","jetpack_post_was_ever_published":false},"categories":[32,30],"tags":[],"class_list":["post-11735","post","type-post","status-publish","format-standard","has-post-thumbnail","hentry","category-infos","category-vermischtes"],"jetpack_sharing_enabled":true,"jetpack_featured_media_url":"https:\/\/www.vdsm.net\/wronline\/wp-content\/uploads\/2018\/11\/Bild_Freudenberg_Mobilitat_.jpg","_links":{"self":[{"href":"https:\/\/www.vdsm.net\/wronline\/wp-json\/wp\/v2\/posts\/11735","targetHints":{"allow":["GET"]}}],"collection":[{"href":"https:\/\/www.vdsm.net\/wronline\/wp-json\/wp\/v2\/posts"}],"about":[{"href":"https:\/\/www.vdsm.net\/wronline\/wp-json\/wp\/v2\/types\/post"}],"author":[{"embeddable":true,"href":"https:\/\/www.vdsm.net\/wronline\/wp-json\/wp\/v2\/users\/2"}],"replies":[{"embeddable":true,"href":"https:\/\/www.vdsm.net\/wronline\/wp-json\/wp\/v2\/comments?post=11735"}],"version-history":[{"count":1,"href":"https:\/\/www.vdsm.net\/wronline\/wp-json\/wp\/v2\/posts\/11735\/revisions"}],"predecessor-version":[{"id":11737,"href":"https:\/\/www.vdsm.net\/wronline\/wp-json\/wp\/v2\/posts\/11735\/revisions\/11737"}],"wp:featuredmedia":[{"embeddable":true,"href":"https:\/\/www.vdsm.net\/wronline\/wp-json\/wp\/v2\/media\/11736"}],"wp:attachment":[{"href":"https:\/\/www.vdsm.net\/wronline\/wp-json\/wp\/v2\/media?parent=11735"}],"wp:term":[{"taxonomy":"category","embeddable":true,"href":"https:\/\/www.vdsm.net\/wronline\/wp-json\/wp\/v2\/categories?post=11735"},{"taxonomy":"post_tag","embeddable":true,"href":"https:\/\/www.vdsm.net\/wronline\/wp-json\/wp\/v2\/tags?post=11735"}],"curies":[{"name":"wp","href":"https:\/\/api.w.org\/{rel}","templated":true}]}}