{"id":1166,"date":"2013-01-31T10:44:47","date_gmt":"2013-01-31T09:44:47","guid":{"rendered":"http:\/\/www.vdsm.net\/wronline\/?p=1166"},"modified":"2013-01-31T10:44:47","modified_gmt":"2013-01-31T09:44:47","slug":"winterwitterung-laesst-arbeitslosenzahl-steigen","status":"publish","type":"post","link":"https:\/\/www.vdsm.net\/wronline\/winterwitterung-laesst-arbeitslosenzahl-steigen\/","title":{"rendered":"Winterwitterung l\u00e4sst Arbeitslosenzahl steigen"},"content":{"rendered":"<p><a href=\"http:\/\/www.vdsm.net\/wronline\/wp-content\/uploads\/2011\/12\/AASiegen.jpg\"><img loading=\"lazy\" decoding=\"async\" class=\"alignleft size-full wp-image-104\" alt=\"Arbeitsagentur Siegen\" src=\"http:\/\/www.vdsm.net\/wronline\/wp-content\/uploads\/2011\/12\/AASiegen.jpg\" width=\"250\" height=\"188\" \/><\/a>\u201eDer Start in das Jahr beginnt leider typischerweise mit einem Anstieg der Arbeitslosigkeit. Teilweise bedeutet das Jahresende auch das Ende eines Arbeitsvertrages. Au\u00dferdem finden im Dezember viele Abschlusspr\u00fcfungen der zwei- und dreieinhalb-j\u00e4hrigen Berufsausbildungen statt. Ich bin optimistisch, dass die ausgebildeten Nachwuchskr\u00e4fte schnell wieder einen neuen Arbeitsplatz finden. Wir sp\u00fcren eine Zur\u00fcckhaltung der heimischen Betriebe bei den Stellenmeldungen, bedingt durch die konjunkturellen Unsicherheiten. Eine negative Trendwende ist allerdings nicht erkennbar, wenn man saisonale Entwicklungen ber\u00fccksichtigt. Durch die Winterwitterung kommt es zu Entlassungen in den Au\u00dfenberufen\u201c, so Dr. Bettina Wolf, Vorsitzende der Gesch\u00e4ftsf\u00fchrung der Agentur f\u00fcr Arbeit Siegen. Die Arbeitslosenquote steigt von 5,1 Prozent im Dezember 2012 auf 5,5 Prozent im Januar. Derzeit sind im Agenturbezirk Siegen noch 12.470 Menschen ohne Besch\u00e4ftigung, im Dezember waren es 11.549 (-921 Personen). Das bedeutet einen Zuwachs um 8 Prozent im Vormonatsvergleich. Im Dezember letzten Jahres waren 12.031 (-439 Personen) auf der Suche nach einem Arbeitsplatz. Im Vorjahresvergleich resultiert ein Anstieg der Zahl der Arbeitslosen von 3,6 Prozent (439 Personen).<\/p>\n<p>Seit Ende des letzten Jahres ist bei allen Personengruppen ist ein leichter Anstieg der Arbeitslosenzahl zu verzeichnen, mit Ausnahme der jungen Menschen zwischen 15 und 20 Jahren. Bei den Teenagern ist ein R\u00fcckgang um 3,6 Prozent (8 Personen) erkennbar. Betrachtet man die Gruppe der jungen Menschen zwischen 15 und 25 Jahren insgesamt, erh\u00f6ht sich die Zahl der arbeitslos Gemeldeten seit Dezember 2012 um 9,5 Prozent (129 Personen), verglichen mit Januar 2012 bedeutet dies eine Zunahme um 10,8 Prozent (144 Personen). Die Leiterin der Arbeitsagentur motiviert die regionalen Unternehmen: \u201eGeben Sie den meist gut ausgebildeten jungen Menschen auch in schwierigeren Zeiten eine Chance und gewinnen Sie engagierte Mitarbeiterinnen und Mitarbeiter f\u00fcr die Zukunft! Die demografische Entwicklung wird vor unserer Region keinen Halt machen\u201c.<\/p>\n<p>Im Vorjahresvergleich konnten mehr Menschen mit einer schweren Behinderung einen neuen Arbeitsplatz finden. 11 Menschen mit schwerer Behinderung haben eine neue Anstellung erhalten, das bedeutet einen R\u00fcckgang um 1,2 Prozent im Vergleich zum Januar 2012. Zudem konnten einige der Menschen, die zumeist bereits l\u00e4nger als 12 Monate einen Arbeitsplatz suchen,\u00a0 wieder eine Besch\u00e4ftigung aufnehmen. Im Vorjahresvergleich ergibt sich ein R\u00fcckgang der Arbeitslosenzahl um 0,7 Prozent (29 Personen).<\/p>\n<p>Im Kreis Siegen-Wittgenstein stieg die Arbeitslosenzahl im Jahresvergleich um 1,1 Prozent (91 Personen). Derzeit sind 8.665 Menschen ohne Besch\u00e4ftigung registriert, das bedeutet einen Anstieg um 7,2 Prozent (584 Personen) Menschen zum Vormonat. Die Arbeitslosenquote steigt von 5,4 Prozent im Dezember auf 5,8 Prozent in diesem Monat.\u00a0Im Kreis Olpe sind derzeit 3.805 Menschen arbeitslos. Mit einer Januar-Quote von 5 Prozent ergibt sich eine Zunahme um 0,4 Prozentpunkte. Im Vergleich zum Januar 2012 waren diesen Monat 10,1 Prozent (348 Personen) mehr Menschen arbeitslos gemeldet.<\/p>\n<p>Der Arbeitgeber-Service konnte seit Jahresbeginn 461 Stellen aufnehmen, welches einen R\u00fcckgang von 31,4 Prozent (211 Stellen) zum Vorjahr darstellt. Auch der Bestand an offenen Stellen ist im Vorjahresvergleich um 6 Prozent (108 Stellen) gesunken und liegt derzeit bei 1.685. Besonders das verarbeitende Gewerbe, der Handel und das Gesundheits- und Sozialwesen haben weiterhin einen gro\u00dfen Bedarf an qualifizierten Arbeitnehmerinnen und Arbeitnehmern. \u201eF\u00fcr eine gr\u00f6\u00dftm\u00f6gliche Transparenz des Arbeitsmarktes ist es sehr wichtig, das vakante Stellen bei uns gemeldet werden. Die Daten bilden oft die Basis f\u00fcr politische Entscheidungen und Weichenstellungen. Auch wenn wir aus dem Kreis der arbeitslosen Menschen derzeit nicht so schnell einen geeigneten Erzieher oder eine Schwei\u00dferin zur Stellenbesetzung finden k\u00f6nnen, m\u00f6chte ich alle Personalverantwortlichen motivieren, die Stellen dennoch zu melden. Nur dann behalten wir gemeinsam den \u00dcberblick \u00fcber den Bedarf in den Regionen und Branchen\u201c, erl\u00e4utert Dr. Bettina Wolf.<\/p>\n<p>Die Zahl der Arbeitslosen summiert sich in Siegen aus Kunden der Arbeitslosenversicherung (Agentur f\u00fcr Arbeit Siegen) und aus den Kunden der Grundsicherung (Jobcenter Kreis Siegen-Wittgenstein und Jobcenter Kreis Olpe). Im Rechtskreis der Agentur f\u00fcr Arbeit Siegen steigt die Zahl der Besch\u00e4ftigungssuchenden im Vergleich zum Vormonat um 14,7 Prozent (625 Personen) auf aktuell 4.870 Personen. Im Rechtskreis der Jobcenter ist ein Anstieg um 4,1 Prozent (296 Personen) im Vergleich zum November zu verzeichnen. Im Bereich der Arbeitslosenversicherung ergibt sich auch im Vorjahresvergleich eine Zunahme der Zahl der arbeitslos gemeldeten\u00a0Menschen um 12,2 Prozent (529 Personen). Bei der Grundsicherung ergibt der Vorjahresvergleich einen R\u00fcckgang von 1,2\u00a0 Prozent (90 Personen).<\/p>\n<p>Bei den beiden Grundsicherungstr\u00e4gern der Region Siegen, Jobcenter Kreis Siegen-Wittgenstein und Jobcenter Kreis Olpe, sind aktuell 7.600 Menschen arbeitslos gemeldet. Vor einem Jahr waren es noch 7.690 Personen, 90 Personen mehr. Das Jobcenter Kreis Siegen-Wittgenstein ist aktuell f\u00fcr 5.467 Besch\u00e4ftigungssuchende zust\u00e4ndig. Im Vergleich zum Januar des Vorjahres ergibt sich ein R\u00fcckgang der Arbeitslosigkeit um 2,2 Prozent (124 Personen). Beim Jobcenter Kreis Olpe ist im Vorjahresvergleich ein Anstieg der Arbeitslosigkeit verzeichnet werden. Aktuell betr\u00e4gt die Zahl der gemeldeten Arbeitslosen 2.133 Personen. Im Vormonatsvergleich stieg die Zahl der Arbeitslosen um 3,7 Prozent (76 Personen), der Vergleich zum Januar des Vorjahres ergibt ein Plus von 1,6 Prozent (34 Personen).<\/p>\n","protected":false},"excerpt":{"rendered":"<p>\u201eDer Start in das Jahr beginnt leider typischerweise mit einem Anstieg der Arbeitslosigkeit. Teilweise bedeutet das Jahresende auch das Ende eines Arbeitsvertrages. Au\u00dferdem finden im&#8230;<\/p>\n","protected":false},"author":2,"featured_media":0,"comment_status":"open","ping_status":"open","sticky":false,"template":"","format":"standard","meta":{"_jetpack_memberships_contains_paid_content":false,"footnotes":""},"categories":[16],"tags":[],"class_list":["post-1166","post","type-post","status-publish","format-standard","hentry","category-arbeitsmarkt"],"jetpack_featured_media_url":"","jetpack_sharing_enabled":true,"_links":{"self":[{"href":"https:\/\/www.vdsm.net\/wronline\/wp-json\/wp\/v2\/posts\/1166","targetHints":{"allow":["GET"]}}],"collection":[{"href":"https:\/\/www.vdsm.net\/wronline\/wp-json\/wp\/v2\/posts"}],"about":[{"href":"https:\/\/www.vdsm.net\/wronline\/wp-json\/wp\/v2\/types\/post"}],"author":[{"embeddable":true,"href":"https:\/\/www.vdsm.net\/wronline\/wp-json\/wp\/v2\/users\/2"}],"replies":[{"embeddable":true,"href":"https:\/\/www.vdsm.net\/wronline\/wp-json\/wp\/v2\/comments?post=1166"}],"version-history":[{"count":2,"href":"https:\/\/www.vdsm.net\/wronline\/wp-json\/wp\/v2\/posts\/1166\/revisions"}],"predecessor-version":[{"id":1168,"href":"https:\/\/www.vdsm.net\/wronline\/wp-json\/wp\/v2\/posts\/1166\/revisions\/1168"}],"wp:attachment":[{"href":"https:\/\/www.vdsm.net\/wronline\/wp-json\/wp\/v2\/media?parent=1166"}],"wp:term":[{"taxonomy":"category","embeddable":true,"href":"https:\/\/www.vdsm.net\/wronline\/wp-json\/wp\/v2\/categories?post=1166"},{"taxonomy":"post_tag","embeddable":true,"href":"https:\/\/www.vdsm.net\/wronline\/wp-json\/wp\/v2\/tags?post=1166"}],"curies":[{"name":"wp","href":"https:\/\/api.w.org\/{rel}","templated":true}]}}