{"id":1162,"date":"2013-01-30T16:07:58","date_gmt":"2013-01-30T15:07:58","guid":{"rendered":"http:\/\/www.vdsm.net\/wronline\/?p=1162"},"modified":"2013-01-30T16:07:58","modified_gmt":"2013-01-30T15:07:58","slug":"25-neue-stipendiaten-fuer-die-begabtenfoerderung","status":"publish","type":"post","link":"https:\/\/www.vdsm.net\/wronline\/25-neue-stipendiaten-fuer-die-begabtenfoerderung\/","title":{"rendered":"25 neue Stipendiaten f\u00fcr die Begabtenf\u00f6rderung"},"content":{"rendered":"<div id=\"attachment_1163\" style=\"width: 310px\" class=\"wp-caption alignleft\"><a href=\"http:\/\/www.vdsm.net\/wronline\/wp-content\/uploads\/2013\/01\/013-13-Begabtenfoerderung.jpg\"><img loading=\"lazy\" decoding=\"async\" aria-describedby=\"caption-attachment-1163\" class=\"size-medium wp-image-1163\" alt=\"Flei\u00df und Engagement erh\u00f6hen nicht nur die Chancen auf einen attraktiven Arbeitsplatz, sie k\u00f6nnen auch anderweitig belohnt werden. Dies erfuhren 25 junge Absolventen der dualen Berufsausbildung aus der Region, die die IHK Siegen in die \u201eBegabtenf\u00f6rderung Berufliche Bildung\u201c des Bundes aufnahm.\" src=\"http:\/\/www.vdsm.net\/wronline\/wp-content\/uploads\/2013\/01\/013-13-Begabtenfoerderung-300x150.jpg\" width=\"300\" height=\"150\" srcset=\"https:\/\/www.vdsm.net\/wronline\/wp-content\/uploads\/2013\/01\/013-13-Begabtenfoerderung-300x150.jpg 300w, https:\/\/www.vdsm.net\/wronline\/wp-content\/uploads\/2013\/01\/013-13-Begabtenfoerderung.jpg 800w\" sizes=\"auto, (max-width: 300px) 100vw, 300px\" \/><\/a><p id=\"caption-attachment-1163\" class=\"wp-caption-text\">Flei\u00df und Engagement erh\u00f6hen nicht nur die Chancen auf einen attraktiven Arbeitsplatz, sie k\u00f6nnen auch anderweitig belohnt werden. Dies erfuhren 25 junge Absolventen der dualen Berufsausbildung aus der Region, die die IHK Siegen in die \u201eBegabtenf\u00f6rderung Berufliche Bildung\u201c des Bundes aufnahm.<\/p><\/div>\n<p>Flei\u00df und Engagement w\u00e4hrend einer betrieblichen Ausbildung erh\u00f6hen nicht nur die Chancen auf einen attraktiven Arbeitsplatz, sie k\u00f6nnen auch anderweitig belohnt werden. Dies erfuhren jetzt wieder 25 junge Absolventen der dualen Berufsausbildung aus der Region, die die Industrie- und Handelskammer Siegen (IHK) aufgrund ihrer hervorragenden Ergebnisse in den Abschlusspr\u00fcfungen in die \u201eBegabtenf\u00f6rderung Berufliche Bildung\u201c des Bundes aufnahm. Die Stipendiaten erhalten insgesamt 6000 Euro die sie \u00fcber drei Jahre verteilt in eine anspruchsvolle berufliche Weiterbildung investieren k\u00f6nnen. Was sie hierbei zu beachten haben, bekamen sie k\u00fcrzlich in einem Einf\u00fchrungsseminar vermittelt.<\/p>\n<p>Im Rahmen der \u201eBegabtenf\u00f6rderung Berufliche Bildung\u201c hat die IHK Siegen seit 1991 rund 450 Jugendliche in das F\u00f6rderprogramm des Bundesministeriums f\u00fcr Bildung und Forschung (BMBF) aufgenommen. In diesem Zeitraum flossen rund 1,4 Millionen Euro in die Region, die die Stipendiaten vor allem bei heimischen Weiterbildungstr\u00e4gern f\u00fcr unterschiedlichste Ma\u00dfnahmen sinnvoll verwendeten. Heiko Schilk, der bei der IHK Siegen f\u00fcr die Betreuung und Beratung der Stipendiaten verantwortlich ist: \u201eWir achten zu Beginn der Stipendiatenzeit auf eine fundierte Information der jungen Leute. Hierf\u00fcr nehmen wir uns viel Zeit. Je besser die Beratung, desto sinnvoller die Fortbildung.\u201c Die bisherigen Stipendiaten seien aus 42 Ausbildungsberufen gekommen. Das F\u00f6rderprogramm zeichne sich also durch eine hohe berufsstrukturelle Ausgewogenheit aus.<\/p>\n<p>Aufnahmebedingung f\u00fcr das Programm ist ein erfolgreicher Abschluss im dualen Ausbildungssystem vor einem Pr\u00fcfungsausschuss der IHK mit \u201ebesser als gut\u201c. Die Bewerber d\u00fcrfen au\u00dferdem zum Aufnahmezeitpunkt noch keine 25 Jahre alt sein. Zivildienst- und Mutterschutzzeiten k\u00f6nnen das Aufnahmealter allerdings um bis zu drei Jahre verl\u00e4ngern. Die Gef\u00f6rderten-Quote liegt im landesweiten IHK-Durchschnitt bei circa 1,2 Prozent eines Absolventenjahrganges. In Siegen-Wittgenstein und Olpe lag die Quote in den letzten Jahren deutlich dar\u00fcber.<\/p>\n","protected":false},"excerpt":{"rendered":"<p>Flei\u00df und Engagement w\u00e4hrend einer betrieblichen Ausbildung erh\u00f6hen nicht nur die Chancen auf einen attraktiven Arbeitsplatz, sie k\u00f6nnen auch anderweitig belohnt werden. Dies erfuhren jetzt&#8230;<\/p>\n","protected":false},"author":2,"featured_media":1163,"comment_status":"open","ping_status":"open","sticky":false,"template":"","format":"standard","meta":{"_jetpack_memberships_contains_paid_content":false,"footnotes":""},"categories":[8],"tags":[],"class_list":["post-1162","post","type-post","status-publish","format-standard","has-post-thumbnail","hentry","category-ausbildung"],"jetpack_featured_media_url":"https:\/\/www.vdsm.net\/wronline\/wp-content\/uploads\/2013\/01\/013-13-Begabtenfoerderung.jpg","jetpack_sharing_enabled":true,"_links":{"self":[{"href":"https:\/\/www.vdsm.net\/wronline\/wp-json\/wp\/v2\/posts\/1162","targetHints":{"allow":["GET"]}}],"collection":[{"href":"https:\/\/www.vdsm.net\/wronline\/wp-json\/wp\/v2\/posts"}],"about":[{"href":"https:\/\/www.vdsm.net\/wronline\/wp-json\/wp\/v2\/types\/post"}],"author":[{"embeddable":true,"href":"https:\/\/www.vdsm.net\/wronline\/wp-json\/wp\/v2\/users\/2"}],"replies":[{"embeddable":true,"href":"https:\/\/www.vdsm.net\/wronline\/wp-json\/wp\/v2\/comments?post=1162"}],"version-history":[{"count":2,"href":"https:\/\/www.vdsm.net\/wronline\/wp-json\/wp\/v2\/posts\/1162\/revisions"}],"predecessor-version":[{"id":1165,"href":"https:\/\/www.vdsm.net\/wronline\/wp-json\/wp\/v2\/posts\/1162\/revisions\/1165"}],"wp:featuredmedia":[{"embeddable":true,"href":"https:\/\/www.vdsm.net\/wronline\/wp-json\/wp\/v2\/media\/1163"}],"wp:attachment":[{"href":"https:\/\/www.vdsm.net\/wronline\/wp-json\/wp\/v2\/media?parent=1162"}],"wp:term":[{"taxonomy":"category","embeddable":true,"href":"https:\/\/www.vdsm.net\/wronline\/wp-json\/wp\/v2\/categories?post=1162"},{"taxonomy":"post_tag","embeddable":true,"href":"https:\/\/www.vdsm.net\/wronline\/wp-json\/wp\/v2\/tags?post=1162"}],"curies":[{"name":"wp","href":"https:\/\/api.w.org\/{rel}","templated":true}]}}