{"id":11523,"date":"2018-11-12T11:27:46","date_gmt":"2018-11-12T10:27:46","guid":{"rendered":"https:\/\/www.vdsm.net\/wronline\/?p=11523"},"modified":"2018-11-12T11:27:46","modified_gmt":"2018-11-12T10:27:46","slug":"haende-weg-von-der-tarifautonomie-nicht-nur-in-nrw","status":"publish","type":"post","link":"https:\/\/www.vdsm.net\/wronline\/haende-weg-von-der-tarifautonomie-nicht-nur-in-nrw\/","title":{"rendered":"H\u00e4nde weg von der Tarifautonomie \u2013 nicht nur in NRW"},"content":{"rendered":"<p>&#8222;In diesen Tagen wird an die Begr\u00fcndung der Tarifautonomie durch das Stinnes-Legien-Abkommen vor 100 Jahre erinnert. Damals gab es das Land NRW noch nicht und dennoch hat das Jubil\u00e4um viel mit uns zu tun. Dabei denke ich weniger an die Tatsache, dass der Unternehmer Hugo Stinnes aus M\u00fclheim an der Ruhr kam und der Kern seines Gesch\u00e4ftes am Rhein und Ruhr lag. Ich glaube vielmehr, dass das demokratische Prinzip Tarifautonomie in unserem industriellen Ballungsraum auf besonders fruchtbaren Boden gefallen ist&#8220;, unterstreicht\u00a0Dr. Luitwin Mallmann in seinem Beitrag im <a href=\"https:\/\/www.wirtschaftsblog.nrw\/\" target=\"_blank\" rel=\"noopener\">NRW-Wirtschaftsblog &#8222;Klartext im Westen&#8220;<\/a>. Er ist Hauptgesch\u00e4ftsf\u00fchrer der Landesvereinigung der Unternehmensverb\u00e4nde Nordrhein-Westfalen (unternehmer nrw).<\/p>\n<p>Die Probleme ohne Einmischung von au\u00dfen, staatsfern selbst zu l\u00f6sen, das hat Tradition in unserem Land. Das hei\u00dft, hier kann man die eigenen Interessen im Auge behalten und wei\u00df dennoch genau, dass man dabei nicht auf Maximalpositionen bestehen kann, um auf Hilfe von au\u00dfen zu hoffen. Und die Verhandlungsparteien \u2013 aus welchem Lager auch immer \u2013 begegnen sich mit Respekt und auf Augenh\u00f6he. Das ist nicht immer einfach, die Konflikte der Arbeitswelt, der sogenannte Gegensatz zwischen Kapital und Arbeit ruft immer wieder Demagogen auf den Plan. Wie leichtfertig die Prinzipien der Tarifautonomie aufs Spiel gesetzt werden, k\u00f6nnen wir jetzt im Jubil\u00e4umsjahr erleben.<\/p>\n<p>Da wird aus einer am Abgrund stehenden ehemaligen Volkspartei gefordert, die Bindung des Mindestlohnes an die allgemeine Tarifentwicklung zu kappen und die Mindestlohnkommission aus Gewerkschaften und Arbeitgebern aufzul\u00f6sen. In Zukunft soll die Festlegung des Mindestlohnes dem freien Spiel der sich mit fremdem Geld \u00fcberbietenden Politikern \u00fcberlassen sein. Zurzeit wird ein Mindestlohn von 12 Euro in der Stunde aufgerufen.<\/p>\n<p>Eine schallende Ohrfeige f\u00fcr die Arbeit der Gewerkschaften, die in hunderten Tarifvertr\u00e4gen f\u00fcr einfache Arbeiten aus gutem Grund niedrigere Einstiegsl\u00f6hne vereinbart haben. Von den volkswirtschaftlichen Folgen einer solchen ma\u00dflosen staatlichen Lohnpolitik sei gar nicht gesprochen.<\/p>\n<p>Eigentlich m\u00fcsste ein Aufschrei des Protestes aus dem Lager der Tarifparteien durch die Republik gehen. Immerhin ist die Tarifautonomie im Grundgesetz verankert. Sie ist eine der tragenden S\u00e4ulen der sozialen Marktwirtschaft. Man kann die Dreistigkeit, mit der da diese S\u00e4ule gekippt werden soll, mit der Unkenntnis des Prinzips Tarifautonomie erkl\u00e4ren. Wahrscheinlicher aber ist, dass wir es mit schierem Populismus zu tun haben, der glaubt den Gesetzen einer Stimmungsdemokratie folgen zu m\u00fcssen. Verfassungsrechtliche Fragen sind da offensichtlich zweitrangig.<\/p>\n<p>Tarifvertragsparteien in NRW haben 2010 in der gr\u00f6\u00dften Wirtschaftskrise der Nachkriegszeit gezeigt, dass sie soziale Probleme l\u00f6sen k\u00f6nnen. Sie vereinbarten eine Lohnpause und machten den Weg f\u00fcr Kurzarbeit statt Entlassungen frei. Das war eine Sternstunde der Tarifautonomie. Die Kompetenz Arbeitsbedingungen pragmatisch, sozial und gerecht festzulegen, ist den Tarifparteien seitdem nicht abhandengekommen, nicht in NRW und auch nicht im Rest der Republik.<\/p>\n<p>Sie wollen und werden diese Verantwortung auch weiterhin wahrnehmen. Gerade die Branchen, deren Tarifvertr\u00e4ge durch einen Mindestlohn von 12 Euro in der Stunde f\u00fcr Makulatur erkl\u00e4rt w\u00fcrden, m\u00fcssen sich gemeinsam mit den anderen Tariftr\u00e4gern laut zu Wort melden. So kompliziert sind die Zusammenh\u00e4nge doch nicht.<\/p>\n<p>Aus NRW heraus kann den falschen Propheten Einhalt geboten werden, die von einem bedingungslosen Grundeinkommen tr\u00e4umen oder den Mindestlohn nach Gef\u00fchl ohne Bindung an die allgemeine Tarifentwicklung bestimmen wollen. Solche Vorschl\u00e4ge sind nicht nur unvereinbar mit der sozialen Marktwirtschaft und der Tarifautonomie. Sie missachten auch die Menschen, die sich t\u00e4glich ihren in freien Verhandlungen ausgehandelten leistungsrechten Lohn erarbeiten. Deshalb: H\u00e4nde weg von der Tarifautonomie, nicht nur in NRW.<\/p>\n","protected":false},"excerpt":{"rendered":"<p>&#8222;In diesen Tagen wird an die Begr\u00fcndung der Tarifautonomie durch das Stinnes-Legien-Abkommen vor 100 Jahre erinnert. Damals gab es das Land NRW noch nicht und&#8230;<\/p>\n","protected":false},"author":2,"featured_media":9049,"comment_status":"open","ping_status":"open","sticky":false,"template":"","format":"standard","meta":{"_jetpack_newsletter_access":"","_jetpack_dont_email_post_to_subs":false,"_jetpack_newsletter_tier_id":0,"_jetpack_memberships_contains_paywalled_content":false,"_jetpack_feature_clip_id":0,"_jetpack_memberships_contains_paid_content":false,"footnotes":"","jetpack_post_was_ever_published":false},"categories":[32,4,11],"tags":[],"class_list":["post-11523","post","type-post","status-publish","format-standard","has-post-thumbnail","hentry","category-infos","category-meinung","category-regionale-wirtschaft"],"jetpack_sharing_enabled":true,"jetpack_featured_media_url":"https:\/\/www.vdsm.net\/wronline\/wp-content\/uploads\/2018\/04\/Mallmann-1024x683.jpg","_links":{"self":[{"href":"https:\/\/www.vdsm.net\/wronline\/wp-json\/wp\/v2\/posts\/11523","targetHints":{"allow":["GET"]}}],"collection":[{"href":"https:\/\/www.vdsm.net\/wronline\/wp-json\/wp\/v2\/posts"}],"about":[{"href":"https:\/\/www.vdsm.net\/wronline\/wp-json\/wp\/v2\/types\/post"}],"author":[{"embeddable":true,"href":"https:\/\/www.vdsm.net\/wronline\/wp-json\/wp\/v2\/users\/2"}],"replies":[{"embeddable":true,"href":"https:\/\/www.vdsm.net\/wronline\/wp-json\/wp\/v2\/comments?post=11523"}],"version-history":[{"count":2,"href":"https:\/\/www.vdsm.net\/wronline\/wp-json\/wp\/v2\/posts\/11523\/revisions"}],"predecessor-version":[{"id":11525,"href":"https:\/\/www.vdsm.net\/wronline\/wp-json\/wp\/v2\/posts\/11523\/revisions\/11525"}],"wp:featuredmedia":[{"embeddable":true,"href":"https:\/\/www.vdsm.net\/wronline\/wp-json\/wp\/v2\/media\/9049"}],"wp:attachment":[{"href":"https:\/\/www.vdsm.net\/wronline\/wp-json\/wp\/v2\/media?parent=11523"}],"wp:term":[{"taxonomy":"category","embeddable":true,"href":"https:\/\/www.vdsm.net\/wronline\/wp-json\/wp\/v2\/categories?post=11523"},{"taxonomy":"post_tag","embeddable":true,"href":"https:\/\/www.vdsm.net\/wronline\/wp-json\/wp\/v2\/tags?post=11523"}],"curies":[{"name":"wp","href":"https:\/\/api.w.org\/{rel}","templated":true}]}}