{"id":11511,"date":"2018-11-12T10:48:22","date_gmt":"2018-11-12T09:48:22","guid":{"rendered":"https:\/\/www.vdsm.net\/wronline\/?p=11511"},"modified":"2018-11-12T10:48:22","modified_gmt":"2018-11-12T09:48:22","slug":"gruenderwoche-in-siegen-wittgenstein-und-olpe","status":"publish","type":"post","link":"https:\/\/www.vdsm.net\/wronline\/gruenderwoche-in-siegen-wittgenstein-und-olpe\/","title":{"rendered":"Gr\u00fcnderwoche in Siegen-Wittgenstein und Olpe"},"content":{"rendered":"<p>Die Industrie- und Handelskammer Siegen (IHK) beteiligt sich auch 2018 wieder an der bundesweiten \u201eGr\u00fcnderwoche Deutschland\u201c. Erneut bietet die IHK Siegen verschiedene Informationsm\u00f6glichkeiten speziell f\u00fcr Gr\u00fcnder und f\u00fcr die Unternehmensnachfolge an: Am Dienstag, 13. November, geht es um die steuerliche Gestaltung der Nachfolge bei GmbHs \u2013 offenbar ein brisantes Thema, denn im Workshop f\u00fcr Unternehmer sind nur noch wenige Restpl\u00e4tze verf\u00fcgbar. Einen interessanten Erfahrungsaustausch f\u00fcr Nachfolger und Senior-Unternehmer bietet \u201eNachfolge zielgerichtet planen\u201c am Donnerstag, 22. November: Praxisberichte von Unternehmern und Fachvortr\u00e4ge rund um die Nachfolge zeigen auf, wie dieser Prozess gestaltet werden kann.<\/p>\n<p>F\u00fcr Gr\u00fcndungsinteressierte bietet das \u201eBasisseminar f\u00fcr Existenzgr\u00fcnder\/-innen\u201c am Freitag, 16. November, von 9:00 bis 13:00 Uhr die ganze Bandbreite an Informationen. Welche Finanzierungsanforderungen habe ich? Wie komme ich von einer Gesch\u00e4ftsidee auf ein schl\u00fcssiges Unternehmenskonzept? Welche Formalit\u00e4ten sind zu beachten? Das \u201eBasisseminar f\u00fcr Existenzgr\u00fcnder\/-innen\u201c zeigt auch rechtliche Aspekte auf. Zudem werden individuelle Fragen der Teilnehmer beantwortet.<\/p>\n<p>Auch das Thema Buchhaltung ist eines, das Gr\u00fcnder auf dem Schirm haben sollten. Damit alles ordnungsgem\u00e4\u00df l\u00e4uft und keine Probleme mit dem Finanzamt auftreten, k\u00f6nnen sich junge Unternehmer Tipps und Informationen beim Vortrag \u201eBuchhaltung f\u00fcr Existenzgr\u00fcnder und junge Unternehmen\u201c holen.<\/p>\n<p>Weitere Informationen zu allen Veranstaltungen finden sich unter <a href=\"https:\/\/events.ihk-siegen.de\" target=\"_blank\" rel=\"noopener\">https:\/\/events.ihk-siegen.de<\/a>. Die IHK Siegen ist zertifiziert als \u201eStartercenter NRW\u201c und Mitglied im Regionalen Netzwerk f\u00fcr Existenzgr\u00fcndung (RENEX) Siegen-Wittgenstein und Olpe sowie bei \u201eStartpunkt57&#8243;. Die Initiative f\u00fcr Gr\u00fcnder ist ein Zusammenschluss zahlreicher Unternehmen und Institutionen aus der Region Siegen-Wittgenstein zur F\u00f6rderung von Existenzgr\u00fcndern. Weitere Informationen zu Existenzgr\u00fcndern und Selbstst\u00e4ndigkeit gibt es unter <a href=\"http:\/\/www.ihk-siegen.de\" target=\"_blank\" rel=\"noopener\">www.ihk-siegen.de<\/a> und <a href=\"http:\/\/www.startpunkt57.de\" target=\"_blank\" rel=\"noopener\">www.startpunkt57.de<\/a>.<\/p>\n","protected":false},"excerpt":{"rendered":"<p>Die Industrie- und Handelskammer Siegen (IHK) beteiligt sich auch 2018 wieder an der bundesweiten \u201eGr\u00fcnderwoche Deutschland\u201c. Erneut bietet die IHK Siegen verschiedene Informationsm\u00f6glichkeiten speziell f\u00fcr&#8230;<\/p>\n","protected":false},"author":2,"featured_media":4018,"comment_status":"open","ping_status":"open","sticky":false,"template":"","format":"standard","meta":{"_jetpack_newsletter_access":"","_jetpack_dont_email_post_to_subs":false,"_jetpack_newsletter_tier_id":0,"_jetpack_memberships_contains_paywalled_content":false,"_jetpack_feature_clip_id":0,"_jetpack_memberships_contains_paid_content":false,"footnotes":"","jetpack_post_was_ever_published":false},"categories":[32,30,34,11],"tags":[],"class_list":["post-11511","post","type-post","status-publish","format-standard","has-post-thumbnail","hentry","category-infos","category-vermischtes","category-termine","category-regionale-wirtschaft"],"jetpack_sharing_enabled":true,"jetpack_featured_media_url":"https:\/\/www.vdsm.net\/wronline\/wp-content\/uploads\/2016\/06\/wronline-ihk.jpg","_links":{"self":[{"href":"https:\/\/www.vdsm.net\/wronline\/wp-json\/wp\/v2\/posts\/11511","targetHints":{"allow":["GET"]}}],"collection":[{"href":"https:\/\/www.vdsm.net\/wronline\/wp-json\/wp\/v2\/posts"}],"about":[{"href":"https:\/\/www.vdsm.net\/wronline\/wp-json\/wp\/v2\/types\/post"}],"author":[{"embeddable":true,"href":"https:\/\/www.vdsm.net\/wronline\/wp-json\/wp\/v2\/users\/2"}],"replies":[{"embeddable":true,"href":"https:\/\/www.vdsm.net\/wronline\/wp-json\/wp\/v2\/comments?post=11511"}],"version-history":[{"count":1,"href":"https:\/\/www.vdsm.net\/wronline\/wp-json\/wp\/v2\/posts\/11511\/revisions"}],"predecessor-version":[{"id":11514,"href":"https:\/\/www.vdsm.net\/wronline\/wp-json\/wp\/v2\/posts\/11511\/revisions\/11514"}],"wp:featuredmedia":[{"embeddable":true,"href":"https:\/\/www.vdsm.net\/wronline\/wp-json\/wp\/v2\/media\/4018"}],"wp:attachment":[{"href":"https:\/\/www.vdsm.net\/wronline\/wp-json\/wp\/v2\/media?parent=11511"}],"wp:term":[{"taxonomy":"category","embeddable":true,"href":"https:\/\/www.vdsm.net\/wronline\/wp-json\/wp\/v2\/categories?post=11511"},{"taxonomy":"post_tag","embeddable":true,"href":"https:\/\/www.vdsm.net\/wronline\/wp-json\/wp\/v2\/tags?post=11511"}],"curies":[{"name":"wp","href":"https:\/\/api.w.org\/{rel}","templated":true}]}}