{"id":11415,"date":"2018-11-01T09:45:21","date_gmt":"2018-11-01T08:45:21","guid":{"rendered":"https:\/\/www.vdsm.net\/wronline\/?p=11415"},"modified":"2018-11-01T09:45:21","modified_gmt":"2018-11-01T08:45:21","slug":"siegener-krankenhaeuser-buendeln-kraefte","status":"publish","type":"post","link":"https:\/\/www.vdsm.net\/wronline\/siegener-krankenhaeuser-buendeln-kraefte\/","title":{"rendered":"Siegener Krankenh\u00e4user b\u00fcndeln Kr\u00e4fte"},"content":{"rendered":"<div class=\"grid-3-2\">\n<div class=\"overlay-content\">\n<div class=\"bodytext\">\n<p>Unter dem Leitmotto \u201eVersorgung neu denken\u201c r\u00fccken das zur Marien Gesellschaft Siegen geh\u00f6rende St. Marien-Krankenhaus, das Kreisklinikum und die DRK-Kinderklinik in Siegen enger zusammen. Ziel ist die St\u00e4rkung der Leistungsf\u00e4higkeit aller drei beteiligten Kliniken f\u00fcr die Gesundheitsversorgung der Menschen in der Region. Damit wird der Standort Siegen zugleich f\u00fcr dringend gesuchte Fachkr\u00e4fte attraktiver.<\/p>\n<p>Seit vielen Jahren bestehen zwischen den drei Siegener Kliniken Kooperationen in verschiedenen Bereichen. \u201eIm Zuge des Projekts \u201aMedizin neu denken\u2018 und der Gr\u00fcndung des Bildungsinstituts f\u00fcr Gesundheitsberufe haben wir erkannt, dass es zwischen unseren Kliniken mehr Verbindendes als Trennendes gibt\u201c, stellen die Gesch\u00e4ftsf\u00fchrer, Stefanie Wied von der DRK-Kinderklinik, Bertram M\u00fcller vom Kreisklinikum und Hans-J\u00fcrgen Winkelmann von der Marien Gesellschaft, \u00fcbereinstimmend fest. \u201eDa alle Kliniken von diesen gemeinsamen Projekten profitieren, haben wir uns entschieden, tiefer in die Analyse m\u00f6glicher Kooperationsfelder einzusteigen und weitere M\u00f6glichkeiten der Zusammenarbeit im Sinne einer strategischen Allianz auszuloten.\u201c Ziel ist immer die St\u00e4rkung der Leistungsf\u00e4higkeit in Medizin, Pflege und Therapie: Patienten sollen von h\u00f6herer Qualit\u00e4t, zus\u00e4tzlichen Leistungen, medizinischer Spezialisierung und strukturierten Behandlungswegen profitieren. Dadurch wird aus Sicht der drei Klinikgesch\u00e4ftsf\u00fchrer der Gesundheitsstandort Siegen an Attraktivit\u00e4t gewinnen.<\/p>\n<p>Mit dieser Idee greifen die Initiatoren einen Anspruch der Politik auf. So hat NRW-Gesundheitsminister Karl-Josef Laumann k\u00fcrzlich gefordert, dass Kliniken nicht nur innerhalb ihrer Verb\u00fcnde Doppelstrukturen in den Blick nehmen sollten, sondern auch tr\u00e4ger\u00fcbergreifend. Laumann hatte auch angek\u00fcndigt, solche Abstimmungen seitens des Landes k\u00fcnftig st\u00e4rker zu f\u00f6rdern. \u201eIch m\u00f6chte die Krankenhausplanung in NRW effizienter machen und bin bereit, daf\u00fcr viele Widerst\u00e4nde durchzustehen\u201c, sagte Laumann.<\/p>\n<p>Dar\u00fcber hinaus ist der Gesundheitssektor von einschneidenden Ver\u00e4nderungen gepr\u00e4gt. Die Qualit\u00e4tsvorgaben steigen, die Kassen fordern Mindestmengen bei bestimmten Eingriffen (sonst werden die Leistungen nicht mehr verg\u00fctet), die IT-Sicherheit wird organisatorisch und finanziell immer aufwendiger. Das bedeutet: Alleinstehende Kliniken stehen vor gro\u00dfen Herausforderungen. Der Trend geht daher zu Verb\u00fcnden und Kooperationen. Das ist medizinisch vorteilhaft, politisch gewollt und wirtschaftlich sinnvoll. \u201eWir r\u00fccken nicht aus einer Notsituation heraus zusammen\u201c, betonen die Gesch\u00e4ftsf\u00fchrer M\u00fcller, Wied und Winkelmann, \u201esondern wir gestalten vorausschauend ein Zukunftsprojekt.\u201c<\/p>\n<p>Mit der abgestimmten Zusammenarbeit unter dem Motto \u201eVersorgung neu denken\u201c verbindet die Versorgungsallianz f\u00fcr Siegen mehrere zentrale Botschaften:<\/p>\n<p>\u2022 Zus\u00e4tzliche Leistungen durch Kooperation<\/p>\n<p>\u2022 Mehr Qualit\u00e4t in Medizin, Pflege und Therapie f\u00fcr Patienten durch st\u00e4rkere Spezialisierung<\/p>\n<p>\u2022 Optimal abgestimmte standort\u00fcbergreifende Behandlungswege<\/p>\n<p>\u2022 Wohnortnahe Versorgung mit Hochleistungsmedizin auf Universit\u00e4tsniveau<\/p>\n<p>\u2022 Fr\u00fche Etablierung medizinischer Innovationen<\/p>\n<p>\u2022 Komplette Versorgungskette von der Geburt bis zur Palliativmedizin\/Hospiz<\/p>\n<p>\u2022 Attraktives Lebensumfeld f\u00fcr die Bev\u00f6lkerung<\/p>\n<p>\u2022 Anziehender Gesundheitsstandort f\u00fcr Fachkr\u00e4fte<\/p>\n<p>\u2022 St\u00e4rkung der Stadt Siegen und der Region insgesamt<\/p>\n<p>Der Projektname \u201eVersorgung neu denken\u201c ist bewusst an das Motto der neuen Lebenswissenschaftlichen Fakult\u00e4t der Universit\u00e4t Siegen angelehnt, wo es hei\u00dft: \u201eMedizin neu denken\u201c. Damit werden die Zusammenarbeit der drei Kliniken und ihre Ziele in einen gr\u00f6\u00dferen Zusammenhang gestellt. Die Krankenhausstandorte bleiben von der strategischen Versorgungspartnerschaft unber\u00fchrt. Jedes Krankenhaus tritt weiterhin unter seinem eigenen bekannten Markennamen auf \u2013 wird aber zugleich als Teil einer Allianz erkennbar sein. Hans-J\u00fcrgen Winkelmann unterstreicht: \u201eDie vertiefte Pr\u00fcfung der geplanten Kooperation ist als Prozess angelegt. Heute f\u00e4llt offiziell der Startschuss.\u201c Und Bertram M\u00fcller erg\u00e4nzt: \u201eWir entwickeln Pl\u00e4ne f\u00fcr eine strategische Allianz \u2013 nicht um Stellen zu sparen, sondern um die Leistungsf\u00e4higkeit in Medizin, Pflege und Therapie zu st\u00e4rken. Daf\u00fcr brauchen wir die Mitarbeiterinnen und Mitarbeiter in allen Kliniken.\u201c Wie die k\u00fcnftige Zusammenarbeit organisatorisch und rechtlich ausgestaltet wird, ist \u201eeine der wesentlichen anstehenden Aufgaben\u201c, sagt Stefanie Wied.<\/p>\n<p>F\u00fcr diese n\u00e4chsten Schritte haben sich die Klinikgesch\u00e4ftsf\u00fchrer zun\u00e4chst die Zustimmung ihrer Tr\u00e4ger eingeholt, die seit Montag vorliegt. Erste Ergebnisse werden Anfang 2019 erwartet. Diese Zustimmung ist der Startschuss f\u00fcr ein langfristig angelegtes Projekt. Das Ziel der engeren Zusammenarbeit gilt es nun gemeinsam mit den Medizinern und der Pflege auf den Weg zu bringen.<\/p>\n<\/div>\n<\/div>\n<\/div>\n","protected":false},"excerpt":{"rendered":"<p>Unter dem Leitmotto \u201eVersorgung neu denken\u201c r\u00fccken das zur Marien Gesellschaft Siegen geh\u00f6rende St. Marien-Krankenhaus, das Kreisklinikum und die DRK-Kinderklinik in Siegen enger zusammen. Ziel&#8230;<\/p>\n","protected":false},"author":2,"featured_media":11416,"comment_status":"open","ping_status":"open","sticky":false,"template":"","format":"standard","meta":{"_jetpack_memberships_contains_paid_content":false,"footnotes":""},"categories":[32,30,10],"tags":[],"class_list":["post-11415","post","type-post","status-publish","format-standard","has-post-thumbnail","hentry","category-infos","category-vermischtes","category-unternehmen"],"jetpack_featured_media_url":"https:\/\/www.vdsm.net\/wronline\/wp-content\/uploads\/2018\/11\/1873989981-kooperation-klei.jpg","jetpack_sharing_enabled":true,"_links":{"self":[{"href":"https:\/\/www.vdsm.net\/wronline\/wp-json\/wp\/v2\/posts\/11415","targetHints":{"allow":["GET"]}}],"collection":[{"href":"https:\/\/www.vdsm.net\/wronline\/wp-json\/wp\/v2\/posts"}],"about":[{"href":"https:\/\/www.vdsm.net\/wronline\/wp-json\/wp\/v2\/types\/post"}],"author":[{"embeddable":true,"href":"https:\/\/www.vdsm.net\/wronline\/wp-json\/wp\/v2\/users\/2"}],"replies":[{"embeddable":true,"href":"https:\/\/www.vdsm.net\/wronline\/wp-json\/wp\/v2\/comments?post=11415"}],"version-history":[{"count":2,"href":"https:\/\/www.vdsm.net\/wronline\/wp-json\/wp\/v2\/posts\/11415\/revisions"}],"predecessor-version":[{"id":11418,"href":"https:\/\/www.vdsm.net\/wronline\/wp-json\/wp\/v2\/posts\/11415\/revisions\/11418"}],"wp:featuredmedia":[{"embeddable":true,"href":"https:\/\/www.vdsm.net\/wronline\/wp-json\/wp\/v2\/media\/11416"}],"wp:attachment":[{"href":"https:\/\/www.vdsm.net\/wronline\/wp-json\/wp\/v2\/media?parent=11415"}],"wp:term":[{"taxonomy":"category","embeddable":true,"href":"https:\/\/www.vdsm.net\/wronline\/wp-json\/wp\/v2\/categories?post=11415"},{"taxonomy":"post_tag","embeddable":true,"href":"https:\/\/www.vdsm.net\/wronline\/wp-json\/wp\/v2\/tags?post=11415"}],"curies":[{"name":"wp","href":"https:\/\/api.w.org\/{rel}","templated":true}]}}