{"id":11196,"date":"2018-10-17T10:11:10","date_gmt":"2018-10-17T08:11:10","guid":{"rendered":"https:\/\/www.vdsm.net\/wronline\/?p=11196"},"modified":"2018-10-18T14:26:11","modified_gmt":"2018-10-18T12:26:11","slug":"heimische-unternehmen-auf-der-aluminium","status":"publish","type":"post","link":"https:\/\/www.vdsm.net\/wronline\/heimische-unternehmen-auf-der-aluminium\/","title":{"rendered":"Heimische Unternehmen auf der ALUMINIUM\u2008"},"content":{"rendered":"<p>Die <a href=\"https:\/\/www.aluminium-messe.com\/de\/\" target=\"_blank\" rel=\"noopener\">ALUMINIUM 2018<\/a> fand vom 9. bis 11. Oktober in D\u00fcsseldorf statt. In diesem Jahr war die Ausstellungsfl\u00e4che, die sich \u00fcber sechs Messehallen erstreckt hat, auf 80.000 Quadratmeter angewachsen. Insgesamt 971 Aussteller aus 54 Nationen waren auf der diesj\u00e4hrigen Weltmesse der Aluminiumindustrie vertreten. Angef\u00fchrt wird die Liste der 54 vertretenen Nationen von Deutschland (307), es folgt Italien als zweitst\u00e4rkste Ausstellernation (118), danach China (103) und die T\u00fcrkei (64). Auch Unternehmen aus dem Siegerland sowie dem Kreis Olpe hatten sich ihren Stand auf der Messe gesichert, die in diesem Jahr von den Themen Digitalisierung, E-Mobility, Leichtbau und Nachhaltigkeit gepr\u00e4gt war.<\/p>\n<p>Zu den Ausstellern aus dem Siegerland geh\u00f6rte neben der <a href=\"https:\/\/www.achenbach.de\/\" target=\"_blank\" rel=\"noopener\">Achenbach Buschh\u00fctten GmbH &amp; Co.KG<\/a> beispielsweise die <a href=\"https:\/\/www.sms-group.com\/de\/\" target=\"_blank\" rel=\"noopener\">SMS group<\/a>, die seit der Erstveranstaltung in 1997 dabei ist. In diesem Jahr stellte die SMS group auf ihrem Stand die Themen Digitalisierung und Industrie 4.0 in den Mittelpunkt. Exponate aus den Bereichen Messtechnik, digitale Plattformen, additive Fertigung und Service zeigten die Potentiale durch Digitalisierung f\u00fcr die gesamte Wertsch\u00f6pfungskette auf und wie sich dadurch Effizienz, Qualit\u00e4t und Flexibilit\u00e4t steigern lassen. Auch die Tochtergruppe der SMS group, die <a href=\"https:\/\/www.amova.eu\/\" target=\"_blank\" rel=\"noopener\">AMOVA GmbH<\/a>, war vor Ort in D\u00fcsseldorf vertreten. Das Unternehmen pr\u00e4sentierte einen digitalen Tisch an dem die Besucher zum Beispiel mehr \u00fcber hocheffiziente Lagersysteme erfahren konnten.<\/p>\n<p>Die <a href=\"https:\/\/www.georg.com\/\" target=\"_blank\" rel=\"noopener\">Heinrich Georg GmbH<\/a> Maschinenfabrik in Kreuztal geh\u00f6rte ebenfalls zu den Ausstellern. Das Unternehmen ist bereits zum vierten Mal auf der Messe dabei. In diesem Jahr standen erstmalig zwei Gesch\u00e4ftsbereiche im Mittelpunkt des Messeauftrittes: Einerseits Bandanlagen und andererseits Werkzeugmaschinen. Anhand von Videos wurden die Produkte vorgestellt.<\/p>\n<p>Zum ersten Mal vor Ort war die <a href=\"https:\/\/www.schnutz.com\/\" target=\"_blank\" rel=\"noopener\">Schnutz GmbH<\/a> aus Siegen, die durch die Muttergesellschaft \u201eBurghardt + Schmidt\u201c auf die Messe aufmerksam wurde und auf der Messe vor allem Kundenpr\u00e4senz zeigen wollte.<\/p>\n<p>Ein Aussteller aus dem Kreis Olpe war die <a href=\"https:\/\/www.emg-automation.com\/\" target=\"_blank\" rel=\"noopener\">EMG Automation GmbH<\/a> aus Wenden. Der Anbieter von Automatisierungsl\u00f6sungen f\u00fcr die Fertigungsindustrie setzte seinen Schwerpunkt ebenfalls auf Kundenpr\u00e4senz.<\/p>\n<p>Erstmalig in D\u00fcsseldorf stellte sich die Maschinenfabrik <a href=\"https:\/\/www.herkules-machinetools.de\/\" target=\"_blank\" rel=\"noopener\">Herkules GmbH &amp; Co. KG<\/a> aus Siegen vor. Der Weltmarktf\u00fchrer in der Herstellung von Walzenbearbeitungsmaschinen f\u00fcr die Aluminiumindustrie pr\u00e4sentierte eine Exponatsreihe \u201ezum Anfassen\u201c, die den Besuchern die Technologie der \u201eRoughness Scattered Light Detection\u201c n\u00e4herbringen sollte.<\/p>\n<p>Insgesamt z\u00e4hlte der Veranstalter 24.148 Fachbesucher (Vorjahr: 24.373). Wer die Messe verpasst hat, kann sich den Termin f\u00fcr die 13. Auflage vormerken: Diese findet vom 6. bis 8. Oktober 2020 in D\u00fcsseldorf statt.<\/p>\n","protected":false},"excerpt":{"rendered":"<p>Die ALUMINIUM 2018 fand vom 9. bis 11. Oktober in D\u00fcsseldorf statt. In diesem Jahr war die Ausstellungsfl\u00e4che, die sich \u00fcber sechs Messehallen erstreckt hat,&#8230;<\/p>\n","protected":false},"author":6,"featured_media":11198,"comment_status":"open","ping_status":"open","sticky":false,"template":"","format":"standard","meta":{"_jetpack_newsletter_access":"","_jetpack_dont_email_post_to_subs":false,"_jetpack_newsletter_tier_id":0,"_jetpack_memberships_contains_paywalled_content":false,"_jetpack_feature_clip_id":0,"_jetpack_memberships_contains_paid_content":false,"footnotes":"","jetpack_post_was_ever_published":false},"categories":[1,11],"tags":[],"class_list":["post-11196","post","type-post","status-publish","format-standard","has-post-thumbnail","hentry","category-aktuell","category-regionale-wirtschaft"],"jetpack_sharing_enabled":true,"jetpack_featured_media_url":"https:\/\/www.vdsm.net\/wronline\/wp-content\/uploads\/2018\/10\/IMG_1400_WEB.jpg","_links":{"self":[{"href":"https:\/\/www.vdsm.net\/wronline\/wp-json\/wp\/v2\/posts\/11196","targetHints":{"allow":["GET"]}}],"collection":[{"href":"https:\/\/www.vdsm.net\/wronline\/wp-json\/wp\/v2\/posts"}],"about":[{"href":"https:\/\/www.vdsm.net\/wronline\/wp-json\/wp\/v2\/types\/post"}],"author":[{"embeddable":true,"href":"https:\/\/www.vdsm.net\/wronline\/wp-json\/wp\/v2\/users\/6"}],"replies":[{"embeddable":true,"href":"https:\/\/www.vdsm.net\/wronline\/wp-json\/wp\/v2\/comments?post=11196"}],"version-history":[{"count":2,"href":"https:\/\/www.vdsm.net\/wronline\/wp-json\/wp\/v2\/posts\/11196\/revisions"}],"predecessor-version":[{"id":11201,"href":"https:\/\/www.vdsm.net\/wronline\/wp-json\/wp\/v2\/posts\/11196\/revisions\/11201"}],"wp:featuredmedia":[{"embeddable":true,"href":"https:\/\/www.vdsm.net\/wronline\/wp-json\/wp\/v2\/media\/11198"}],"wp:attachment":[{"href":"https:\/\/www.vdsm.net\/wronline\/wp-json\/wp\/v2\/media?parent=11196"}],"wp:term":[{"taxonomy":"category","embeddable":true,"href":"https:\/\/www.vdsm.net\/wronline\/wp-json\/wp\/v2\/categories?post=11196"},{"taxonomy":"post_tag","embeddable":true,"href":"https:\/\/www.vdsm.net\/wronline\/wp-json\/wp\/v2\/tags?post=11196"}],"curies":[{"name":"wp","href":"https:\/\/api.w.org\/{rel}","templated":true}]}}