{"id":11142,"date":"2018-10-12T08:35:10","date_gmt":"2018-10-12T06:35:10","guid":{"rendered":"https:\/\/www.vdsm.net\/wronline\/?p=11142"},"modified":"2018-10-12T08:35:10","modified_gmt":"2018-10-12T06:35:10","slug":"handlungsbedarf-beim-einzelhandel","status":"publish","type":"post","link":"https:\/\/www.vdsm.net\/wronline\/handlungsbedarf-beim-einzelhandel\/","title":{"rendered":"Handlungsbedarf beim Einzelhandel"},"content":{"rendered":"<p>In der Entwicklung der Gesamtbesch\u00e4ftigung liegt Netphen an der Spitze aller Kommunen im Bezirk der IHK Siegen. \u201eRund 7300 Menschen stehen hier in Lohn und Brot, 1300 mehr als noch 1990 \u2013 ein Anstieg um fast 22 %. Das ist Spitze in den Kreisen Siegen-Wittgenstein und Olpe. In beiden Kreisen wuchs die Besch\u00e4ftigung im selben Zeitraum um 12 %\u201c, erl\u00e4uterte Klaus Gr\u00e4bener beim kommunalen Wirtschaftsgespr\u00e4ch der IHK in der Wasserburg Hainchen. Insgesamt, so der IHK-Hauptgesch\u00e4ftsf\u00fchrer, h\u00e4tten die Betriebe in den vergangenen zw\u00f6lf Jahren in beiden Kreisen mehr als 28.000 neue sozialversicherungspflichtige Jobs geschaffen. \u201eIm Ergebnis steht man in vielen Teilen des Kammerbezirks an der Grenze zur Vollbesch\u00e4ftigung oder hat sie bereits \u00fcberschritten.\u201c<\/p>\n<p>Gr\u00f6\u00dferen Handlungsbedarf gibt es aus Sicht der IHK in Netphen im Einzelhandel. Die Einzelhandelszentralit\u00e4t liege f\u00fcr eine Stadt mit rund 23.300 Einwohnern und drei Einkaufszentren im Vergleich zu niedrig, beschrieb Ann Katrin Hentschel von der IHK die Situation. \u201eMit anderen Worten: Es flie\u00dft Kaufkraft ab. Von 100 \u20ac werden nur etwas mehr als 65 \u20ac in Netphen ausgegeben. Das ist unter Ber\u00fccksichtigung der regionalen Strukturen nicht besorgniserregend, zeigt aber Handlungsbedarfe auf!\u201c Ziel m\u00fcsse sein, den \u00f6rtlichen Einzelhandel f\u00fcr die Kunden sichtbarer zu machen. Die von der IHK angesto\u00dfene Imagekampagne \u201eHeimat Shoppen\u201c, an der in diesem Jahr mehr als 800 H\u00e4ndler mitwirkten, leiste hierzu einen wichtigen Beitrag.<\/p>\n<p>Mit einer Untersuchung zur Attraktivit\u00e4t der Innenst\u00e4dte will die IHK allen 18 St\u00e4dten und Gemeinden des Kammerbezirks Handlungspotenziale und Empfehlungen f\u00fcr die weitere Standortentwicklung geben. \u201eGemeinsam mit den Arbeitsgemeinschaften der Sparkassen und Volksbanken investiert die IHK 90.000 \u20ac in dieses Projekt. Von den Erkenntnissen erhoffen wir uns wertvolle Ans\u00e4tze auch f\u00fcr die Beratungen in den kommunalen Gremien. Ziel ist nicht ein Vergleich der Kommunen untereinander, sondern, Erkenntnisse f\u00fcr die einzelne Kommune gewinnbringend zu nutzen. Sollten sich vor Ort hieraus weitere Initiativen entwickeln, sind wir gerne bereit, diese zu begleiten\u201c, so Ann Katrin Hentschel. B\u00fcrgermeister Paul Wagener nahm den Ball gerne auf und k\u00fcndigte an, die IHK in die Pr\u00e4sentation der Ergebnisse gegen\u00fcber der Politik einzubinden.<\/p>\n<p>Auch bei der Suche nach k\u00fcnftigen Industrie- und Gewerbefl\u00e4chen arbeiten IHK und Stadtverwaltung eng zusammen. Derzeit wird ein neuer Regionalplan aufgestellt. Hier wird entschieden, wo und wie umfangreich heimische Betriebe in den n\u00e4chsten Jahrzehnten \u00fcberhaupt noch Fl\u00e4chen f\u00fcr betriebliche Erweiterungen oder Neuansiedlungen in der Region vorfinden. Um das bestm\u00f6gliche Ergebnis zu erreichen, hatte die IHK zu Jahresbeginn ein Fachb\u00fcro beauftragt, sich gemeinsam mit den St\u00e4dten und Gemeinden auf die Suche nach m\u00f6glichen Fl\u00e4chen zu begeben, die f\u00fcr den Regionalplan vorgestellt werden k\u00f6nnen. \u201eDie Ergebnisse werden noch in diesem Jahr vorliegen. Es zeichnet sich bereits eine h\u00f6here Unterversorgung ab. Der Druck in Richtung interkommunale Zusammenarbeit auch bei der Entwicklung von Gewerbegebieten ist gro\u00df\u201c, betonte der stellvertretende IHK-Hauptgesch\u00e4ftsf\u00fchrer Hermann-Josef Droege.<\/p>\n<p>Weiterer Schwerpunkt des Wirtschaftsgespr\u00e4chs: die Lage auf dem Fachkr\u00e4ftemarkt. \u201eWir haben derzeit keine gr\u00f6\u00dferen Probleme, junge Menschen f\u00fcr eine Ausbildung in unserem Betrieb zu finden. Deutlich schwieriger ist es, fertig ausgebildete Fachkr\u00e4fte f\u00fcr den Ausbau oder die Statik zu gewinnen\u201c, berichtete Matthias B\u00fcdenbender. Der Gesch\u00e4ftsf\u00fchrer der <a href=\"https:\/\/www.buedenbender-hausbau.de\/\" target=\"_blank\" rel=\"noopener\">B\u00fcdenbender Hausbau GmbH<\/a> in Hainchen schlug sogleich vor, regelm\u00e4\u00dfig eine kleine Messe in Netphen durchzuf\u00fchren, um Sch\u00fclern die heimischen Unternehmen vorzustellen. Henning Hofmann, kaufm\u00e4nnischer Leiter der <a href=\"https:\/\/www.graebener-maschinentechnik.com\/de\/\" target=\"_blank\" rel=\"noopener\">Gr\u00e4bener Maschinentechnik GmbH &amp; Co. KG<\/a> in Werthenbach, sah ein Problem in der nachr\u00fcckenden Fachkr\u00e4ftegeneration selbst: \u201eDie Work-Life-Balance hat heute bei vielen jungen Berufseinsteigern einen hohen Stellenwert. Die Bereitschaft, f\u00fcr l\u00e4ngere Zeit auf Montage zu fahren, ist nur noch bei wenigen j\u00fcngeren Menschen vorhanden.\u201c<\/p>\n<p>Abschlie\u00dfend dankte Klaus Gr\u00e4bener dem Vorsitzenden des Siegerl\u00e4nder Burgenvereins, Paul Breuer, f\u00fcr dessen Gastfreundschaft. Die Teilnehmer des Wirtschaftsgespr\u00e4ches wurden vom ehemaligen Landrat im Anschluss in die spannende Geschichte der Wasserburg Hainchen eingef\u00fchrt und erfuhren interessante Details zur derzeitigen Sanierung des Bauwerks. Ziel sei, die Burg zu neuem Leben zu erwecken und dabei zu einer Plattform f\u00fcr unterschiedliche heimatbezogene Aktivit\u00e4ten zu gestalten. \u201eDamit wird man der historischen Bedeutung der Wasserburg am ehesten gerecht\u201c, betonte Paul Breuer.<\/p>\n","protected":false},"excerpt":{"rendered":"<p>In der Entwicklung der Gesamtbesch\u00e4ftigung liegt Netphen an der Spitze aller Kommunen im Bezirk der IHK Siegen. \u201eRund 7300 Menschen stehen hier in Lohn und&#8230;<\/p>\n","protected":false},"author":6,"featured_media":11143,"comment_status":"open","ping_status":"open","sticky":false,"template":"","format":"standard","meta":{"_jetpack_newsletter_access":"","_jetpack_dont_email_post_to_subs":false,"_jetpack_newsletter_tier_id":0,"_jetpack_memberships_contains_paywalled_content":false,"_jetpack_feature_clip_id":0,"_jetpack_memberships_contains_paid_content":false,"footnotes":"","jetpack_post_was_ever_published":false},"categories":[11],"tags":[],"class_list":["post-11142","post","type-post","status-publish","format-standard","has-post-thumbnail","hentry","category-regionale-wirtschaft"],"jetpack_sharing_enabled":true,"jetpack_featured_media_url":"https:\/\/www.vdsm.net\/wronline\/wp-content\/uploads\/2018\/10\/089-18-Wirtschaftsgespr\u00e4ch-WEB.jpg","_links":{"self":[{"href":"https:\/\/www.vdsm.net\/wronline\/wp-json\/wp\/v2\/posts\/11142","targetHints":{"allow":["GET"]}}],"collection":[{"href":"https:\/\/www.vdsm.net\/wronline\/wp-json\/wp\/v2\/posts"}],"about":[{"href":"https:\/\/www.vdsm.net\/wronline\/wp-json\/wp\/v2\/types\/post"}],"author":[{"embeddable":true,"href":"https:\/\/www.vdsm.net\/wronline\/wp-json\/wp\/v2\/users\/6"}],"replies":[{"embeddable":true,"href":"https:\/\/www.vdsm.net\/wronline\/wp-json\/wp\/v2\/comments?post=11142"}],"version-history":[{"count":2,"href":"https:\/\/www.vdsm.net\/wronline\/wp-json\/wp\/v2\/posts\/11142\/revisions"}],"predecessor-version":[{"id":11145,"href":"https:\/\/www.vdsm.net\/wronline\/wp-json\/wp\/v2\/posts\/11142\/revisions\/11145"}],"wp:featuredmedia":[{"embeddable":true,"href":"https:\/\/www.vdsm.net\/wronline\/wp-json\/wp\/v2\/media\/11143"}],"wp:attachment":[{"href":"https:\/\/www.vdsm.net\/wronline\/wp-json\/wp\/v2\/media?parent=11142"}],"wp:term":[{"taxonomy":"category","embeddable":true,"href":"https:\/\/www.vdsm.net\/wronline\/wp-json\/wp\/v2\/categories?post=11142"},{"taxonomy":"post_tag","embeddable":true,"href":"https:\/\/www.vdsm.net\/wronline\/wp-json\/wp\/v2\/tags?post=11142"}],"curies":[{"name":"wp","href":"https:\/\/api.w.org\/{rel}","templated":true}]}}