{"id":10962,"date":"2018-09-25T08:22:07","date_gmt":"2018-09-25T06:22:07","guid":{"rendered":"https:\/\/www.vdsm.net\/wronline\/?p=10962"},"modified":"2018-09-25T09:26:32","modified_gmt":"2018-09-25T07:26:32","slug":"cda-arbeitnehmerpreis-fuer-karl-hess","status":"publish","type":"post","link":"https:\/\/www.vdsm.net\/wronline\/cda-arbeitnehmerpreis-fuer-karl-hess\/","title":{"rendered":"CDA-Arbeitnehmerpreis f\u00fcr Karl Hess"},"content":{"rendered":"<p>\u201eModernit\u00e4t und Menschlichkeit sind kein Widerspruch, sondern das Erfolgskonzept des Unternehmens,\u201c so die lobenden Worte des NRW-Landtagspr\u00e4sidenten Andr\u00e9 Kuper, der als Laudator von D\u00fcsseldorf nach Burbach gekommen war, um die Firma Karl Hess auszuzeichnen. Die Firma, Modul- und Systemlieferant f\u00fcr die Automobilindustrie, trage bewusst Verantwortung f\u00fcr Mensch und Umwelt, stehe f\u00fcr soziale Verantwortung und gesell<span class=\"text_exposed_show\">schaftliches Engagement. \u201eSie hat einen Bezug zur Region, eine soziale wie emotionale Bindung vor Ort und sorgt f\u00fcr Lebensqualit\u00e4t in der Region.\u201c<\/span><\/p>\n<p><span class=\"text_exposed_show\">\u201eGro\u00dfer Bahnhof\u201c also f\u00fcr einen Preistr\u00e4ger, eine erfolgreiche Firma, die 1950 gegr\u00fcndet worden ist. Darauf ging CDU-Kreisvorsitzender Volkmar Klein MdB ein: \u201eKarl Hess hat sich genauso f\u00fcr sein Dorf engagiert, seine Gemeinde mit Pragmatismus und Optimismus nach vorne gebracht. Davon k\u00f6nnten wir heute viel mehr gebrauchen.\u201c\u00a0<\/span><\/p>\n<p><span class=\"text_exposed_show\">Vize-Landr\u00e4tin Jutta Capito \u00fcberbrachte nicht nur die Gr\u00fc\u00dfe des Kreises, sondern lieferte auch erste Zahlen, warum die Firma Hess so auszeichnungsw\u00fcrdig sei. Das international verflochtene Unternehmen k\u00fcmmere sich um 25 Azubis, besch\u00e4ftige 27 Mitarbeiterinnen und Mitarbeiter mit Behinderungen, biete gemeinsam mit FOM ein duales Studium an und sorge tats\u00e4chlich f\u00fcr die Vereinbarkeit von Beruf und Familie. \u201eEs ist f\u00fcr soziale Verantwortung bekannt und anerkannt.\u201c<\/span><\/p>\n<p><span class=\"text_exposed_show\">CDA-Vorsitzender Hartmut Steuber hatte zur Preisverleihung eine gro\u00dfe G\u00e4steschar im Burbacher B\u00fcrgerhaus begr\u00fc\u00dfen k\u00f6nnen, darunter auch die beiden Landtagsabgeordneten Anke Fuchs-Dreisbach und Jens Kamieth. \u201eEs ist das 13mal, dass wir die Auszeichnung \u00fcberreichen k\u00f6nnen, eine gute Tradition!\u201c Wof\u00fcr der Chef des Arbeitnehmerfl\u00fcgels der CDU in Siegen-Wittgenstein vielfach gelobt wurde.<\/span><\/p>\n<p><span class=\"text_exposed_show\">Zu den Gratulanten geh\u00f6rte ebenfalls der CDA-Bezirksvorsitzende Bernd N\u00fcckel: \u201eHier wird soziale Marktwirtschaft tats\u00e4chlich gelebt.\u201c Es sei ein gutes Beispiel in S\u00fcdwestfalen daf\u00fcr, wie sich ein Unternehmen nicht nur betriebswirtschaftlicher Erfolge, sondern auch der Belegschaft und der Region verpflichtet f\u00fchle.<\/span><\/p>\n<p><span class=\"text_exposed_show\">Richtig erfreut zeigte sich B\u00fcrgermeister Christoph Ewers \u00fcber das Preistr\u00e4ger-Unternehmen in seiner Gemeinde. \u201eHier sp\u00fcrt man, wie stolz die Mitarbeiterschaft auf ihre Firma ist, auf die gelebte Unternehmenskultur und das soziale Engagement.\u201c Es sei nach Hering-Bau (2008) bereits der zweite Gewinner dieser Auszeichnung in Burbach.<\/span><\/p>\n<p><span class=\"text_exposed_show\">Die Gesch\u00e4ftsf\u00fchrer Karsten Kl\u00e4s und Oliver He\u00df durften sich anschlie\u00dfend zahlreicher Gl\u00fcckw\u00fcnsche erfreuen. Viel Beifall auch f\u00fcr Katharina Cendecki, die am Fl\u00fcgel f\u00fcr einen festlichen musikalischen Rahmen sorgte.<\/span><\/p>\n","protected":false},"excerpt":{"rendered":"<p>\u201eModernit\u00e4t und Menschlichkeit sind kein Widerspruch, sondern das Erfolgskonzept des Unternehmens,\u201c so die lobenden Worte des NRW-Landtagspr\u00e4sidenten Andr\u00e9 Kuper, der als Laudator von D\u00fcsseldorf nach&#8230;<\/p>\n","protected":false},"author":2,"featured_media":10970,"comment_status":"open","ping_status":"open","sticky":false,"template":"","format":"standard","meta":{"_jetpack_memberships_contains_paid_content":false,"footnotes":""},"categories":[32,30,10],"tags":[],"class_list":["post-10962","post","type-post","status-publish","format-standard","has-post-thumbnail","hentry","category-infos","category-vermischtes","category-unternehmen"],"jetpack_featured_media_url":"https:\/\/www.vdsm.net\/wronline\/wp-content\/uploads\/2018\/09\/2.jpg","jetpack_sharing_enabled":true,"_links":{"self":[{"href":"https:\/\/www.vdsm.net\/wronline\/wp-json\/wp\/v2\/posts\/10962","targetHints":{"allow":["GET"]}}],"collection":[{"href":"https:\/\/www.vdsm.net\/wronline\/wp-json\/wp\/v2\/posts"}],"about":[{"href":"https:\/\/www.vdsm.net\/wronline\/wp-json\/wp\/v2\/types\/post"}],"author":[{"embeddable":true,"href":"https:\/\/www.vdsm.net\/wronline\/wp-json\/wp\/v2\/users\/2"}],"replies":[{"embeddable":true,"href":"https:\/\/www.vdsm.net\/wronline\/wp-json\/wp\/v2\/comments?post=10962"}],"version-history":[{"count":5,"href":"https:\/\/www.vdsm.net\/wronline\/wp-json\/wp\/v2\/posts\/10962\/revisions"}],"predecessor-version":[{"id":10969,"href":"https:\/\/www.vdsm.net\/wronline\/wp-json\/wp\/v2\/posts\/10962\/revisions\/10969"}],"wp:featuredmedia":[{"embeddable":true,"href":"https:\/\/www.vdsm.net\/wronline\/wp-json\/wp\/v2\/media\/10970"}],"wp:attachment":[{"href":"https:\/\/www.vdsm.net\/wronline\/wp-json\/wp\/v2\/media?parent=10962"}],"wp:term":[{"taxonomy":"category","embeddable":true,"href":"https:\/\/www.vdsm.net\/wronline\/wp-json\/wp\/v2\/categories?post=10962"},{"taxonomy":"post_tag","embeddable":true,"href":"https:\/\/www.vdsm.net\/wronline\/wp-json\/wp\/v2\/tags?post=10962"}],"curies":[{"name":"wp","href":"https:\/\/api.w.org\/{rel}","templated":true}]}}