{"id":10959,"date":"2018-09-24T11:13:04","date_gmt":"2018-09-24T09:13:04","guid":{"rendered":"https:\/\/www.vdsm.net\/wronline\/?p=10959"},"modified":"2018-09-25T08:27:39","modified_gmt":"2018-09-25T06:27:39","slug":"auszeichnungen-fuer-suedwestfaelische-unternehmen","status":"publish","type":"post","link":"https:\/\/www.vdsm.net\/wronline\/auszeichnungen-fuer-suedwestfaelische-unternehmen\/","title":{"rendered":"Auszeichnungen f\u00fcr s\u00fcdwestf\u00e4lische Unternehmen"},"content":{"rendered":"<p>\u00dcber 300 geladene G\u00e4ste haben am Abend des 20. September die Preisverleihung \u201eUnternehmerpreis S\u00fcdwestfalen\u201c im Goldsaal der Schauburg in Iserlohn verfolgt. Bei der Preisverleihung, die unter der Schirmherrschaft von Dr. Matthias Heider MdB steht, wurden in den vier Kategorien \u201eUnternehmer\u201c, \u201eGr\u00fcnder\u201c, \u201eProjekt\u201c, und \u201eArbeitgebermarke\u201c Auszeichnungen verliehen.<\/p>\n<p>In der Kategorie \u201eProjekt\u201c ist in diesem Jahr die L\u00fcdenscheider Initiative VISIONEN 2020 ausgezeichnet worden. \u201eDas Projekt, bei dem sich 70 L\u00fcdenscheider Vision\u00e4re zusammengeschlossen haben, ist einmalig in der Region S\u00fcdwestfalen\u201c, wertsch\u00e4tzte Laudator Dieter Dzewas, B\u00fcrgermeister der Stadt L\u00fcdenscheid, das Engagement der Beteiligten Personen. Bei den VISION\u00c4REN 2020 haben sich rund 70 Kreative, Gewerbetreibende und Bewohner aus L\u00fcdenscheid zusammengeschlossen, um 70 Visionen f\u00fcr ein lebenswerteres L\u00fcdenscheid umzusetzen. Willi Denecke und Matthias Czech sind die K\u00f6pfe dieser Bewegung. \u201eWir leben in Zeiten von Haushaltssicherungen und k\u00e4mpfen gegen das Aussterben von Gastronomie und Einzelhandel in kleinen und mittelgro\u00dfen St\u00e4dten. Die Kommunen stehen dabei im Wettbewerb untereinander und das Internet macht vielen das Leben schwer. Nur die Eigeninitiative kann der Schl\u00fcssel zu einer lebenswerten und frequentierten Stadt sein\u201c, erkl\u00e4rt Matthias Czech die Hintergr\u00fcnde der Initiative.<\/p>\n<p>Der Preistr\u00e4ger in der Kategorie \u201eProjekt\u201c wird von der Redaktion des regionalen Unternehmermagazins \u201eUnternehmertum S\u00fcdwestfalen\u201c ermittelt. In dieser Kategorie wird ein besonderes unternehmerisches Projekt bzw. eine Ma\u00dfnahme ausgezeichnet, die es dem Unternehmen oder einem Standort erm\u00f6glicht, sich weiterhin erfolgreich und zukunftsorientiert am Markt zu behaupten.<\/p>\n<p>Zum zweiten Mal wurde der Sonderpreis der S\u00fcdwestfalen Agentur in der Kategorie \u201eArbeitgebermarke\u201c. Der Preistr\u00e4ger in dieser Kategorie wurde von der S\u00fcdwestfalen Agentur ausgew\u00e4hlt. In diesem Jahr hat sich die Jury der S\u00fcdwestfalen Agentur dazu entschieden, das Unternehmen \u201e<a href=\"https:\/\/www.georg.com\/germany\/de\/heinrich-georg-gmbh-maschinenfabrik-deutschland\/\" target=\"_blank\" rel=\"noopener\">Heinrich Georg Maschinenfabrik<\/a>\u201c f\u00fcr erfolgreiches Arbeitgebermarketing auszuzeichnen. \u201eDas Arbeitgebermarketing von Heinrich Georg stehe stellvertretend f\u00fcr viele positive Beispiele in der Region. Mit dieser Auszeichnung m\u00f6chten wir zum einen die Leistungen der Heinrich Georg GmbH f\u00fcr ein erfolgreiches Arbeitgebermarketing auszeichnen. Zum anderen m\u00f6chten wir mit diesem Preis die \u00d6ffentlichkeit und die Wirtschaft in S\u00fcdwestfalen f\u00fcr dieses Thema begeistern und sensibilisieren\u201c, sagte Laudator Christopher Schwermer, zust\u00e4ndig f\u00fcr das Regionalmarketing bei der S\u00fcdwestfalen Agentur. \u201eWir von der S\u00fcdwestfalen Agentur k\u00f6nnen der Wirtschaft gute Rahmenbedingungen geben, indem wir die Bekanntheit und Attraktivit\u00e4t der Region sichtbar machen. Nat\u00fcrlich tr\u00e4gt aber jedes Unternehmen auch eine gewisse Verantwortung, sich als attraktiver Arbeitgeber zu positionieren. Insoweit ist es sehr wichtig, hierf\u00fcr ein Bewusstsein zu schaffen\u201c, f\u00fchrte Schwermer in seiner Laudation weiter aus.<\/p>\n<p>Das Team der <a href=\"https:\/\/www.hambl-group.com\/\" target=\"_blank\" rel=\"noopener\">HAMBL Group<\/a> aus Olpe \u2013 Sascha Burghaus, Bj\u00f6rn M\u00fcsse, Antonino Alfano und Steffen Heimel \u2013 konnten sich in der Kategorie \u201eGr\u00fcnder\u201c gegen die Mit-Nominierten Beneditk Ley und Lin Wan (Virtual Retail, Siegen), Matthias L\u00f6ffler (Emansio, Wickede) und Johannes Wagner (Smarte Demonstrationsfabrik Siegen) durchsetzen. Laudator Dr. Alexander Hoffmann, der vor sieben Jahren zusammen mit Christian Friedrich die Statmath GmbH gegr\u00fcndet hatte, begann seine Rede mit flammenden Worten: \u201eIch wei\u00df, wie schwierig es ist, ein Unternehmen zu gr\u00fcnden und sich aus der Komfortzone herauszubewegen. In Zeiten eines Arbeitnehmermarktes ist dies umso bemerkenswerter. Insofern sind alle heute nominierten Gr\u00fcnder bereits jetzt Vorbilder, da sie nicht den sicheren Weg gehen, sondern sich f\u00fcr die Gr\u00fcndung eines eigenen Unternehmens entschieden haben. Allein das verdient Anerkennung und Respekt\u201c. Mit diesen warmherzigen Worten und begleitet von tosendem Applaus der G\u00e4ste, leitete er gekonnt zu den Preistr\u00e4gern \u00fcber, die er f\u00fcr ihre ausgefeilte Gesch\u00e4ftsidee mit Vorbildfunktion lobte.<\/p>\n<p>Als Hauptpreis gewinnten die Gr\u00fcnder der HAMBL Group ein erstklassiges Mentoren-Programm. \u00dcber zw\u00f6lf Monate begleiten sechs Mentoren die beiden Gr\u00fcnder, um ihnen bei Themen wie Marketing, Vertrieb, Steuern, Personal und allen weiteren unternehmerischen Themen zu helfen.<\/p>\n<p>In der Kategorie \u201eUnternehmer\u201c, der \u201eK\u00f6nigsdisziplin\u201c beim Unternehmerpreis platzierte sich Peter Dornseifer von der <a href=\"https:\/\/www.dornseifer.de\/unternehmen.html\" target=\"_blank\" rel=\"noopener\">Friedhelm Dornseifer Unternehmensgruppe<\/a> aus Wenden vor Dr. Sven Hering und Thorsten Hering (Metoba, L\u00fcdenscheid) und Florian Leipold und Sebastian Leipold (<a href=\"https:\/\/hees.de\/\" target=\"_blank\" rel=\"noopener\">HEES B\u00fcrowelt, Siegen<\/a>). Laudator Ralf Stoffels, Pr\u00e4sident der SIHK zu Hagen und gesch\u00e4ftsf\u00fchrender Gesellschafter von BIW Isolierstoffe, lobte die konstant positive Entwicklung des Unternehmens in einem schwierigen Marktumfeld und auch das ehrenamtliche Engagement von Unternehmer Peter Dornseifer.<\/p>\n<p>F\u00fcr eine gelungene Abwechslung im Programm sorgten Musiker Christian H\u00f6per und Poetry Slammer Marian Heuser sowie eine Talkrunde mit dem Olper Unternehmer Frank Hoberg von der Open X-Change AG. Im Interview mit 1LIVE-Moderator Ron K\u00fchler, der durch den gesamten Abend f\u00fchrte, sprach Hoberg offen \u00fcber seine Erfolge und Misserfolge als Unternehmer und lieferte damit wichtige Impulse f\u00fcr Unternehmer und Gr\u00fcnder. \u201eOpen X-Change war meine vierte Gr\u00fcndung. Die drei Unternehmen davor habe ich gegen die Wand gefahren. Dass wir jetzt mit dem Unternehmen so erfolgreich sind, habe ich sicherlich auch den negativen Erfahrungen zu verdanken. Wichtig ist, immer wieder aufzustehen und aus den Fehlern zu lernen\u201c, sagte Hoberg.<\/p>\n<p>Der Unternehmerpreis S\u00fcdwestfalen wird einmal j\u00e4hrlich in vier Kategorien verliehen. \u201eDamit m\u00f6chten wir den Menschen eine Wertsch\u00e4tzung geben, die das Salz in der Suppe unserer Gesellschaft sind\u201c, sagte Initiator Torben K. Feil in seiner Begr\u00fc\u00dfungsrede. \u201eWir zeichnen diese Menschen aus f\u00fcr Ihren Mut, f\u00fcr erfolgreiches Unternehmertum, f\u00fcr den besonderen Einsatz f\u00fcr die Mitarbeiter, f\u00fcr ihr soziales Engagement und das Engagement f\u00fcr die Region S\u00fcdwestfalen\u201c.<\/p>\n","protected":false},"excerpt":{"rendered":"<p>\u00dcber 300 geladene G\u00e4ste haben am Abend des 20. September die Preisverleihung \u201eUnternehmerpreis S\u00fcdwestfalen\u201c im Goldsaal der Schauburg in Iserlohn verfolgt. Bei der Preisverleihung, die&#8230;<\/p>\n","protected":false},"author":2,"featured_media":10960,"comment_status":"open","ping_status":"open","sticky":false,"template":"","format":"standard","meta":{"_jetpack_memberships_contains_paid_content":false,"footnotes":""},"categories":[1,11],"tags":[],"class_list":["post-10959","post","type-post","status-publish","format-standard","has-post-thumbnail","hentry","category-aktuell","category-regionale-wirtschaft"],"jetpack_featured_media_url":"https:\/\/www.vdsm.net\/wronline\/wp-content\/uploads\/2018\/09\/Unternehmerpreis_1.jpg","jetpack_sharing_enabled":true,"_links":{"self":[{"href":"https:\/\/www.vdsm.net\/wronline\/wp-json\/wp\/v2\/posts\/10959","targetHints":{"allow":["GET"]}}],"collection":[{"href":"https:\/\/www.vdsm.net\/wronline\/wp-json\/wp\/v2\/posts"}],"about":[{"href":"https:\/\/www.vdsm.net\/wronline\/wp-json\/wp\/v2\/types\/post"}],"author":[{"embeddable":true,"href":"https:\/\/www.vdsm.net\/wronline\/wp-json\/wp\/v2\/users\/2"}],"replies":[{"embeddable":true,"href":"https:\/\/www.vdsm.net\/wronline\/wp-json\/wp\/v2\/comments?post=10959"}],"version-history":[{"count":1,"href":"https:\/\/www.vdsm.net\/wronline\/wp-json\/wp\/v2\/posts\/10959\/revisions"}],"predecessor-version":[{"id":10961,"href":"https:\/\/www.vdsm.net\/wronline\/wp-json\/wp\/v2\/posts\/10959\/revisions\/10961"}],"wp:featuredmedia":[{"embeddable":true,"href":"https:\/\/www.vdsm.net\/wronline\/wp-json\/wp\/v2\/media\/10960"}],"wp:attachment":[{"href":"https:\/\/www.vdsm.net\/wronline\/wp-json\/wp\/v2\/media?parent=10959"}],"wp:term":[{"taxonomy":"category","embeddable":true,"href":"https:\/\/www.vdsm.net\/wronline\/wp-json\/wp\/v2\/categories?post=10959"},{"taxonomy":"post_tag","embeddable":true,"href":"https:\/\/www.vdsm.net\/wronline\/wp-json\/wp\/v2\/tags?post=10959"}],"curies":[{"name":"wp","href":"https:\/\/api.w.org\/{rel}","templated":true}]}}