{"id":10933,"date":"2018-09-21T12:23:53","date_gmt":"2018-09-21T10:23:53","guid":{"rendered":"https:\/\/www.vdsm.net\/wronline\/?p=10933"},"modified":"2018-09-21T12:23:53","modified_gmt":"2018-09-21T10:23:53","slug":"arbeitgeber-caf-fuer-frauen-mit-guter-resonanz","status":"publish","type":"post","link":"https:\/\/www.vdsm.net\/wronline\/arbeitgeber-caf-fuer-frauen-mit-guter-resonanz\/","title":{"rendered":"Arbeitgeber-Caf\u00e9 f\u00fcr Frauen mit guter Resonanz"},"content":{"rendered":"<p>Im Rahmen der Aktionswochen \u201eEinstellungssache \u2013 Jobs f\u00fcr Eltern\u201c und \u201eMenschen in Arbeit \u2013 Fachkr\u00e4fte f\u00fcr die Region\u201c nahmen \u00fcber 60 Frauen aus der Region in den R\u00e4umlichkeiten des Kulturhauses L\u00ffz an dem zweiten Arbeitgeber-Caf\u00e9 teil. \u201eViele Frauen sind gut qualifiziert, haben aber aufgrund famili\u00e4rer Verpflichtungen zeitweise ihr Berufsleben unterbrochen. Diese Gruppe hat f\u00fcr die regionalen Unternehmen viel zu bieten. Neben der hohen Motivation bringen die Bewerberinnen viele weitere Kompetenzen mit, die bei den potentiellen Arbeitgebern sehr gefragt sind. Aus diesem Grund stehen die Frauen bei der heutigen Veranstaltung im Fokus\u201c, erkl\u00e4rt Birgit Riemer-Schnabel, Beauftragte f\u00fcr Chancengleichheit auf dem Arbeitsmarkt der Agentur f\u00fcr Arbeit Siegen.<\/p>\n<p>Neun Arbeitgeber hatten in Kurzgespr\u00e4chen die M\u00f6glichkeit die Bewerberinnen kennenzulernen und sich ein Bild zur Einsetzbarkeit der Bewerberinnen im eigenen Unternehmen zu machen. Sarah Georg, Beauftragte f\u00fcr Chancengleichheit am Arbeitsmarkt des Jobcenters Kreis Siegen-Wittgenstein ist sich sicher, dass viele der Bewerberinnen bald in einem neuen Besch\u00e4ftigungsverh\u00e4ltnis stehen. \u201eOft kommt es bei dem klassischen Bewerbungsverfahren nicht zu pers\u00f6nlichen Gespr\u00e4chen, da bereits einige Bewerbungen an formellen H\u00fcrden scheitern. Im Rahmen des Arbeitgeber-Caf\u00e9s existieren diese H\u00fcrden nicht und es k\u00f6nnen direkt Vorstellungsgespr\u00e4che gef\u00fchrt werden.\u00a0 Wir haben heute \u00fcber 35 offene Stellen f\u00fcr Fachkr\u00e4fte und f\u00fcr Helferinnen und die Bewerberinnen sitzen den Arbeitgebern direkt gegen\u00fcber. Die rege Teilnahme und die Anzahl der offenen Stellen zeigt uns deutlich, wie wichtig den Unternehmen die Erwerbsbeteiligung von Frauen ist\u201c, erg\u00e4nzt Georg.<\/p>\n<p>Insgesamt sind die lockere Atmosph\u00e4re und die ungezwungenen Gespr\u00e4che auf beiden Seiten sehr gut angekommen. Das Arbeitgeber-Caf\u00e9 ist ein Format, das der Kreis Siegen-Wittgenstein, die Agentur f\u00fcr Arbeit Siegen und das Jobcenter Kreis Siegen-Wittgenstein ins Leben gerufen haben und gemeinsam durchf\u00fchren.<\/p>\n<p>\u201eHier liegen zwei Chancen, zum einen die Integration von Menschen in Besch\u00e4ftigung und zum anderen die Fachkr\u00e4ftesicherung der regionalen Unternehmen\u201c, so Petra Kipping vom Kreis Siegen-Wittgenstein. Auch k\u00fcnftig sollen weitere Arbeitgeber-Caf\u00e9s f\u00fcr insbesondere Langzeitarbeitslose Menschen, aber auch f\u00fcr weitere Zielgruppen angeboten werden.<\/p>\n<p>Arbeitgeber, die ebenfalls die Vorteile des Caf\u00e9s nutzen wollen, k\u00f6nnen sich an die folgenden drei Kooperationspartner wenden:<\/p>\n<p><strong><u>Kontaktdaten <\/u><\/strong><\/p>\n<p>Arbeitgeber-Service Agentur f\u00fcr Arbeit Siegen<br \/>\nTel: \u00a0\u00a0\u00a0\u00a0\u00a0\u00a0 0800 4 5555 20<br \/>\nE-Mail: <a href=\"mailto:Siegen.Arbeitgeber@arbeitsagentur.de\">Siegen.Arbeitgeber@arbeitsagentur.de<\/a><\/p>\n<p>Wirtschaftsf\u00f6rderung des Kreises Siegen- Wittgenstein<br \/>\nTel:\u00a0\u00a0\u00a0\u00a0\u00a0\u00a0\u00a0 0271 333 1160<br \/>\nE-Mail:\u00a0 <a href=\"mailto:p.kipping@siegen-wittgenstein.de\">p.kipping@siegen-wittgenstein.de<\/a><\/p>\n<p>Arbeitgeber- Betreuung des Jobcenters Kreis Siegen- Wittgenstein<br \/>\nTel:\u00a0\u00a0\u00a0\u00a0\u00a0\u00a0\u00a0 0271 38469 101<br \/>\nE-Mail: <a href=\"mailto:jobcenter-siegen.stellenservice@jobcenter-ge.de\">jobcenter-siegen.stellenservice@jobcenter-ge.de<\/a><\/p>\n","protected":false},"excerpt":{"rendered":"<p>Im Rahmen der Aktionswochen \u201eEinstellungssache \u2013 Jobs f\u00fcr Eltern\u201c und \u201eMenschen in Arbeit \u2013 Fachkr\u00e4fte f\u00fcr die Region\u201c nahmen \u00fcber 60 Frauen aus der Region&#8230;<\/p>\n","protected":false},"author":2,"featured_media":10934,"comment_status":"open","ping_status":"open","sticky":false,"template":"","format":"standard","meta":{"_jetpack_memberships_contains_paid_content":false,"footnotes":""},"categories":[16,32,30],"tags":[],"class_list":["post-10933","post","type-post","status-publish","format-standard","has-post-thumbnail","hentry","category-arbeitsmarkt","category-infos","category-vermischtes"],"jetpack_featured_media_url":"https:\/\/www.vdsm.net\/wronline\/wp-content\/uploads\/2018\/09\/Presseinfo_75_2018_Arbeitge.jpg","jetpack_sharing_enabled":true,"_links":{"self":[{"href":"https:\/\/www.vdsm.net\/wronline\/wp-json\/wp\/v2\/posts\/10933","targetHints":{"allow":["GET"]}}],"collection":[{"href":"https:\/\/www.vdsm.net\/wronline\/wp-json\/wp\/v2\/posts"}],"about":[{"href":"https:\/\/www.vdsm.net\/wronline\/wp-json\/wp\/v2\/types\/post"}],"author":[{"embeddable":true,"href":"https:\/\/www.vdsm.net\/wronline\/wp-json\/wp\/v2\/users\/2"}],"replies":[{"embeddable":true,"href":"https:\/\/www.vdsm.net\/wronline\/wp-json\/wp\/v2\/comments?post=10933"}],"version-history":[{"count":1,"href":"https:\/\/www.vdsm.net\/wronline\/wp-json\/wp\/v2\/posts\/10933\/revisions"}],"predecessor-version":[{"id":10935,"href":"https:\/\/www.vdsm.net\/wronline\/wp-json\/wp\/v2\/posts\/10933\/revisions\/10935"}],"wp:featuredmedia":[{"embeddable":true,"href":"https:\/\/www.vdsm.net\/wronline\/wp-json\/wp\/v2\/media\/10934"}],"wp:attachment":[{"href":"https:\/\/www.vdsm.net\/wronline\/wp-json\/wp\/v2\/media?parent=10933"}],"wp:term":[{"taxonomy":"category","embeddable":true,"href":"https:\/\/www.vdsm.net\/wronline\/wp-json\/wp\/v2\/categories?post=10933"},{"taxonomy":"post_tag","embeddable":true,"href":"https:\/\/www.vdsm.net\/wronline\/wp-json\/wp\/v2\/tags?post=10933"}],"curies":[{"name":"wp","href":"https:\/\/api.w.org\/{rel}","templated":true}]}}