{"id":10894,"date":"2018-09-20T10:14:06","date_gmt":"2018-09-20T08:14:06","guid":{"rendered":"https:\/\/www.vdsm.net\/wronline\/?p=10894"},"modified":"2018-09-20T10:14:06","modified_gmt":"2018-09-20T08:14:06","slug":"digitalisierung-mit-menschen-umsetzen","status":"publish","type":"post","link":"https:\/\/www.vdsm.net\/wronline\/digitalisierung-mit-menschen-umsetzen\/","title":{"rendered":"\u201eDigitalisierung mit Menschen umsetzen\u201c"},"content":{"rendered":"<p>\u201eIch wei\u00df es doch auch nicht\u201c: Es war ein bemerkenswertes Bekenntnis, mit dem Jun.-Prof. Dr. Thomas Ludwig, stellvertretender Leiter des Mittelstand 4.0 Kompetenzzentrums seinen Vortrag zur Digitalisierung beim Wittgensteiner Unternehmergespr\u00e4ch der Industrie- und Handelskammer Siegen (IHK) einleitete. Was genau auf die heimischen Unternehmen zukomme und was Digitalisierung f\u00fcr sie bedeute, k\u00f6nne er beim besten Willen nicht prognostizieren. Vielmehr m\u00fcsse in jedem Einzelfall die Ausgangssituation betrachtet werden, um Potenziale absch\u00e4tzen zu k\u00f6nnen. Der Juniorprofessor f\u00fcr Cyber-Physische Systeme der Universit\u00e4t Siegen stellte bei der von IHK-Vizepr\u00e4sident Christian F. Kocherscheidt geleiteten Veranstaltung im Romantik Landhotel Doerr in Feudingen die Arbeit des Kompetenzzentrums vor. Schon in den ersten Monaten seines Bestehens hat das Zentrum Kontakte zu mehr als 300 Unternehmen \u201evon der Apotheke bis zum industriellen Gro\u00dfunternehmen\u201c aufgebaut. Es erh\u00e4lt zunehmend Anfragen aus ganz S\u00fcdwestfalen. \u201eDie Dynamik der technologischen Entwicklung macht Vorhersagen schwierig. Das vor elf Jahren vorgestellte erste iPhone hat au\u00dfer seinen Entwicklern auch niemand vorhersehen k\u00f6nnen. Aber: Wir k\u00f6nnen uns vorbereiten!\u201c<\/p>\n<p>Mit einigen Projektbeispielen verdeutlichte Jun.-Prof. Dr. Thomas Ludwig, wie moderne Technologien um den Menschen herum entstehen k\u00f6nnen und wie das Kompetenzzentrum Unternehmen hierbei unterst\u00fctzt. Digitale Anwendungen k\u00f6nnen beispielsweise dazu beitragen, dass die Produktionsmitarbeiter nicht nur St\u00fcckzahlen, sondern auch Qualit\u00e4tsmerkmale im Blick behalten. Durch den Einbau spielerischer Elemente \u2013 \u201ees zockt Schicht gegen Schicht im Wettbewerb\u201c \u2013 macht dies dann sogar Spa\u00df. Ein anderes Beispiel zeigte, wie Erfahrungswissen u. a. mit Hilfe von Augmented Reality-Brillen von erfahrenen an j\u00fcngere Mitarbeiter weitergegeben werden kann. Im betroffenen Unternehmen musste dies m\u00f6glichst schnell passieren, es war erheblich gewachsen und die neuen Mitarbeiter beherrschten die Umr\u00fcstprozesse an den Maschinen noch nicht in G\u00e4nze. Auch das Marketing kann durch digitale Medien erheblich verbessert werden, seien es virtuelle Darstellungen technischer Funktionen oder aber v\u00f6llig neue Angebotsmodelle. Das Kompetenzzentrum erschlie\u00dft solche Potenziale gemeinsam mit den Unternehmen und entwickelt die Anwendungen von der Idee bis hin zum Prototypen. F\u00fcr die Unternehmen entstehen dadurch zun\u00e4chst keine Kosten. Abschlie\u00dfend rechnete der stellvertretende Leiter des Kompetenzzentrums mit dem pauschalen Vorurteil ab, die Digitalisierung vernichte Arbeitspl\u00e4tze: \u201eSeit zw\u00f6lf Jahren sinkt in Deutschland trotz oder vielleicht sogar wegen der fortschreitenden Digitalisierung die Arbeitslosenquote!\u201c<\/p>\n<p>Weiteres Thema des Wirtschaftsgespr\u00e4ches: die konjunkturelle Lage. Sie wird von den meisten Unternehmen weiterhin positiv eingesch\u00e4tzt. \u201eInsgesamt stehen die Ampeln noch auf Gr\u00fcn\u201c, beschrieb Jan Roland Osterrath (Osterrath GmbH &amp; Co. KG) die derzeitige Situation. Die Nachfrage und das Investitionsklima bef\u00e4nden sich noch auf hohem Niveau. Gleichwohl ziehen in einigen Branchen dunkle Wolken auf. F\u00fcr die exportstarke Wittgensteiner Industrie stellt sich die internationale Lage \u2013 Stichworte Brexit, T\u00fcrkei, Russland, USA \u2013 zunehmend unsicher dar. Auch die steigenden Kosten f\u00fcr Vorprodukte und Grundstoffe dr\u00fccken auf die Margen. \u201eDer starke R\u00fcckenwind der letzten Jahre l\u00e4sst nach. Vor allem im Automobilbereich nehmen die Auftragseing\u00e4nge ab, w\u00e4hrend in der Bausparte Auftr\u00e4ge kaum noch angenommen werden k\u00f6nnen, weil den Kunden die Fachkr\u00e4fte fehlen\u201c, berichtete Christian F. Kocherscheidt, Gesch\u00e4ftsf\u00fchrer der EJOT Holding GmbH &amp; Co. KG. Eine Einsch\u00e4tzung, die auch Dirk P\u00f6ppel, Einzelprokurist der BSW Berleburger Schaumstoffwerk GmbH, teilte: \u201eDas Personal ist l\u00e4ngst der Flaschenhals der unternehmerischen Entwicklung.\u201c<\/p>\n<p>Einer der m\u00f6glichen Magneten f\u00fcr Fachkr\u00e4fte sind Gesch\u00e4fte vor Ort, die ma\u00dfgeblich die Lebensqualit\u00e4t und Attraktivit\u00e4t in den Ortszentren mitbestimmen. Wenngleich nicht in allen drei Wittgensteiner Kommunen 100 Prozent der \u00f6rtlich vorhandenen Kaufkraft auch vor Ort ausgegeben werden, sind die Werte weder au\u00dfergew\u00f6hnlich noch besonders schlecht. Bereits eingef\u00fchrte Bonuskarten und Gutscheine helfen, die Kaufkraft in der Region zu halten. \u201eEntscheidend f\u00fcr die Einzelhandelsstandorte ist aber deren Sichtbarkeit. Die H\u00e4ndler machen durchaus \u00f6ffentlich von sich reden: Sie organisieren Feste vor Ort und bilden junge Menschen aus. Mehr als 800 Einzelh\u00e4ndler beteiligten sich an der diesj\u00e4hrigen Aktion \u201aHeimat Shoppen\u2018\u201c, hob Ann Katrin Hentschel von der IHK Siegen hervor. Aber auch online gelte es, sichtbarer zu werden. Hier best\u00fcnden noch gro\u00dfe Potenziale. Im Auftrag der IHK Siegen sind in den vergangenen Monaten in allen St\u00e4dten und Gemeinden der Kreise Siegen-Wittgenstein und Olpe Menschen zur Attraktivit\u00e4t der Innenst\u00e4dte befragt worden. \u201eWir werden am Ende dem \u00f6rtlichen Handel und den Kommunalverwaltungen solide Grundlagen und konkrete Handlungsempfehlungen an die Hand geben und auch bei der Umsetzung unterst\u00fctzen\u201c, unterstrich Ann Katrin Hentschel.<\/p>\n<p>Erschwert wird vielen Wittgensteiner Unternehmen die t\u00e4gliche Arbeit durch die Verkehrsverh\u00e4ltnisse. An den einzelnen Abschnitten der Route 57 wird derzeit intensiv geplant. Um \u00fcber die Planungsfortschritte zwischen Kreuztal und Erndtebr\u00fcck kontinuierlich zu informieren, ist unter anderem eigens der Beirat B62\/B508 ins Leben gerufen worden. Einige planerische Schritte m\u00fcssen aufgrund der Verz\u00f6gerungen in der Vergangenheit allerdings neu durchgef\u00fchrt werden. \u201eDas Ziel lautet, bis 2030 Baurecht bei den Ortsumgehungen zu haben und bereits deutlich vorangekommen zu sein\u201c, betonte IHK-Gesch\u00e4ftsf\u00fchrer Hans-Peter Langer. Gro\u00dfe Sorgen bereiten zudem nach wie vor die Probleme mit den Schwertransporten. Gemeinsam mit anderen IHKs und dem Deutschen Industrie- und Handelskammertag (DIHK) dr\u00e4nge die IHK Siegen bei Bundesverkehrsminister Andreas Scheuer auf ein bundesweites Netz verl\u00e4sslicher Schwerlastrouten nach NRW-Vorbild. IHK-Vizepr\u00e4sident Axel E. Barten erinnerte an die jahrelangen Arbeiten f\u00fcr die Schwerlastrouten in NRW: \u201eAuf den Erfahrungen m\u00fcssen die anderen L\u00e4nder aufsetzen, damit nicht wieder so viel Zeit ins Land geht. Den Betrieben l\u00e4uft die Zeit davon!\u201c<\/p>\n","protected":false},"excerpt":{"rendered":"<p>\u201eIch wei\u00df es doch auch nicht\u201c: Es war ein bemerkenswertes Bekenntnis, mit dem Jun.-Prof. Dr. Thomas Ludwig, stellvertretender Leiter des Mittelstand 4.0 Kompetenzzentrums seinen Vortrag&#8230;<\/p>\n","protected":false},"author":2,"featured_media":10895,"comment_status":"open","ping_status":"open","sticky":false,"template":"","format":"standard","meta":{"_jetpack_memberships_contains_paid_content":false,"footnotes":""},"categories":[11],"tags":[],"class_list":["post-10894","post","type-post","status-publish","format-standard","has-post-thumbnail","hentry","category-regionale-wirtschaft"],"jetpack_featured_media_url":"https:\/\/www.vdsm.net\/wronline\/wp-content\/uploads\/2018\/09\/082-18-Wittgensteiner-Unter.jpg","jetpack_sharing_enabled":true,"_links":{"self":[{"href":"https:\/\/www.vdsm.net\/wronline\/wp-json\/wp\/v2\/posts\/10894","targetHints":{"allow":["GET"]}}],"collection":[{"href":"https:\/\/www.vdsm.net\/wronline\/wp-json\/wp\/v2\/posts"}],"about":[{"href":"https:\/\/www.vdsm.net\/wronline\/wp-json\/wp\/v2\/types\/post"}],"author":[{"embeddable":true,"href":"https:\/\/www.vdsm.net\/wronline\/wp-json\/wp\/v2\/users\/2"}],"replies":[{"embeddable":true,"href":"https:\/\/www.vdsm.net\/wronline\/wp-json\/wp\/v2\/comments?post=10894"}],"version-history":[{"count":1,"href":"https:\/\/www.vdsm.net\/wronline\/wp-json\/wp\/v2\/posts\/10894\/revisions"}],"predecessor-version":[{"id":10896,"href":"https:\/\/www.vdsm.net\/wronline\/wp-json\/wp\/v2\/posts\/10894\/revisions\/10896"}],"wp:featuredmedia":[{"embeddable":true,"href":"https:\/\/www.vdsm.net\/wronline\/wp-json\/wp\/v2\/media\/10895"}],"wp:attachment":[{"href":"https:\/\/www.vdsm.net\/wronline\/wp-json\/wp\/v2\/media?parent=10894"}],"wp:term":[{"taxonomy":"category","embeddable":true,"href":"https:\/\/www.vdsm.net\/wronline\/wp-json\/wp\/v2\/categories?post=10894"},{"taxonomy":"post_tag","embeddable":true,"href":"https:\/\/www.vdsm.net\/wronline\/wp-json\/wp\/v2\/tags?post=10894"}],"curies":[{"name":"wp","href":"https:\/\/api.w.org\/{rel}","templated":true}]}}