{"id":10821,"date":"2018-09-17T13:56:43","date_gmt":"2018-09-17T11:56:43","guid":{"rendered":"https:\/\/www.vdsm.net\/wronline\/?p=10821"},"modified":"2018-09-17T13:57:52","modified_gmt":"2018-09-17T11:57:52","slug":"industrieumsaetze-klettern-im-in-und-ausland-weiter","status":"publish","type":"post","link":"https:\/\/www.vdsm.net\/wronline\/industrieumsaetze-klettern-im-in-und-ausland-weiter\/","title":{"rendered":"Industrieums\u00e4tze klettern im In- und Ausland weiter"},"content":{"rendered":"<p>\u201eUnsere Industrieunternehmen sind nach wie vor gut im Tritt. In den ersten sieben Monaten dieses Jahres steigerten sie ihre Ums\u00e4tze im gesamten IHK-Bezirk um satte 7,1 %. Wir liegen damit deutlich \u00fcber dem NRW-Durchschnitt von 4,7 %. Sowohl die Zuw\u00e4chse im Inland von 6,7 % als auch die im Ausland von 7,7 % k\u00f6nnen sich angesichts der weiterhin sehr instabilen au\u00dfenwirtschaftlichen Gesamtlage mehr als sehen lassen.\u201c Mit diesen Worten kommentiert IHK-Pr\u00e4sident Felix G. Hensel die aktuellen Umsatzzahlen der Unternehmen im verarbeitenden Gewerbe mit 50 und mehr Besch\u00e4ftigten. Besonders erfreulich ist aus seiner Sicht auch die Besch\u00e4ftigtenentwicklung. Felix G. Hensel: \u201eEnde Juli waren in der heimischen Industrie alleine in diesen Unternehmen \u00fcber 1000 Besch\u00e4ftigte mehr in Lohn und Brot als im Sommer 2017. Der Zuwachs von knapp 2 % ist mehr als zufriedenstellend.\u201c<\/p>\n<p>In Siegen-Wittgenstein stiegen die Industrieums\u00e4tze um 4,1 %. Im Inland erzielten die Unternehmen ein Plus von 4,7 %, im Ausland betrug die Steigerung 3,5 %. Noch kr\u00e4ftiger steigerten die Unternehmen im Kreis Olpe ihre Leistung. Hier betrug der Umsatzzuwachs 11,9 %. Im Ausland realisierten die Unternehmen ein sattes Plus von 17,1 %, im Inland lag der Zuwachs immerhin bei 9,1 %. IHK-Hauptgesch\u00e4ftsf\u00fchrer Klaus Gr\u00e4bener: \u201eFast alles, was nah am Auto unterwegs ist, brummt nach wie vor. Zahlreiche der wichtigen KFZ-Zulieferer sitzen im Kreis Olpe. Sie haben in den vergangenen Jahren nicht zuletzt durch kluge Internationalisierungsstrategien sowohl Ums\u00e4tze als auch Besch\u00e4ftigtenzahlen im Inland stabilisiert und weiter ausgebaut. Allenfalls fehlende Fachkr\u00e4fte k\u00f6nnten sich hier zum Flaschenhals der weiteren wirtschaftlichen Entwicklung auswachsen.\u201c Dem wiederum versuchten die Firmen durch erhebliche Anstrengungen in ihrer betrieblichen Erstausbildung zu begegnen. Mit Erfolg, wie die hohe Zahl an Ausbildungsvertr\u00e4gen in beiden Kreisen eindrucksvoll unterstreiche.<\/p>\n<p>Die heimischen Unternehmen, die im Bereich der Metallerzeugung und -bearbeitung unterwegs sind, liegen mit den in den ersten sieben Monaten erzielten 1,91 Mrd. \u20ac Umsatz um 5,4 % \u00fcber den Vorjahresergebnissen. Felix G. Hensel: \u201eDies ist durchaus ein Lichtblick, denn in diesen Zahlen spiegeln sich auch die Ums\u00e4tze der heimischen Gie\u00dfereien, die noch immer mit erheblichen strukturellen Verwerfungen auf den M\u00e4rkten zu k\u00e4mpfen haben. Hier scheint es zumindest partiell bei den f\u00fcr den Maschinenbau gefertigten Produkten wieder etwas nach oben zu gehen, obwohl die erzielten Preise weiterhin zu w\u00fcnschen \u00fcbrig lassen.\u201c Die heimischen Maschinenbauunternehmen selbst steigerten ihre Ums\u00e4tze um 13,7 % auf \u00fcber 1,72 Mrd. \u20ac. Die Hersteller von Metallerzeugnissen verzeichneten bis Ende Juli einen Umsatzzuwachs von 7,3 %. Sie erl\u00f6sten in diesem Jahr bereits 2,44 Mrd. \u20ac. \u201eNun sind Ums\u00e4tze keine Ertr\u00e4ge. Und es geht auch nicht allen Firmen gut. Insofern sind die Daten vorsichtig zu interpretieren. Dennoch verdeutlichen die Zuw\u00e4chse, dass unsere Industrieunternehmen in der Breite nach wie vor hervorragend aufgestellt sind. Bleiben einschneidende \u00dcberraschungen aus, d\u00fcrfte 2018 f\u00fcr unser verarbeitendes Gewerbe ein insgesamt sehr gutes Jahr werden\u201c, bilanziert Klaus Gr\u00e4bener die aktuellen Zahlen. \u201eDies darf allerdings nicht dar\u00fcber hinwegt\u00e4uschen, dass vor allem die zahlreichen internationalen Gefahrenherde der stabilen Entwicklung relativ schnell ein j\u00e4hes Ende bereiten k\u00f6nnen. Schlie\u00dflich h\u00e4lt kein Aufschwung ewig. Und wer hoch klettert, kann eben auch tief fallen.\u201c<\/p>\n","protected":false},"excerpt":{"rendered":"<p>\u201eUnsere Industrieunternehmen sind nach wie vor gut im Tritt. In den ersten sieben Monaten dieses Jahres steigerten sie ihre Ums\u00e4tze im gesamten IHK-Bezirk um satte&#8230;<\/p>\n","protected":false},"author":2,"featured_media":10822,"comment_status":"open","ping_status":"open","sticky":false,"template":"","format":"standard","meta":{"_jetpack_memberships_contains_paid_content":false,"footnotes":""},"categories":[1,30,11],"tags":[],"class_list":["post-10821","post","type-post","status-publish","format-standard","has-post-thumbnail","hentry","category-aktuell","category-vermischtes","category-regionale-wirtschaft"],"jetpack_featured_media_url":"https:\/\/www.vdsm.net\/wronline\/wp-content\/uploads\/2018\/09\/079-18-Industrieums\u00e4tze.jpg","jetpack_sharing_enabled":true,"_links":{"self":[{"href":"https:\/\/www.vdsm.net\/wronline\/wp-json\/wp\/v2\/posts\/10821","targetHints":{"allow":["GET"]}}],"collection":[{"href":"https:\/\/www.vdsm.net\/wronline\/wp-json\/wp\/v2\/posts"}],"about":[{"href":"https:\/\/www.vdsm.net\/wronline\/wp-json\/wp\/v2\/types\/post"}],"author":[{"embeddable":true,"href":"https:\/\/www.vdsm.net\/wronline\/wp-json\/wp\/v2\/users\/2"}],"replies":[{"embeddable":true,"href":"https:\/\/www.vdsm.net\/wronline\/wp-json\/wp\/v2\/comments?post=10821"}],"version-history":[{"count":1,"href":"https:\/\/www.vdsm.net\/wronline\/wp-json\/wp\/v2\/posts\/10821\/revisions"}],"predecessor-version":[{"id":10823,"href":"https:\/\/www.vdsm.net\/wronline\/wp-json\/wp\/v2\/posts\/10821\/revisions\/10823"}],"wp:featuredmedia":[{"embeddable":true,"href":"https:\/\/www.vdsm.net\/wronline\/wp-json\/wp\/v2\/media\/10822"}],"wp:attachment":[{"href":"https:\/\/www.vdsm.net\/wronline\/wp-json\/wp\/v2\/media?parent=10821"}],"wp:term":[{"taxonomy":"category","embeddable":true,"href":"https:\/\/www.vdsm.net\/wronline\/wp-json\/wp\/v2\/categories?post=10821"},{"taxonomy":"post_tag","embeddable":true,"href":"https:\/\/www.vdsm.net\/wronline\/wp-json\/wp\/v2\/tags?post=10821"}],"curies":[{"name":"wp","href":"https:\/\/api.w.org\/{rel}","templated":true}]}}