{"id":10791,"date":"2018-09-14T08:32:44","date_gmt":"2018-09-14T06:32:44","guid":{"rendered":"https:\/\/www.vdsm.net\/wronline\/?p=10791"},"modified":"2018-09-14T08:32:44","modified_gmt":"2018-09-14T06:32:44","slug":"infoboerse-zu-fortbildungsmoeglichkeiten","status":"publish","type":"post","link":"https:\/\/www.vdsm.net\/wronline\/infoboerse-zu-fortbildungsmoeglichkeiten\/","title":{"rendered":"Infob\u00f6rse zu Fortbildungsm\u00f6glichkeiten"},"content":{"rendered":"<p>Die Arbeitswelt wird sich in den n\u00e4chsten Jahren rasant ver\u00e4ndern. Grund daf\u00fcr sind fehlende Fachkr\u00e4fte und der technologische Wandel mit Fortschreiten der Digitalisierung. Berufliche (Weiter-)Bildung wird daher an Bedeutung gewinnen und es wird eine gro\u00dfe Herausforderung sein, dieser Entwicklung entgegenzutreten. Das Berufsinformationszentrum (BiZ) der Agentur f\u00fcr Arbeit Siegen in der Emilienstra\u00dfe 45 \u00f6ffnet daher am 20. September 2018 seine T\u00fcren f\u00fcr einen \u201eAktionstag der Fachkr\u00e4fte\u201c. In der Zeit von 09:00 \u2013 16:00 Uhr informieren Bildungseinrichtungen aus der Region \u00fcber ihre Bildungsangebote, vorwiegend aus dem kaufm\u00e4nnischen Bereich. Interessierte haben die M\u00f6glichkeit, Informationsmaterial \u00fcber Bildungsangebote zu erhalten und sich an den einzelnen Infost\u00e4nden von Bildungstr\u00e4gern beraten zu lassen. Die Besucher erwartet eine Vortragsreihe zu Bildungsm\u00f6glichkeiten, wie Weiterbildungen, Qualifizierungen, Umschulungen und Online-Fortbildungen. Weitere Themen wie \u201eArbeitswelt 4.0\u201c oder \u201eLebenslanges Lernen: Ein Anker der Fachkr\u00e4ftesicherung\u201c geh\u00f6ren ebenso zum Programm. Die Informationsb\u00f6rse richtet sich an Fachkr\u00e4fte sowie Arbeitssuchende, die zu Fachkr\u00e4ften ausgebildet werden m\u00f6chten. Alle anderen Interessenten sind ebenso herzlich willkommen. Die Teilnahme an der Veranstaltung ist kostenfrei, eine vorherige Anmeldung ist nicht notwendig.<\/p>\n","protected":false},"excerpt":{"rendered":"<p>Die Arbeitswelt wird sich in den n\u00e4chsten Jahren rasant ver\u00e4ndern. Grund daf\u00fcr sind fehlende Fachkr\u00e4fte und der technologische Wandel mit Fortschreiten der Digitalisierung. Berufliche (Weiter-)Bildung&#8230;<\/p>\n","protected":false},"author":2,"featured_media":2674,"comment_status":"open","ping_status":"open","sticky":false,"template":"","format":"standard","meta":{"_jetpack_memberships_contains_paid_content":false,"footnotes":""},"categories":[16,32,30],"tags":[],"class_list":["post-10791","post","type-post","status-publish","format-standard","has-post-thumbnail","hentry","category-arbeitsmarkt","category-infos","category-vermischtes"],"jetpack_featured_media_url":"https:\/\/www.vdsm.net\/wronline\/wp-content\/uploads\/2015\/08\/wronline-header-arbeitsmarkt.jpg","jetpack_sharing_enabled":true,"_links":{"self":[{"href":"https:\/\/www.vdsm.net\/wronline\/wp-json\/wp\/v2\/posts\/10791","targetHints":{"allow":["GET"]}}],"collection":[{"href":"https:\/\/www.vdsm.net\/wronline\/wp-json\/wp\/v2\/posts"}],"about":[{"href":"https:\/\/www.vdsm.net\/wronline\/wp-json\/wp\/v2\/types\/post"}],"author":[{"embeddable":true,"href":"https:\/\/www.vdsm.net\/wronline\/wp-json\/wp\/v2\/users\/2"}],"replies":[{"embeddable":true,"href":"https:\/\/www.vdsm.net\/wronline\/wp-json\/wp\/v2\/comments?post=10791"}],"version-history":[{"count":1,"href":"https:\/\/www.vdsm.net\/wronline\/wp-json\/wp\/v2\/posts\/10791\/revisions"}],"predecessor-version":[{"id":10792,"href":"https:\/\/www.vdsm.net\/wronline\/wp-json\/wp\/v2\/posts\/10791\/revisions\/10792"}],"wp:featuredmedia":[{"embeddable":true,"href":"https:\/\/www.vdsm.net\/wronline\/wp-json\/wp\/v2\/media\/2674"}],"wp:attachment":[{"href":"https:\/\/www.vdsm.net\/wronline\/wp-json\/wp\/v2\/media?parent=10791"}],"wp:term":[{"taxonomy":"category","embeddable":true,"href":"https:\/\/www.vdsm.net\/wronline\/wp-json\/wp\/v2\/categories?post=10791"},{"taxonomy":"post_tag","embeddable":true,"href":"https:\/\/www.vdsm.net\/wronline\/wp-json\/wp\/v2\/tags?post=10791"}],"curies":[{"name":"wp","href":"https:\/\/api.w.org\/{rel}","templated":true}]}}